{"id":29461,"date":"2022-09-28T11:52:04","date_gmt":"2022-09-28T17:52:04","guid":{"rendered":"https:\/\/eloficiodehistoriar.com.mx\/?p=29461"},"modified":"2022-09-28T11:52:04","modified_gmt":"2022-09-28T17:52:04","slug":"en-biarritz-cine-latinoamericano-con-laurent-cantet-nicolas-philibert-lorenzo-vigas-y-sebastian-lelio","status":"publish","type":"post","link":"https:\/\/eloficiodehistoriar.com.mx\/?p=29461","title":{"rendered":"En Biarritz Cine latinoamericano con Laurent Cantet, Nicol\u00e1s Philibert, Lorenzo Vigas y  Sebasti\u00e1n Lelio"},"content":{"rendered":"<div class=\"series\">31 Festival de Biarritz<\/div>\n<div class=\"cabeza\">Cine latinoamericano en Francia<\/div>\n<div class=\"sumarios\"><\/div>\n<div class=\"credito-articulo\">Leonardo Garc\u00eda Tsao<\/div>\n<div><\/div>\n<div id=\"article-text\" class=\"text\">\n<div class=\"col col1\">\n<div class=\"inicial\">Buenos cambios le han sucedido al Festival de Biarritz, pues desde mayo se nombr\u00f3 delegado general al amigo y colega franc\u00e9s Jean-Christophe Berjon (quien vive en M\u00e9xico, por cierto). Entre otros atractivos, se le encomend\u00f3 al realizador brasile\u00f1o Kleber Mendon\u00e7a Filho la curadur\u00eda de una retrospectiva breve del cine de su pa\u00eds. Tambi\u00e9n habr\u00e1 una conferencia con el escritor cubano Leonardo Padura sobre la novela policiaca. Y las secciones competitivas se antojan especialmente fuertes, con algunos t\u00edtulos que podr\u00e1n verse en el pr\u00f3ximo Festival de Morelia.<\/div>\n<p>En la inauguraci\u00f3n del festival, al que asisto por vez primera, se pudo constatar su capacidad de convocatoria, pues ah\u00ed estaban Laurent Cantet, el documentalista Nicol\u00e1s Philibert y el venezolano Lorenzo Vigas (estos dos \u00faltimos son miembros de diferentes jurados), adem\u00e1s del chileno Sebasti\u00e1n Lelio y el propio Mendon\u00e7a.<\/p>\n<p>La pel\u00edcula inaugural fue la argentina\u00a0<em>El suplente<\/em>, de Diego Lerman, que reci\u00e9n compiti\u00f3 en San Sebasti\u00e1n y obtuvo un inopinado premio de actuaci\u00f3n para la ni\u00f1a Renata Lerman, hija del director. Su tema no es nuevo, pues trata de c\u00f3mo un maestro de literatura (Juan Minuj\u00edn) se enfrenta a un grupo de estudiantes ap\u00e1ticos en una escuela libre de un barrio popular de Buenos Aires. Adem\u00e1s, el hombre enfrenta diversos problemas que trata de resolver con un raro sentido de la responsabilidad. Entre ellos, la precaria salud de su padre (el infalible chileno Alfredo Castro) y la presencia de un\u00a0<em>narco<\/em>\u00a0que vende droga al alumnado.<\/p>\n<p>Lerman no acaba de resolver algunas de sus diversas subtramas y quedan cabos sueltos, pero\u00a0<em>El suplente<\/em>\u00a0tiene convicci\u00f3n narrativa y uno se cree, al final del curso, que los alumnos s\u00ed han sido transformados.<\/p>\n<\/div>\n<div class=\"col col2\">\n<p>Eso fue anoche. Hoy las actividades en la competencia de largometrajes de ficci\u00f3n comenzaron con la proyecci\u00f3n de la argentina\u00a0<em>Punto rojo<\/em>. Cabe anotar que la numerosa asistencia se compon\u00eda en su gran mayor\u00eda de miembros de la tercera edad (demogr\u00e1fica a la que pertenezco, con resignaci\u00f3n). Sumados a grupos de colegiales reclutados. As\u00ed, las toses que se escuchaban no eran necesariamente s\u00edntomas de covid-19, sino de alg\u00fan enfisema.<\/p>\n<p>Ya exhibida en M\u00e9xico en la m\u00e1s reciente edici\u00f3n del festival Macabro,\u00a0<em>Punto rojo<\/em>, de Nic Loreti, es una comedia negra resuelta b\u00e1sicamente con tres personajes armados, un auto (con su cajuela), una caja misteriosa y bastante violencia. Habla bien del director que el asunto se sostiene bien en su conciso metraje, hilado absurdamente por un concurso de radio de trivia sobre el equipo Racing.<\/p>\n<p>Tambi\u00e9n se pudo ver\u00a0<em>Tengo sue\u00f1os el\u00e9ctricos<\/em>, \u00f3pera prima de la costarricense Valentina Maurel, que en el reci\u00e9n concluido Festival de San Sebasti\u00e1n obtuvo el premio de la secci\u00f3n Horizontes latinos y en Locarno se llev\u00f3 premios a los actores y a la directora.<\/p>\n<p>Ciertamente es un debut promisorio sobre el despertar sexual de una adolescente de 16 a\u00f1os llamada Eva (Daniela Mar\u00edn Navarro), quien lleva una conflictiva relaci\u00f3n con su padre (Reinaldo Amien Guti\u00e9rrez), un pobre diablo con arranques de furia que, reci\u00e9n divorciado de su desdibujada esposa, busca un departamento para vivir solo.<\/p>\n<p>Maurel demuestra una notable sensibilidad para captar el sube y baja emocional de su protagonista en sus primeros escarceos amorosos, con toda su fijaci\u00f3n ed\u00edpica y su apego a un gato temperamental.<\/p>\n<p>Twitter:\u00a0<a href=\"https:\/\/twitter.com\/@walyder\" target=\"_blank\" rel=\"noopener\">@walyder<\/a><\/p>\n<\/div>\n<\/div>\n","protected":false},"excerpt":{"rendered":"<p>31 Festival de Biarritz Cine latinoamericano en Francia Leonardo Garc\u00eda Tsao Buenos cambios le han sucedido al Festival de Biarritz, pues desde mayo se nombr\u00f3 delegado general al amigo y colega franc\u00e9s Jean-Christophe Berjon (quien vive en M\u00e9xico, por cierto). Entre otros atractivos, se le encomend\u00f3 al realizador brasile\u00f1o Kleber Mendon\u00e7a Filho la curadur\u00eda de [&hellip;]<\/p>\n","protected":false},"author":249,"featured_media":29462,"comment_status":"open","ping_status":"closed","sticky":false,"template":"","format":"standard","meta":{"footnotes":""},"categories":[26],"tags":[],"class_list":["post-29461","post","type-post","status-publish","format-standard","has-post-thumbnail","hentry","category-mundo"],"_links":{"self":[{"href":"https:\/\/eloficiodehistoriar.com.mx\/index.php?rest_route=\/wp\/v2\/posts\/29461","targetHints":{"allow":["GET"]}}],"collection":[{"href":"https:\/\/eloficiodehistoriar.com.mx\/index.php?rest_route=\/wp\/v2\/posts"}],"about":[{"href":"https:\/\/eloficiodehistoriar.com.mx\/index.php?rest_route=\/wp\/v2\/types\/post"}],"author":[{"embeddable":true,"href":"https:\/\/eloficiodehistoriar.com.mx\/index.php?rest_route=\/wp\/v2\/users\/249"}],"replies":[{"embeddable":true,"href":"https:\/\/eloficiodehistoriar.com.mx\/index.php?rest_route=%2Fwp%2Fv2%2Fcomments&post=29461"}],"version-history":[{"count":1,"href":"https:\/\/eloficiodehistoriar.com.mx\/index.php?rest_route=\/wp\/v2\/posts\/29461\/revisions"}],"predecessor-version":[{"id":29463,"href":"https:\/\/eloficiodehistoriar.com.mx\/index.php?rest_route=\/wp\/v2\/posts\/29461\/revisions\/29463"}],"wp:featuredmedia":[{"embeddable":true,"href":"https:\/\/eloficiodehistoriar.com.mx\/index.php?rest_route=\/wp\/v2\/media\/29462"}],"wp:attachment":[{"href":"https:\/\/eloficiodehistoriar.com.mx\/index.php?rest_route=%2Fwp%2Fv2%2Fmedia&parent=29461"}],"wp:term":[{"taxonomy":"category","embeddable":true,"href":"https:\/\/eloficiodehistoriar.com.mx\/index.php?rest_route=%2Fwp%2Fv2%2Fcategories&post=29461"},{"taxonomy":"post_tag","embeddable":true,"href":"https:\/\/eloficiodehistoriar.com.mx\/index.php?rest_route=%2Fwp%2Fv2%2Ftags&post=29461"}],"curies":[{"name":"wp","href":"https:\/\/api.w.org\/{rel}","templated":true}]}}