{"id":29471,"date":"2022-09-29T18:15:14","date_gmt":"2022-09-30T00:15:14","guid":{"rendered":"https:\/\/eloficiodehistoriar.com.mx\/?p=29471"},"modified":"2022-09-29T18:15:14","modified_gmt":"2022-09-30T00:15:14","slug":"investigacion-y-rehabilitacion-en-ichkabal-y-paamul-ii-tambien-se-desarrolla-restauracion-en-moral-reforma","status":"publish","type":"post","link":"https:\/\/eloficiodehistoriar.com.mx\/?p=29471","title":{"rendered":"Investigaci\u00f3n y rehabilitaci\u00f3n en Ichkabal y Paamul II. tambi\u00e9n se desarrolla restauraci\u00f3n en Moral Reforma"},"content":{"rendered":"<div id=\"main-cont\">\n<article>\n<div id=\"article-cont\" class=\"main-cont article-cont actuality\">\n<div class=\"cabeza\">Anuncia INAH rehabilitaci\u00f3n de las zonas arqueol\u00f3gicas de Ichkabal y Paamul II<\/div>\n<div class=\"sumarios\"><\/div>\n<div id=\"article-text\" class=\"text\">\n<div class=\"col\">\n<div class=\"credito-autor\">Alonso Urrutia y Emir Olivares<\/div>\n<div class=\"credito-titulo\"><\/div>\n<div class=\"hemero\">La Jornada<\/p>\n<\/div>\n<p class=\"s-s\">Como parte de los trabajos asociados al proyecto del Tren Maya que realiza el Instituto Nacional de Antropolog\u00eda e Historia (INAH), su director, Diego Prieto, anunci\u00f3 acciones de investigaci\u00f3n y rehabilitaci\u00f3n en dos zonas arqueol\u00f3gicas en Quintana Roo: Ichkabal y Paamul II. En paralelo, se desarrollar\u00e1n acciones de restauraci\u00f3n en el complejo comercial de Moral Reforma, antigua ciudad maya que tuvo su esplendor en los siglos VII y VIII de nuestra era.<\/p>\n<p>En conferencia, el presidente Andr\u00e9s Manuel L\u00f3pez Obrador celebr\u00f3 que finalmente se finiquitaron todos los litigios contra la obra en el tramo 5:\u00a0<q>Este tramo fue el que nos cost\u00f3. Ya no hay amparos, es decir, se ganaron todos los amparos, no tuvieron raz\u00f3n los seudoambientalistas, porque aqu\u00ed est\u00e1n los intereses de grupos. Ese se\u00f1or que fue (miembro) de la Corte (Jos\u00e9 Ram\u00f3n) Coss\u00edo, Claudio X. Gonz\u00e1lez, todos los que promovieron los amparos<\/q>.<\/p>\n<p>Prieto present\u00f3 los avances del INAH y destac\u00f3 que los 450 arque\u00f3logos y 900 profesionales se abocar\u00e1n ahora a los tramos 4 y 5, principalmente, toda vez que entre el 1 y el 3 ya se acabaron las obras de excavaci\u00f3n. En el cuatro hay avance de 75 por ciento, y en el cinco, solamente de 10 por ciento.<\/p>\n<p>En cuanto a la recuperaci\u00f3n de los materiales, ya se han registrado 26 mil 301 elementos inmuebles, edificaciones, albarradas, pisos, plazuelas y cimentaciones de \u00e1reas residenciales, lo cual da datos muy importantes sobre los sistemas constructivos y urbanos de las antiguas poblaciones mayas.<\/p>\n<p>Adem\u00e1s se han recuperado, entre otros, mil 411 bienes muebles relativamente \u00edntegros, entre ellos metates, objetos de cer\u00e1mica, figuras de piedra, 484 vasijas completas, 450 osamentas y 608 mil 489 fragmentos de cer\u00e1mica.<\/p>\n<p>A pregunta expresa sobre los avances en Campeche, el Presidente estim\u00f3 en 100 mil millones de pesos la inversi\u00f3n asociada al Tren Maya:\u00a0<q>No hay una obra en el mundo como \u00e9sta, o sea, para orgullo de los mexicanos. Respeto mucho a los ciudadanos y al gobierno chino, pero siempre se ponen de ejemplo de las grandes obras, \u00bfno?\u00a0<\/q><\/p>\n<\/div>\n<\/div>\n<div class=\"go gui\">\n<div class=\"go-next\"><\/div>\n<div class=\"go-up\"><\/div>\n<\/div>\n<\/div>\n<div id=\"taboola-below-content-thumbnails\" class=\" trc_related_container trc_spotlight_widget\"><\/div>\n<\/article>\n<\/div>\n<div id=\"interstitialdfpportadas\"><\/div>\n<div class=\"penta\"><\/div>\n<div id=\"footer-data\" class=\"main-footer\">\n<div align=\"center\">\n<div id=\"div-gpt-ad-boxe\"><\/div>\n<\/div>\n<div id=\"footer-banner\">\n<div class=\"top-banner iab leaderboard\">\n<div id=\"Bottom\" data-google-query-id=\"CN_Nluycu_oCFYEnPwodHY0Dqw\">\n<div id=\"google_ads_iframe_\/70932171\/npolitica_bottom_0__container__\"><iframe id=\"google_ads_iframe_\/70932171\/npolitica_bottom_0\" tabindex=\"0\" title=\"3rd party ad content\" role=\"region\" name=\"google_ads_iframe_\/70932171\/npolitica_bottom_0\" width=\"728\" height=\"90\" frameborder=\"0\" marginwidth=\"0\" marginheight=\"0\" scrolling=\"no\" aria-label=\"Advertisement\" data-load-complete=\"true\" data-google-container-id=\"2\" data-mce-fragment=\"1\"><\/iframe><\/div>\n<\/div>\n<\/div>\n<\/div>\n<div class=\"site-links\">\n<div class=\"gui\">\n<p><a href=\"https:\/\/www.jornada.com.mx\/info\/\">\u00bfQui\u00e9nes somos?<\/a>\u00a0|\u00a0<a href=\"https:\/\/www.jornada.com.mx\/contacto_v2\/\">Contacto<\/a>\u00a0|\u00a0<a href=\"https:\/\/libreria.jornada.com.mx\/susSuscripciones.html\">Suscripciones<\/a>\u00a0|\u00a0<a href=\"https:\/\/www.jornada.com.mx\/tarifas\/\">Publicidad<\/a>\u00a0|\u00a0<a href=\"https:\/\/www.jornada.com.mx\/aviso.php\">Aviso legal<\/a>\u00a0|\u00a0<a href=\"https:\/\/www.jornada.com.mx\/avisodeprivacidad\/\">Aviso de privacidad.<\/a>\u00a0|\u00a0<a href=\"https:\/\/www.jornada.com.mx\/codigodeetica\/codigodeetica.pdf\" target=\"_blank\" rel=\"noopener\">C\u00f3digo de \u00c9tica<\/a>\u00a0|\u00a0<a href=\"https:\/\/libreria.jornada.com.mx\/\">Librer\u00eda<\/a>\u00a0|\u00a0<a title=\"Ir al twitter oficial de La Jornada\" href=\"https:\/\/twitter.com\/lajornadaonline\">Siguenos en:\u00a0<img decoding=\"async\" src=\"https:\/\/www.jornada.com.mx\/004\/v7.0\/imagenes\/logo-twitter-practika.png\" alt=\"\" \/><img decoding=\"async\" src=\"https:\/\/www.jornada.com.mx\/004\/v7.0\/imagenes\/logo-twitter.png\" alt=\"twitter\" \/><\/a><\/p>\n<hr \/>\n<p>Peri\u00f3dicos:\u00a0<a href=\"http:\/\/jornadabc.mx\/\">La Jornada Baja California<\/a>\u00a0|\u00a0<a href=\"https:\/\/www.lajornadamaya.mx\/\">La Jornada Maya<\/a>\u00a0|<\/p>\n<p><a href=\"http:\/\/www.lajornadadeoriente.com.mx\/\">La Jornada de Oriente<\/a>\u00a0|\u00a0<a href=\"https:\/\/www.lajornadasanluis.com.mx\/\">La Jornada San Luis<\/a>\u00a0|\u00a0<a href=\"http:\/\/www.jornadaveracruz.com.mx\/\">La Jornada Veracruz<\/a>\u00a0|\u00a0<a href=\"https:\/\/www.ljz.mx\/\">La Jornada Zacatecas<\/a><\/p>\n<p>Medios asociados:\u00a0<a href=\"https:\/\/www.independent.co.uk\/\">The Independent<\/a>\u00a0|\u00a0<a href=\"https:\/\/www.informarn.nl\/\">Radio Nederland<\/a>\u00a0|\u00a0<a href=\"https:\/\/gara.net\/\">Gara<\/a>\u00a0|\u00a0<a href=\"https:\/\/www.pagina12.com.ar\/\">P\u00e1gina\/12<\/a>\u00a0|\u00a0<a href=\"https:\/\/www.cartamaior.com.br\/\">Carta Maior<\/a>\u00a0|\u00a0<a href=\"https:\/\/radiobilingue.org\/\">Radio Biling\u00fce<\/a><\/p>\n<\/div>\n<\/div>\n<\/div>\n","protected":false},"excerpt":{"rendered":"<p>Anuncia INAH rehabilitaci\u00f3n de las zonas arqueol\u00f3gicas de Ichkabal y Paamul II Alonso Urrutia y Emir Olivares La Jornada Como parte de los trabajos asociados al proyecto del Tren Maya que realiza el Instituto Nacional de Antropolog\u00eda e Historia (INAH), su director, Diego Prieto, anunci\u00f3 acciones de investigaci\u00f3n y rehabilitaci\u00f3n en dos zonas arqueol\u00f3gicas en [&hellip;]<\/p>\n","protected":false},"author":249,"featured_media":29472,"comment_status":"open","ping_status":"closed","sticky":false,"template":"","format":"standard","meta":{"footnotes":""},"categories":[26],"tags":[],"class_list":["post-29471","post","type-post","status-publish","format-standard","has-post-thumbnail","hentry","category-mundo"],"_links":{"self":[{"href":"https:\/\/eloficiodehistoriar.com.mx\/index.php?rest_route=\/wp\/v2\/posts\/29471","targetHints":{"allow":["GET"]}}],"collection":[{"href":"https:\/\/eloficiodehistoriar.com.mx\/index.php?rest_route=\/wp\/v2\/posts"}],"about":[{"href":"https:\/\/eloficiodehistoriar.com.mx\/index.php?rest_route=\/wp\/v2\/types\/post"}],"author":[{"embeddable":true,"href":"https:\/\/eloficiodehistoriar.com.mx\/index.php?rest_route=\/wp\/v2\/users\/249"}],"replies":[{"embeddable":true,"href":"https:\/\/eloficiodehistoriar.com.mx\/index.php?rest_route=%2Fwp%2Fv2%2Fcomments&post=29471"}],"version-history":[{"count":1,"href":"https:\/\/eloficiodehistoriar.com.mx\/index.php?rest_route=\/wp\/v2\/posts\/29471\/revisions"}],"predecessor-version":[{"id":29473,"href":"https:\/\/eloficiodehistoriar.com.mx\/index.php?rest_route=\/wp\/v2\/posts\/29471\/revisions\/29473"}],"wp:featuredmedia":[{"embeddable":true,"href":"https:\/\/eloficiodehistoriar.com.mx\/index.php?rest_route=\/wp\/v2\/media\/29472"}],"wp:attachment":[{"href":"https:\/\/eloficiodehistoriar.com.mx\/index.php?rest_route=%2Fwp%2Fv2%2Fmedia&parent=29471"}],"wp:term":[{"taxonomy":"category","embeddable":true,"href":"https:\/\/eloficiodehistoriar.com.mx\/index.php?rest_route=%2Fwp%2Fv2%2Fcategories&post=29471"},{"taxonomy":"post_tag","embeddable":true,"href":"https:\/\/eloficiodehistoriar.com.mx\/index.php?rest_route=%2Fwp%2Fv2%2Ftags&post=29471"}],"curies":[{"name":"wp","href":"https:\/\/api.w.org\/{rel}","templated":true}]}}