{"id":29474,"date":"2022-09-29T18:22:08","date_gmt":"2022-09-30T00:22:08","guid":{"rendered":"https:\/\/eloficiodehistoriar.com.mx\/?p=29474"},"modified":"2022-09-29T18:22:08","modified_gmt":"2022-09-30T00:22:08","slug":"las-calles-nuevamente-se-pintaron-de-verde-y-morado-la-exigencia-fue-unanime-legalizacion-y-recursos","status":"publish","type":"post","link":"https:\/\/eloficiodehistoriar.com.mx\/?p=29474","title":{"rendered":"las calles nuevamente se pintaron de verde y morado: La exigencia fue un\u00e1nime: legalizaci\u00f3n y recursos"},"content":{"rendered":"<div id=\"article-cont\" class=\"main-cont article-cont actuality\">\n<div class=\"cabeza\">Aborto legal y seguro en todo el pa\u00eds, exigen en marcha de CDMX<\/div>\n<div class=\"sumarios\"><\/div>\n<div id=\"article-text\" class=\"text\">\n<div class=\"foto\">\n<div class=\"pie-foto\">La capital del pa\u00eds se visti\u00f3 otra vez de verde y morado, en demanda de recursos para un <q>servicio digno<\/q> en la interrupci\u00f3n del embarazo.<\/div>\n<\/div>\n<div class=\"foto\">\n<div class=\"pie-foto\">Con cantos y bailes, mujeres se manifiestan en la plancha del Z\u00f3calo capitalino.<\/div>\n<div><\/div>\n<\/div>\n<div class=\"col col1\">\n<div class=\"credito-autor\">Carolina G\u00f3mez y N\u00e9stor Jim\u00e9nez<\/div>\n<div class=\"credito-titulo\"><\/div>\n<div class=\"hemero\">La Jornada<\/p>\n<\/div>\n<p class=\"s-s\">Ante el avance parcial en el acceso al aborto legal, las calles de la Ciudad de M\u00e9xico nuevamente se pintaron de verde y morado. La exigencia fue un\u00e1nime: la despenalizaci\u00f3n es insuficiente, se requiere la legalizaci\u00f3n de este derecho en todo el pa\u00eds y con recursos suficientes.<\/p>\n<p>En el 28S (D\u00eda de Acci\u00f3n Global por un Aborto Legal y Seguro), miles de mujeres integrantes de agrupaciones feministas, estudiantes y defensoras de los derechos sexuales y reproductivos precisaron que la despenalizaci\u00f3n no garantiza que el Estado regule y otorgue dicho servicio para que la pr\u00e1ctica sea segura.<\/p>\n<p><q>Que el aborto sea un derecho, que no est\u00e9 penalizado, es s\u00f3lo un primer paso. Por ello seguimos en la exigencia de aborto legal en todo el pa\u00eds. Sin la legalizaci\u00f3n, seguir\u00e1 siendo un problema de salud p\u00fablica e injusticia social<\/q>, indicaron en un documento le\u00eddo durante el mitin realizado en la explanada del Z\u00f3calo capitalino.<\/p>\n<p>Desde diversos puntos, entre ellos la Glorieta de las mujeres que luchan y el Monumento a la Revoluci\u00f3n, los contingentes avanzaron hacia el primer cuadro de la ciudad. All\u00ed precisaron que no despenalizar y legalizar el derecho a decidir es un\u00a0<q>conducta discriminatoria<\/q>\u00a0y una cara m\u00e1s de la\u00a0<q>violencia de g\u00e9nero<\/q>.<\/p>\n<p>En esta ocasi\u00f3n, el protagonismo no lo tuvieron las acciones violentas, sino los cantos, bailes y el mensaje: la urgencia de avanzar en 22 estados donde ni siquiera se ha despenalizado la interrupci\u00f3n del embarazo, pese a que hace un a\u00f1o la Suprema Corte de Justicia de la Naci\u00f3n se pronunci\u00f3 contra su criminalizaci\u00f3n, postura con la que coincidi\u00f3 el Observatorio Ciudadano Nacional del Feminicidio.<\/p>\n<p>Hasta ahora, la interrupci\u00f3n legal del embarazo est\u00e1 despenalizada en la Ciudad de M\u00e9xico, Oaxaca, Hidalgo, Veracruz, Colima, Sinaloa, Coahuila, Guerrero, Baja California y Baja California Sur, record\u00f3 la Comisi\u00f3n Nacional de los Derechos Humanos, la cual alert\u00f3 que si bien en todo el pa\u00eds hay causales que permiten el acceso al aborto legal, en cada estado la legislaci\u00f3n var\u00eda, por lo que se requiere su homologaci\u00f3n.<\/p>\n<\/div>\n<div class=\"col col2\">\n<p>Mujeres polic\u00edas que portaban escudo y casco vigilaron en todo momento el trayecto de la marcha de ayer, lo que evit\u00f3 incidentes mayores. S\u00f3lo hubo algunas pintas y da\u00f1os en un par de sem\u00e1foros y un letrero vial. Como es habitual, un grupo denominado Bloque Negro arremeti\u00f3 contra las vallas colocadas alrededor de Palacio Nacional.<\/p>\n<p>Cuando el mitin hab\u00eda concluido, alrededor de las 18 horas, mientras la mayor\u00eda comenzaba a retirarse, las mujeres embozadas continuaban golpeando las protecciones, que no lograron vencer.<\/p>\n<p>En tanto, en el mensaje expuesto en el Z\u00f3calo por las manifestantes, insistieron en que aunque se ha aprobado la interrupci\u00f3n legal del embarazo en algunos estados, no se cuenta con los recursos necesarios para que este servicio se proporcione de manera digna. En cambio,\u00a0<q>ha sido el sector privado el que ha sido favorecido<\/q>.<\/p>\n<p>Advirtieron que son las mujeres con menos recursos econ\u00f3micos, y aquellas sin acceso a informaci\u00f3n, quienes se encuentran en vulnerabilidad, por lo que refrendaron que el Estado debe asumir\u00a0<q>la responsabilidad de enfrentar esta situaci\u00f3n como una cuesti\u00f3n de salud p\u00fablica, que requiere presupuesto para realizarse sin ning\u00fan impedimento, con procedimientos que permitan garantizar nuestro derecho a decidir, as\u00ed como servicios de salud sexual y reproductiva<\/q>.<\/p>\n<p>De no lograrse este objetivo, la decisi\u00f3n de las mujeres de recurrir a un aborto seguir\u00e1 atravesada por la desigualdad social. Antes de que concluyera el mitin, con un\u00a0<q>pa\u00f1uelazo<\/q>\u00a0colectivo en favor del aborto legal, dejaron en claro que defender\u00e1n la Glorieta de las mujeres que luchan.\u00a0<q>Hay que unirnos por la glorieta; es para sembrar memoria. Exigimos que se quede donde est\u00e1<\/q>.<\/p>\n<\/div>\n<\/div>\n<div class=\"go gui\">\n<div class=\"go-up\"><\/div>\n<\/div>\n<\/div>\n<div id=\"taboola-below-content-thumbnails\" class=\" trc_related_container trc_spotlight_widget tbl-feed-container tbl-feed-frame-DIVIDER  render-late-effect\" data-feed-container-num=\"1\" data-feed-main-container-id=\"taboola-below-content-thumbnails\" data-parent-placement-name=\"Below Content Thumbnails\" data-pub-lang=\"es\">\n<div class=\" tbl-feed-header tbl-logo-right-position\">\n<div class=\"tbl-feed-header-logo\"><\/div>\n<\/div>\n<\/div>\n","protected":false},"excerpt":{"rendered":"<p>Aborto legal y seguro en todo el pa\u00eds, exigen en marcha de CDMX La capital del pa\u00eds se visti\u00f3 otra vez de verde y morado, en demanda de recursos para un servicio digno en la interrupci\u00f3n del embarazo. Con cantos y bailes, mujeres se manifiestan en la plancha del Z\u00f3calo capitalino. Carolina G\u00f3mez y N\u00e9stor [&hellip;]<\/p>\n","protected":false},"author":249,"featured_media":29475,"comment_status":"open","ping_status":"closed","sticky":false,"template":"","format":"standard","meta":{"footnotes":""},"categories":[26],"tags":[],"class_list":["post-29474","post","type-post","status-publish","format-standard","has-post-thumbnail","hentry","category-mundo"],"_links":{"self":[{"href":"https:\/\/eloficiodehistoriar.com.mx\/index.php?rest_route=\/wp\/v2\/posts\/29474","targetHints":{"allow":["GET"]}}],"collection":[{"href":"https:\/\/eloficiodehistoriar.com.mx\/index.php?rest_route=\/wp\/v2\/posts"}],"about":[{"href":"https:\/\/eloficiodehistoriar.com.mx\/index.php?rest_route=\/wp\/v2\/types\/post"}],"author":[{"embeddable":true,"href":"https:\/\/eloficiodehistoriar.com.mx\/index.php?rest_route=\/wp\/v2\/users\/249"}],"replies":[{"embeddable":true,"href":"https:\/\/eloficiodehistoriar.com.mx\/index.php?rest_route=%2Fwp%2Fv2%2Fcomments&post=29474"}],"version-history":[{"count":1,"href":"https:\/\/eloficiodehistoriar.com.mx\/index.php?rest_route=\/wp\/v2\/posts\/29474\/revisions"}],"predecessor-version":[{"id":29476,"href":"https:\/\/eloficiodehistoriar.com.mx\/index.php?rest_route=\/wp\/v2\/posts\/29474\/revisions\/29476"}],"wp:featuredmedia":[{"embeddable":true,"href":"https:\/\/eloficiodehistoriar.com.mx\/index.php?rest_route=\/wp\/v2\/media\/29475"}],"wp:attachment":[{"href":"https:\/\/eloficiodehistoriar.com.mx\/index.php?rest_route=%2Fwp%2Fv2%2Fmedia&parent=29474"}],"wp:term":[{"taxonomy":"category","embeddable":true,"href":"https:\/\/eloficiodehistoriar.com.mx\/index.php?rest_route=%2Fwp%2Fv2%2Fcategories&post=29474"},{"taxonomy":"post_tag","embeddable":true,"href":"https:\/\/eloficiodehistoriar.com.mx\/index.php?rest_route=%2Fwp%2Fv2%2Ftags&post=29474"}],"curies":[{"name":"wp","href":"https:\/\/api.w.org\/{rel}","templated":true}]}}