{"id":29477,"date":"2022-09-29T18:26:35","date_gmt":"2022-09-30T00:26:35","guid":{"rendered":"https:\/\/eloficiodehistoriar.com.mx\/?p=29477"},"modified":"2022-09-29T18:26:35","modified_gmt":"2022-09-30T00:26:35","slug":"un-pais-sin-periodismo-es-una-nacion-a-oscuras-donde-las-personas-no-saben-lo-que-pasa","status":"publish","type":"post","link":"https:\/\/eloficiodehistoriar.com.mx\/?p=29477","title":{"rendered":"Un pa\u00eds sin periodismo es una naci\u00f3n a oscuras, donde las personas no saben lo que pasa"},"content":{"rendered":"<div id=\"article-cont\" class=\"main-cont article-cont actuality\">\n<div class=\"cabeza\"><q>El periodismo siempre va a hacer falta en las sociedades modernas y en las del futuro<\/q><\/div>\n<div class=\"sumarios\">\n<p>Organizan la UNAM y\u00a0<em>La Jornada<\/em>\u00a0mesa de reflexi\u00f3n en torno al futuro del oficio de comunicar<\/p>\n<\/div>\n<div id=\"article-text\" class=\"text\">\n<div class=\"foto\">\n<div class=\"pie-foto\">Hugo Casanova, Blanche Petrich, Aldo Anfossi, Elena Gallegos y Luis Hern\u00e1ndez en la presentaci\u00f3n de la Beca Josetxo Zaldua Lasa, en el Auditorio Mario de la Cueva de Ciudad Universitaria.<\/div>\n<div><\/div>\n<\/div>\n<div class=\"col col1\">\n<div class=\"credito-autor\">M\u00f3nica Mateos-Vega<\/div>\n<div class=\"credito-titulo\"><\/div>\n<div class=\"hemero\">La Jornada<\/p>\n<\/div>\n<p class=\"s-s\">Un pa\u00eds sin periodismo es una naci\u00f3n a oscuras, donde las personas no saben lo que pasa, por eso es una necesidad y hay que reinventarlo, sostuvo Blanche Petrich, reportera de asuntos especiales de\u00a0<em>La Jornada<\/em>, durante un foro de reflexi\u00f3n en el contexto de la Beca Josetxo Zaldua Lasa, programa acad\u00e9mico creado por la Universidad Nacional Aut\u00f3noma de M\u00e9xico (UNAM) en alianza con este diario.<\/p>\n<p>En una mesa de reflexi\u00f3n titulada El nuevo periodismo\u2026 \u00bfhacia d\u00f3nde?, que se realiz\u00f3 ayer en el auditorio Mario de la Cueva de la Torre II de Humanidades, en Ciudad Universitaria, se dieron cita colegas de quien fuera durante 25 a\u00f1os el jefe de edici\u00f3n de\u00a0<em>La Jornada<\/em>, fallecido hace un a\u00f1o.<\/p>\n<p>En recuerdo de la labor que realiz\u00f3 Zaldua se cre\u00f3 la beca por medio de la cual estudiantes destacados de las tres carreras de comunicaci\u00f3n que ofrece la m\u00e1xima casa de estudios podr\u00e1n realizar estancias de pr\u00e1ctica profesional en este peri\u00f3dico.<\/p>\n<p><q>Si el periodismo con el que nos formamos en el siglo XX est\u00e1 caduco, hay que reinventarlo; veo un empuje, excepciones importantes en las nuevas formas de periodismo, en plataformas alternativas. El periodismo siempre va a hacer falta en las sociedades modernas y en las del futuro<\/q>, reiter\u00f3 Petrich al recordar a los colegas corresponsales Javier Valdez y Miroslava Breach, asesinados en Sinaloa y Chihuahua, \u201centidades donde hacen falta las notas diarias de ellos y de tantos reporteros acallados. Su ausencia va extendiendo las zonas de oscuridad, como en Tamaulipas, donde tantos tipos de violencia no se cuentan, no tienen lugar en la prensa, justamente porque no hay libertad de expresi\u00f3n si el riesgo es tan grande.<\/p>\n<p><q>Es muy angustiante la falta de profesionalismo en el oficio<\/q>, continu\u00f3 Blanche,\u00a0<q>ya lo vimos en las conferencias de prensa por la pandemia de Hugo L\u00f3pez-Gatell o incluso en las conferencias ma\u00f1aneras, donde algunos chavos no est\u00e1n buscando informaci\u00f3n, sino protagonismo. La falta de formaci\u00f3n y oficio es patente y muy dram\u00e1tica. Por eso hay que abonar a las luces que fortalecen el buen periodismo<\/q>.<\/p>\n<p>Por eso, coincidi\u00f3 Hugo Casanova Cardiel, director del Instituto de Investigaciones sobre la Universidad y la Educaci\u00f3n de la UNAM, la Beca Josetxo Zaldua Lasa tiene el prop\u00f3sito de formar\u00a0<q>buenos sujetos sociales, profesionales del periodismo, impulsada por dos instituciones de gran relevancia, no s\u00f3lo para la educaci\u00f3n y el periodismo, sino para el pa\u00eds, porque est\u00e1n muy volcadas a la sociedad, una a trav\u00e9s de la educaci\u00f3n superior y otra por la informaci\u00f3n<\/q>.<\/p>\n<\/div>\n<div class=\"col col2\">\n<p>En su turno, la periodista Elena Gallegos se\u00f1al\u00f3 que ante la irrupci\u00f3n de las nuevas formas de compartir informaci\u00f3n, sobre todo por las redes sociales, los periodistas tienen la obligaci\u00f3n de investigar, contrastar e interpretar antes de difundir. \u201cHay reglas que deben seguirse a pie juntillas. La mejor noticia, dijo alguna vez Gabriel Garc\u00eda M\u00e1rquez, no es la que se da primero, sino la que se arma mejor. La pregunta es si, frente a la inmediatez informativa, \u00bfeste sigue siendo un principio inamovible?<\/p>\n<p>\u201cLa disputa por las audiencias es tambi\u00e9n uno de los retos centrales: \u00bfhasta d\u00f3nde el periodista y el medio deben privilegiar los temas que representan m\u00e1s visitas, m\u00e1s comentarios, m\u00e1s seguidores? \u00bfDebe ser ese el criterio que prevalezca en la evaluaci\u00f3n de las informaciones que se publican? \u00bfSe vale ser m\u00e1s laxos en el cumplimiento de las reglas para no quedar fuera del\u00a0<em>top<\/em>\u00a0de las compa\u00f1\u00edas tecnol\u00f3gicas que miden las audiencias con fines de\u00a0<em>marketing<\/em>?\u201d<\/p>\n<p>Algunos comentadores de noticias, continu\u00f3,\u00a0<q>al emitir contenidos informativos no asumen una responsabilidad social ni una posici\u00f3n \u00e9tica, que tiene que ver con el compromiso, la verdad, el rigor en los datos que se divulgan, la b\u00fasqueda de imparcialidad, el respeto al derecho a la privacidad y un largo etc\u00e9tera que constituyen los principios que deber\u00edan regir la tarea period\u00edstica<\/q>.<\/p>\n<p>Aldo Anfossi, corresponsal en Chile de\u00a0<em>La Jornada<\/em>, apunt\u00f3 que m\u00e1s all\u00e1 de cualquier consideraci\u00f3n acerca de qu\u00e9 es el nuevo periodismo hoy,\u00a0<q>es pertinente dejar establecido que el principal m\u00e9rito de un periodista o reportero radica en ce\u00f1irse estrictamente a la verdad de la narraci\u00f3n de los hechos, en ser leal a sus fuentes, en saber contrastarlas y siempre, siempre, verificar los hechos, particularmente cuando no se es testigo de los mismos<\/q>.<\/p>\n<p>En este sentido, Luis Hern\u00e1ndez Navarro, coordinador de Opini\u00f3n de este diario, recalc\u00f3 que Zaldua fue un enamorado del periodismo.\u00a0<q>Un hurac\u00e1n sin filtros al hablar<\/q>, de los que siempre se encuentran abajo, paleando la tierra para que se esclarezcan los hechos,\u00a0<q>pero al mismo tiempo supo ubicarse muy bien en el mundo de las fuerzas en las que un peri\u00f3dico tiene que estar para ver exactamente cu\u00e1nta tierra y qu\u00e9 clase de tierra tiene que salir<\/q>.<\/p>\n<\/div>\n<\/div>\n<div class=\"go gui\">\n<div class=\"go-up\"><\/div>\n<\/div>\n<\/div>\n","protected":false},"excerpt":{"rendered":"<p>El periodismo siempre va a hacer falta en las sociedades modernas y en las del futuro Organizan la UNAM y\u00a0La Jornada\u00a0mesa de reflexi\u00f3n en torno al futuro del oficio de comunicar Hugo Casanova, Blanche Petrich, Aldo Anfossi, Elena Gallegos y Luis Hern\u00e1ndez en la presentaci\u00f3n de la Beca Josetxo Zaldua Lasa, en el Auditorio Mario [&hellip;]<\/p>\n","protected":false},"author":249,"featured_media":29478,"comment_status":"open","ping_status":"closed","sticky":false,"template":"","format":"standard","meta":{"footnotes":""},"categories":[26],"tags":[],"class_list":["post-29477","post","type-post","status-publish","format-standard","has-post-thumbnail","hentry","category-mundo"],"_links":{"self":[{"href":"https:\/\/eloficiodehistoriar.com.mx\/index.php?rest_route=\/wp\/v2\/posts\/29477","targetHints":{"allow":["GET"]}}],"collection":[{"href":"https:\/\/eloficiodehistoriar.com.mx\/index.php?rest_route=\/wp\/v2\/posts"}],"about":[{"href":"https:\/\/eloficiodehistoriar.com.mx\/index.php?rest_route=\/wp\/v2\/types\/post"}],"author":[{"embeddable":true,"href":"https:\/\/eloficiodehistoriar.com.mx\/index.php?rest_route=\/wp\/v2\/users\/249"}],"replies":[{"embeddable":true,"href":"https:\/\/eloficiodehistoriar.com.mx\/index.php?rest_route=%2Fwp%2Fv2%2Fcomments&post=29477"}],"version-history":[{"count":1,"href":"https:\/\/eloficiodehistoriar.com.mx\/index.php?rest_route=\/wp\/v2\/posts\/29477\/revisions"}],"predecessor-version":[{"id":29479,"href":"https:\/\/eloficiodehistoriar.com.mx\/index.php?rest_route=\/wp\/v2\/posts\/29477\/revisions\/29479"}],"wp:featuredmedia":[{"embeddable":true,"href":"https:\/\/eloficiodehistoriar.com.mx\/index.php?rest_route=\/wp\/v2\/media\/29478"}],"wp:attachment":[{"href":"https:\/\/eloficiodehistoriar.com.mx\/index.php?rest_route=%2Fwp%2Fv2%2Fmedia&parent=29477"}],"wp:term":[{"taxonomy":"category","embeddable":true,"href":"https:\/\/eloficiodehistoriar.com.mx\/index.php?rest_route=%2Fwp%2Fv2%2Fcategories&post=29477"},{"taxonomy":"post_tag","embeddable":true,"href":"https:\/\/eloficiodehistoriar.com.mx\/index.php?rest_route=%2Fwp%2Fv2%2Ftags&post=29477"}],"curies":[{"name":"wp","href":"https:\/\/api.w.org\/{rel}","templated":true}]}}