{"id":29480,"date":"2022-09-29T18:32:07","date_gmt":"2022-09-30T00:32:07","guid":{"rendered":"https:\/\/eloficiodehistoriar.com.mx\/?p=29480"},"modified":"2022-09-29T18:32:07","modified_gmt":"2022-09-30T00:32:07","slug":"lo-que-queda-de-nosotros-desde-el-teatro-una-apuesta-entranable-y-esperanzadora-de-la-vida","status":"publish","type":"post","link":"https:\/\/eloficiodehistoriar.com.mx\/?p=29480","title":{"rendered":"\u00abLo que queda de nosotros\u00bb\u00a0desde el teatro una apuesta entra\u00f1able y esperanzadora de la vida."},"content":{"rendered":"<div id=\"article-cont\" class=\"main-cont article-cont actuality\">\n<div class=\"cabeza\">Reflexionan sobre\u00a0<em>Lo que queda de nosotros<\/em>\u00a0tras la pandemia<\/div>\n<div class=\"sumarios\"><\/div>\n<div id=\"article-text\" class=\"text\">\n<div class=\"col\">\n<div class=\"credito-autor\">\u00c1ngel Vargas<\/div>\n<div class=\"credito-titulo\"><\/div>\n<div class=\"hemero\">La Jornada l<em>o que queda de nosotros\u00a0<\/em>es una obra que desde la trinchera del teatro apuesta por una visi\u00f3n entra\u00f1able y esperanzadora de la vida.<\/div>\n<p>Seg\u00fan su director esc\u00e9nico, Said Sandoval, cultivar la esperanza es un aspecto aun m\u00e1s imperativo ahora para la humanidad frente a los estragos individuales y sociales causados por la pandemia de covid-19.<\/p>\n<p>\u201cLa p\u00e9rdida es uno de los temas medulares de esta obra. Me parec\u00eda muy importante remontar a partir de \u00e9sta la idea de que el arte puede ser de utilidad y tiene la posibilidad de incidir en la sociedad.<\/p>\n<p><q>Sin embargo, esta necesidad en la sociedad no siempre es real<\/q>. O sea, hay otros asuntos primarios que\u00a0<q>deben satisfacerse: vivienda, alimentaci\u00f3n, vestimenta. En el caso de este montaje, creo que s\u00ed repercute sobre necesidades intr\u00ednsecas del ser humano, como la reflexi\u00f3n sobre lo que tiene que ver con la p\u00e9rdida. En la pandemia todos perdimos algo: amigos, familia, estabilidad emocional y econ\u00f3mica, la capacidad de salir, de socializar, la libertad en general.<\/q><\/p>\n<p>Escrita por Sara Pinet y Alejandro Rica\u00f1o,\u00a0<em>Lo que queda de nosotros\u00a0<\/em>realizar\u00e1 temporada a partir del 2 de octubre y hasta el 27 de noviembre en la Sala A de La Teatrer\u00eda (Tabasco 153, colonia Roma norte), los domingos a las 12:30 horas.<\/p>\n<p>Es un montaje interdisciplinario dirigido a toda la familia, aunque con \u00e9nfasis en los adolescentes y j\u00f3venes, que se vale del teatro de sombras, la m\u00fasica en vivo y una interpretaci\u00f3n l\u00fadica.<\/p>\n<p>A partir de elementos nost\u00e1lgicos y di\u00e1logos divertidos,\u00a0<q>se busca guiar al espectador por un agradable momento de risas y reflexi\u00f3n sobre el amor, la lealtad, la amistad, la incondicionalidad, pero tambi\u00e9n por el dolor y el car\u00e1cter ef\u00edmero de la vida<\/q>.<\/p>\n<p>Relata la historia de una joven en duelo por la muerte de sus padres, quien decide no mostrar afecto como mecanismo de defensa, al no estar dispuesta a perder a alguien m\u00e1s; por eso abandona a su perro.<\/p>\n<p>Desde la inocencia, la simp\u00e1tica mascota cuenta la vida\u00a0<q>como nadie m\u00e1s podr\u00eda hacerlo. Las ganas de volver a su hogar har\u00e1n que supere todos los obst\u00e1culos, pero en su andar mostrar\u00e1 la triste realidad en la que viven m\u00e1s de 500 mil perros y gatos que son abandonados al a\u00f1o en M\u00e9xico, seg\u00fan datos de la Asociaci\u00f3n Mexicana de M\u00e9dicos Veterinarios Especialistas en Peque\u00f1as Especies<\/q>.<\/p>\n<p>En entrevista, el director esc\u00e9nico resalta que la obra busca evidenciar dos aspectos que considera significativos y bellos para la vida humana.\u00a0<q>Uno, es la responsabilidad sobre nuestras acciones en el d\u00eda a d\u00eda y c\u00f3mo cada persona es el creador de su camino; otro, que siempre las cosas, por peor que est\u00e9n, existe tambi\u00e9n la oportunidad de darle una vuelta a esa mirada para solucionar las problem\u00e1ticas, no s\u00f3lo en t\u00e9rminos individuales, sino para nuestro entorno como entes sociales<\/q>.<\/p>\n<p>Ni la obra ni el montaje, aunque contienen muchos mensajes, pretenden ser aleccionadores ni decir al espectador c\u00f3mo proceder, aclara Said Sandoval:\u00a0<q>Es una obra muy divertida en la que el p\u00fablico la pasa muy bien, r\u00ede mucho y tiene momentos conmovedores. Algo fundamental para m\u00ed es que el p\u00fablico pueda irse con un peque\u00f1o abrazo al coraz\u00f3n. Creo que todos los necesitamos, en especial los adolescentes y los j\u00f3venes<\/q>.<\/p>\n<\/div>\n<\/div>\n<div class=\"go gui\">\n<div class=\"go-up\"><\/div>\n<\/div>\n<\/div>\n","protected":false},"excerpt":{"rendered":"<p>Reflexionan sobre\u00a0Lo que queda de nosotros\u00a0tras la pandemia \u00c1ngel Vargas La Jornada lo que queda de nosotros\u00a0es una obra que desde la trinchera del teatro apuesta por una visi\u00f3n entra\u00f1able y esperanzadora de la vida. Seg\u00fan su director esc\u00e9nico, Said Sandoval, cultivar la esperanza es un aspecto aun m\u00e1s imperativo ahora para la humanidad frente [&hellip;]<\/p>\n","protected":false},"author":249,"featured_media":29234,"comment_status":"open","ping_status":"closed","sticky":false,"template":"","format":"standard","meta":{"footnotes":""},"categories":[26],"tags":[],"class_list":["post-29480","post","type-post","status-publish","format-standard","has-post-thumbnail","hentry","category-mundo"],"_links":{"self":[{"href":"https:\/\/eloficiodehistoriar.com.mx\/index.php?rest_route=\/wp\/v2\/posts\/29480","targetHints":{"allow":["GET"]}}],"collection":[{"href":"https:\/\/eloficiodehistoriar.com.mx\/index.php?rest_route=\/wp\/v2\/posts"}],"about":[{"href":"https:\/\/eloficiodehistoriar.com.mx\/index.php?rest_route=\/wp\/v2\/types\/post"}],"author":[{"embeddable":true,"href":"https:\/\/eloficiodehistoriar.com.mx\/index.php?rest_route=\/wp\/v2\/users\/249"}],"replies":[{"embeddable":true,"href":"https:\/\/eloficiodehistoriar.com.mx\/index.php?rest_route=%2Fwp%2Fv2%2Fcomments&post=29480"}],"version-history":[{"count":1,"href":"https:\/\/eloficiodehistoriar.com.mx\/index.php?rest_route=\/wp\/v2\/posts\/29480\/revisions"}],"predecessor-version":[{"id":29481,"href":"https:\/\/eloficiodehistoriar.com.mx\/index.php?rest_route=\/wp\/v2\/posts\/29480\/revisions\/29481"}],"wp:featuredmedia":[{"embeddable":true,"href":"https:\/\/eloficiodehistoriar.com.mx\/index.php?rest_route=\/wp\/v2\/media\/29234"}],"wp:attachment":[{"href":"https:\/\/eloficiodehistoriar.com.mx\/index.php?rest_route=%2Fwp%2Fv2%2Fmedia&parent=29480"}],"wp:term":[{"taxonomy":"category","embeddable":true,"href":"https:\/\/eloficiodehistoriar.com.mx\/index.php?rest_route=%2Fwp%2Fv2%2Fcategories&post=29480"},{"taxonomy":"post_tag","embeddable":true,"href":"https:\/\/eloficiodehistoriar.com.mx\/index.php?rest_route=%2Fwp%2Fv2%2Ftags&post=29480"}],"curies":[{"name":"wp","href":"https:\/\/api.w.org\/{rel}","templated":true}]}}