{"id":29482,"date":"2022-09-29T18:39:41","date_gmt":"2022-09-30T00:39:41","guid":{"rendered":"https:\/\/eloficiodehistoriar.com.mx\/?p=29482"},"modified":"2022-09-29T18:39:41","modified_gmt":"2022-09-30T00:39:41","slug":"encuentran-venado-en-patio-de-una-vivienda","status":"publish","type":"post","link":"https:\/\/eloficiodehistoriar.com.mx\/?p=29482","title":{"rendered":"Encuentran venado en patio de una vivienda"},"content":{"rendered":"<div>\n<h1 class=\"title\">Xalapa bella!<\/h1>\n<h1 class=\"title\">Encuentran venado en patio de una vivienda<\/h1>\n<\/div>\n<h3 class=\"subtitle\">El venado ser\u00eda reportado y entregado a la Profepa, sin embargo, de repente lleg\u00f3 un hombre en una camioneta que se identific\u00f3 como su due\u00f1o<\/h3>\n<div class=\"lead-gallery \">\n<div class=\"teaser  owl-carousel owl-theme\">\n<div class=\"owl-wrapper-outer\">\n<div class=\"owl-wrapper\">\n<div class=\"owl-item\">\n<div class=\"img-container picture\">\n<div id=\"standard_1\" class=\"st-placement standard_1 inImage\">\n<div class=\"st-adunit st-adunit-tagged st-reset st-show\">\n<div class=\"st-adunit-ad st-reset\">\n<div class=\"st-display-render st-reset\">\n<div class=\"st-reset\">\n<div class=\"important-styled st-canvas-container open LeaderboardModule display-standard fssquz2\">\n<div class=\"important-styled st-canvas-el fhxwyqa\">\n<div class=\"important-styled st-canvas-container undefined fssquz2\">\n<div class=\"important-styled st-canvas-el f13recig\">\n<div class=\"important-styled st-canvas-container undefined fssquz2\">\n<div class=\"important-styled st-canvas-el fhxwyqa\">\n<div class=\"important-styled f1u5e9na\">\n<div class=\"important-styled display-render-wrapper f1u5e9na\">El venado deambulaba por la zona de la colonia Lagunilla de Xalapa<\/div>\n<\/div>\n<\/div>\n<\/div>\n<\/div>\n<\/div>\n<\/div>\n<\/div>\n<\/div>\n<\/div>\n<\/div>\n<\/div>\n<\/div>\n<\/div>\n<\/div>\n<\/div>\n<\/div>\n<\/div>\n<\/div>\n<div id=\"affix-share\" class=\"sharing-menu no-affix\">\n<ul>\n<li>Miguel Salazar<\/li>\n<li>Diario de Xalapa<\/li>\n<\/ul>\n<\/div>\n<div class=\"content-body clearfix \">\n<div id=\"content-body-225-8960283\">\n<p>Un venado que deambulaba por la\u00a0<b>zona de la colonia Lagunilla<\/b>, de esta capital, fue capturado por elementos de la\u00a0<b>Polic\u00eda Municipal y entregado a su propietario.<\/b><\/p>\n<p>De acuerdo con testigos, el animal fue descubierto esta ma\u00f1ana en el patio de una casa y reportado a la polic\u00eda a trav\u00e9s de la l\u00ednea de emergencias 911.<\/p>\n<\/div>\n<\/div>\n<div class=\"advertisment \"><\/div>\n<article class=\"content-continued-body clearfix \">\n<div id=\"content-body-5851641-8960283\">\n<ul>\n<li><\/li>\n<\/ul>\n<p>Preventivos llegaron para tomar conocimiento y coordinarse para atrapar al venado.<\/p>\n<p>Adem\u00e1s, llegaron elementos de\u00a0<b>Protecci\u00f3n Civil municipal<\/b>\u00a0para apoyar en las maniobras y evitar que el ciervo se espantara y huyera.<\/p>\n<h2>\u00bfQu\u00e9 ocurri\u00f3 con el venado?<\/h2>\n<p>El animal ser\u00eda reportado y entregado a la\u00a0<b>Profepa<\/b>, sin embargo, de repente lleg\u00f3 un hombre en una camioneta que se identific\u00f3 como su due\u00f1o, adem\u00e1s de que lo comprob\u00f3 con documentos oficiales, de acuerdo con lo informado.<\/p>\n<p>Los preventivos sometieron al venado, lo amarraron y lo subieron a la camioneta de su propietario para que se lo llevara a un rancho cercano, de acuerdo con lo informado.<\/p>\n<p>Seg\u00fan vecinos, desde un d\u00eda antes el ciervo hab\u00eda sido visto incluso en la\u00a0<b>zona del predio Del Moral.<\/b><\/p>\n<p>Adem\u00e1s, dijeron que no intentaron molestarlo tras imaginar que se trataba de un animal que viv\u00eda en libertad entre el \u00e1rea verde de esa zona.<\/p>\n<ul>\n<li><\/li>\n<\/ul>\n<div class=\"policiaca\nmedia \"><\/p>\n<div class=\"teaser \">\n<div class=\"img-container picture\">\n<div class=\"picture-caption\n\"><\/p>\n<h4>Los preventivos sometieron al venado, lo amarraron y lo subieron a la camioneta de su propietario para que se lo llevara a un rancho cercano | Foto: Cortes\u00eda | Dar\u00edo Moreno<\/h4>\n<\/div>\n<\/div>\n<\/div>\n<\/div>\n<p>La presencia del venado caus\u00f3 asombro entre habitantes, quienes dijeron que nunca antes hab\u00edan visto uno de manera presencial y que mucho menos imaginaron encontrar uno en Xalapa.<\/p>\n<\/div>\n<\/article>\n","protected":false},"excerpt":{"rendered":"<p>Xalapa bella! Encuentran venado en patio de una vivienda El venado ser\u00eda reportado y entregado a la Profepa, sin embargo, de repente lleg\u00f3 un hombre en una camioneta que se identific\u00f3 como su due\u00f1o El venado deambulaba por la zona de la colonia Lagunilla de Xalapa Miguel Salazar Diario de Xalapa Un venado que deambulaba [&hellip;]<\/p>\n","protected":false},"author":249,"featured_media":29483,"comment_status":"open","ping_status":"closed","sticky":false,"template":"","format":"standard","meta":{"footnotes":""},"categories":[26],"tags":[],"class_list":["post-29482","post","type-post","status-publish","format-standard","has-post-thumbnail","hentry","category-mundo"],"_links":{"self":[{"href":"https:\/\/eloficiodehistoriar.com.mx\/index.php?rest_route=\/wp\/v2\/posts\/29482","targetHints":{"allow":["GET"]}}],"collection":[{"href":"https:\/\/eloficiodehistoriar.com.mx\/index.php?rest_route=\/wp\/v2\/posts"}],"about":[{"href":"https:\/\/eloficiodehistoriar.com.mx\/index.php?rest_route=\/wp\/v2\/types\/post"}],"author":[{"embeddable":true,"href":"https:\/\/eloficiodehistoriar.com.mx\/index.php?rest_route=\/wp\/v2\/users\/249"}],"replies":[{"embeddable":true,"href":"https:\/\/eloficiodehistoriar.com.mx\/index.php?rest_route=%2Fwp%2Fv2%2Fcomments&post=29482"}],"version-history":[{"count":1,"href":"https:\/\/eloficiodehistoriar.com.mx\/index.php?rest_route=\/wp\/v2\/posts\/29482\/revisions"}],"predecessor-version":[{"id":29484,"href":"https:\/\/eloficiodehistoriar.com.mx\/index.php?rest_route=\/wp\/v2\/posts\/29482\/revisions\/29484"}],"wp:featuredmedia":[{"embeddable":true,"href":"https:\/\/eloficiodehistoriar.com.mx\/index.php?rest_route=\/wp\/v2\/media\/29483"}],"wp:attachment":[{"href":"https:\/\/eloficiodehistoriar.com.mx\/index.php?rest_route=%2Fwp%2Fv2%2Fmedia&parent=29482"}],"wp:term":[{"taxonomy":"category","embeddable":true,"href":"https:\/\/eloficiodehistoriar.com.mx\/index.php?rest_route=%2Fwp%2Fv2%2Fcategories&post=29482"},{"taxonomy":"post_tag","embeddable":true,"href":"https:\/\/eloficiodehistoriar.com.mx\/index.php?rest_route=%2Fwp%2Fv2%2Ftags&post=29482"}],"curies":[{"name":"wp","href":"https:\/\/api.w.org\/{rel}","templated":true}]}}