{"id":29499,"date":"2022-10-01T17:25:19","date_gmt":"2022-10-01T23:25:19","guid":{"rendered":"https:\/\/eloficiodehistoriar.com.mx\/?p=29499"},"modified":"2022-10-01T17:25:19","modified_gmt":"2022-10-01T23:25:19","slug":"gunter-wallraff-cumple-80-anos-no-es-un-merito-volverse-tan-viejo-no-me-gusta-mucho-que-me-agasajen-obrero-inmigrante-repartidor-de-paquetes-indigente-panadero-y-empleado-de-call-cent","status":"publish","type":"post","link":"https:\/\/eloficiodehistoriar.com.mx\/?p=29499","title":{"rendered":"G\u00fcnter Wallraff, cumple 80 a\u00f1os. \u00abNo es un m\u00e9rito volverse tan viejo, no me gusta mucho que me agasajen\u00bb  Obrero, inmigrante, repartidor de paquetes, indigente, panadero y empleado de\u00a0call center:\u00a0cuando G\u00fcnter Wallraff informa sobre la vida cotidiana de los que menos tienen, generalmente \u00e9l ya la vivi\u00f3"},"content":{"rendered":"<div class=\"cabeza\">El periodista G\u00fcnter Wallraff cumple hoy 80 a\u00f1os;\u00a0<q>no es m\u00e9rito hacerse viejo<\/q><\/div>\n<div class=\"sumarios\"><\/div>\n<div id=\"article-text\" class=\"text tbl-forkorts-article\">\n<div class=\"foto\">\n<div class=\"pie-foto\">El autor de <em>Cabeza de turco\u00a0<\/em>captado durante una conferencia en 2008 en Bellas Artes, Ciudad de M\u00e9xico.<\/div>\n<div><\/div>\n<\/div>\n<div class=\"col\">\n<div class=\"credito-autor\">Dpa<\/div>\n<div class=\"credito-titulo\"><\/div>\n<div class=\"hemero\">La Jornada<\/p>\n<\/div>\n<p class=\"s-s\">Colonia.<\/p>\n<p class=\"s-s\">El camino hacia el periodista de investigaci\u00f3n alem\u00e1n m\u00e1s reconocido lleva a una calle estrecha y silenciosa, luego por un pasillo fr\u00edo hasta un patio, donde hay una caseta de jard\u00edn en cuyo interior est\u00e1 sentado G\u00fcnter Wallraff.<\/p>\n<p>Este s\u00e1bado cumple 80 a\u00f1os. Pero no es un tema que le importe.\u00a0<q>No es un m\u00e9rito volverse tan viejo<\/q>, dijo.\u00a0<q>Y no me gusta mucho que me agasajen<\/q>.<\/p>\n<p>Obrero, inmigrante, repartidor de paquetes, indigente, panadero y empleado de\u00a0<em>call center:<\/em>\u00a0cuando G\u00fcnter Wallraff informa sobre la vida cotidiana de los que menos tienen, generalmente \u00e9l ya la vivi\u00f3.<\/p>\n<p>Con identidad falsa, se infiltra en un ambiente, experimenta la explotaci\u00f3n en su cuerpo, para luego poder contarla y denunciarla.<\/p>\n<p>Desde 2012, revela para la cadena RTL con\u00a0<em>Team Wallraff<\/em>\u00a0condiciones de trabajo dudosas. Entre otras cosas, investiga los cuidados asistenciales, la log\u00edstica y la hosteler\u00eda.<\/p>\n<p>En la parte trasera de su estudio, hay una estanter\u00eda con ediciones de su t\u00edtulo m\u00e1s exitoso,\u00a0<em>Cabeza de turco,<\/em>\u00a0traducido a 38 idiomas y con m\u00e1s de 5 millones de copias vendidas en alem\u00e1n desde su publicaci\u00f3n en 1985.<\/p>\n<p>Este t\u00edtulo fue publicado en espa\u00f1ol por la editorial Anagrama, que tambi\u00e9n tradujo a nuestro idioma\u00a0<em>El periodista indeseable<\/em>\u00a0y\u00a0<em>Con los perdedores del mejor de los mundos.<\/em><\/p>\n<p>En la casa en Colonia-Ehrenfeld, en la que vive ahora, estuvo en su momento el negocio de su padre. All\u00ed se fabricaban pianos.<\/p>\n<p>Transform\u00f3 una antigua casa de carruajes lindera en un centro cultural con espacios para exponer su colecci\u00f3n de piedras y esculturas.<\/p>\n<p>En el edificio delantero, construy\u00f3 viviendas. Muchos necesitados y perseguidos se alojaron all\u00ed, como el cantautor Wolf Biermann tras ser expulsado de la ex Rep\u00fablica Democr\u00e1tica Alemana, y el indigente Richard Brox, cuya biograf\u00eda se convirti\u00f3 luego en\u00a0<em>bestseller.<\/em><\/p>\n<p>El m\u00e1s famoso de los que vivieron all\u00ed fue el escritor Salman Rushdie, que tras la\u00a0<em>fatwa\u00a0<\/em>emitida por el ayatola iran\u00ed Jomeini temi\u00f3 por su vida. Eso fue en 1993.<\/p>\n<p>Wallraff a\u00fan recuerda la \u00e9poca con Rushdie. El autor de\u00a0<em>Los versos sat\u00e1nicos\u00a0<\/em>primero viv\u00eda en la caseta del jard\u00edn, pero all\u00ed no pod\u00eda dormir porque sus guardaespaldas hac\u00edan mucho ruido con los intercomunicadores.\u00a0<q>As\u00ed que lo trasladamos arriba. Ah\u00ed estaba m\u00e1s tranquilo<\/q>.<\/p>\n<p>Asegura que de noche ve pasar su vida delante de sus ojos.\u00a0<q>Desde hace meses que me pasa que puedo dormir m\u00e1ximo cuatro horas. De noche, cuando estoy despierto, veo toda mi vida en c\u00e1mara r\u00e1pida. Reviso todo lo posible, todo lo que est\u00e1 sin resolver. Las omisiones, mi propio fracaso, tambi\u00e9n algunas cosas positivas.<\/q><\/p>\n<p>Junto a la cama tiene un cuaderno en el que anota todo, incluidas las pesadillas,\u00a0<q>quiz\u00e1s algo que pueda usar para mi autobiograf\u00eda<\/q>. Cree que esas cavilaciones nocturnas tambi\u00e9n tienen que ver con el oscurecimiento de la situaci\u00f3n mundial. Hace unos meses tuvo una crisis y pens\u00f3 que mor\u00eda.<\/p>\n<p>\u00bfY qu\u00e9 har\u00e1 para su cumplea\u00f1os? Cuando cumpli\u00f3 50 lo celebr\u00f3 en 1992 con vietnamitas en Rostock, poco despu\u00e9s de los ataques xen\u00f3fobos, pero sin decir que era su aniversario. Para sus 60 viaj\u00f3 a Afganist\u00e1n con el fin de financiar una escuela para ni\u00f1as. Ahora, a sus 80, har\u00e1\u00a0<q>algo con sentido, nada espectacular, con personas queridas que en la sociedad est\u00e1n bien abajo<\/q>. T\u00edpico de Wallraff.<\/p>\n<\/div>\n<\/div>\n","protected":false},"excerpt":{"rendered":"<p>El periodista G\u00fcnter Wallraff cumple hoy 80 a\u00f1os;\u00a0no es m\u00e9rito hacerse viejo El autor de Cabeza de turco\u00a0captado durante una conferencia en 2008 en Bellas Artes, Ciudad de M\u00e9xico. Dpa La Jornada Colonia. El camino hacia el periodista de investigaci\u00f3n alem\u00e1n m\u00e1s reconocido lleva a una calle estrecha y silenciosa, luego por un pasillo fr\u00edo [&hellip;]<\/p>\n","protected":false},"author":249,"featured_media":29500,"comment_status":"open","ping_status":"closed","sticky":false,"template":"","format":"standard","meta":{"footnotes":""},"categories":[26],"tags":[],"class_list":["post-29499","post","type-post","status-publish","format-standard","has-post-thumbnail","hentry","category-mundo"],"_links":{"self":[{"href":"https:\/\/eloficiodehistoriar.com.mx\/index.php?rest_route=\/wp\/v2\/posts\/29499","targetHints":{"allow":["GET"]}}],"collection":[{"href":"https:\/\/eloficiodehistoriar.com.mx\/index.php?rest_route=\/wp\/v2\/posts"}],"about":[{"href":"https:\/\/eloficiodehistoriar.com.mx\/index.php?rest_route=\/wp\/v2\/types\/post"}],"author":[{"embeddable":true,"href":"https:\/\/eloficiodehistoriar.com.mx\/index.php?rest_route=\/wp\/v2\/users\/249"}],"replies":[{"embeddable":true,"href":"https:\/\/eloficiodehistoriar.com.mx\/index.php?rest_route=%2Fwp%2Fv2%2Fcomments&post=29499"}],"version-history":[{"count":1,"href":"https:\/\/eloficiodehistoriar.com.mx\/index.php?rest_route=\/wp\/v2\/posts\/29499\/revisions"}],"predecessor-version":[{"id":29501,"href":"https:\/\/eloficiodehistoriar.com.mx\/index.php?rest_route=\/wp\/v2\/posts\/29499\/revisions\/29501"}],"wp:featuredmedia":[{"embeddable":true,"href":"https:\/\/eloficiodehistoriar.com.mx\/index.php?rest_route=\/wp\/v2\/media\/29500"}],"wp:attachment":[{"href":"https:\/\/eloficiodehistoriar.com.mx\/index.php?rest_route=%2Fwp%2Fv2%2Fmedia&parent=29499"}],"wp:term":[{"taxonomy":"category","embeddable":true,"href":"https:\/\/eloficiodehistoriar.com.mx\/index.php?rest_route=%2Fwp%2Fv2%2Fcategories&post=29499"},{"taxonomy":"post_tag","embeddable":true,"href":"https:\/\/eloficiodehistoriar.com.mx\/index.php?rest_route=%2Fwp%2Fv2%2Ftags&post=29499"}],"curies":[{"name":"wp","href":"https:\/\/api.w.org\/{rel}","templated":true}]}}