{"id":29502,"date":"2022-10-01T17:34:30","date_gmt":"2022-10-01T23:34:30","guid":{"rendered":"https:\/\/eloficiodehistoriar.com.mx\/?p=29502"},"modified":"2022-10-01T17:34:30","modified_gmt":"2022-10-01T23:34:30","slug":"tanto-troker-como-los-dorados-pasaron-de-experimentar-con-rock-a-dedicarse-al-jazz","status":"publish","type":"post","link":"https:\/\/eloficiodehistoriar.com.mx\/?p=29502","title":{"rendered":"Tanto \u00abTroker\u00bb como \u00abLos Dorados\u00bb pasaron de experimentar con rock a dedicarse al jazz"},"content":{"rendered":"<div id=\"article-cont\" class=\"main-cont article-cont actuality\">\n<div class=\"cabeza\"><q>Toc\u00e1bamos jazz en lugares de rock porque no hab\u00eda d\u00f3nde meternos<\/q><\/div>\n<div class=\"sumarios\">\n<p>Las bandas Troker y Los Dorados se presentar\u00e1n en el Lunario del Auditorio<\/p>\n<\/div>\n<div id=\"article-text\" class=\"text\">\n<div class=\"foto\">\n<div class=\"pie-foto\">Los Dorados y Troker comparten la aventura de hacer m\u00fasica distinta y priorizar los sonidos instrumentales sobre la voz.<\/div>\n<div><\/div>\n<div class=\"pie-foto\">Juan Ibarra<\/div>\n<\/div>\n<div class=\"col col1\">\n<div class=\"credito-titulo\"><\/div>\n<div class=\"hemero\">La Jornada<\/p>\n<\/div>\n<p class=\"s-s\">Tanto Troker como Los Dorados pasaron de experimentar con rock a dedicarse al jazz en una suerte de respuesta a un anhelo de complejidad, curiosidad y profundizaci\u00f3n. Son bandas que empezaron en el presente siglo, apostando por un tipo de m\u00fasica que prescind\u00eda de la voz para poner \u00e9nfasis en los instrumentos. El resultado es que las agrupaciones han logrado llevar su sello a buena cantidad de pa\u00edses, adem\u00e1s de haber ampliado el panorama sonoro en M\u00e9xico.<\/p>\n<p><q>Sab\u00edamos desde el inicio c\u00f3mo iba a ser la situaci\u00f3n, que \u00edbamos por el camino m\u00e1s largo, m\u00e1s dif\u00edcil; pero creo que todos somos felices y por eso ha sido disfrutable lo que nos ha pasado<\/q>, explica en entrevista Samo Gonz\u00e1lez, bajista de Troker. Igual que Los Dorados, llevan alrededor de 20 a\u00f1os recorriendo caminos similares, lo que hace posible que puedan juntarse para un concierto, como ocurrir\u00e1 en el Lunario del Auditorio Nacional el 20 de octubre pr\u00f3ximo.<\/p>\n<p><q>El esp\u00edritu creo que lo compartimos, ese sentido aventurado de hacer una m\u00fasica distinta y de creer que la instrumental puede llegar a, en el caso de Troker, al Glastonbury y el Festival de Jazz de Montreal. Con Los Dorados tuvimos la oportunidad de estar en India<\/q>, se\u00f1ala el tambi\u00e9n bajista Carlos Maldonado de Los Dorados.<\/p>\n<p>Cuando las agrupaciones de jazz comenzaron, sus primeras presentaciones fueron en escenarios dedicados al rock,\u00a0<q>porque no hab\u00eda d\u00f3nde meternos; entonces se fue abriendo un camino<\/q>, detalla Samo. La instrumentalizaci\u00f3n y la falta de cantantes les daba otra aura.\u00a0<q>De alguna manera llega m\u00e1s directo al cerebro tener una letra que quiz\u00e1 remita a alg\u00fan sentimiento en particular, como el pop que tiene la voz<\/q>, estima Maldonado.<\/p>\n<p>As\u00ed que insistir con el sonido instrumental se volvi\u00f3 una de sus luchas, pero tambi\u00e9n uno de sus rasgos. Seg\u00fan cont\u00f3 el bajista de Los Dorados, Francisco Barrios\u00a0<em>El Mastuerzo<\/em>\u00a0calific\u00f3 alguna vez su trabajo como\u00a0<q>verdadero rock<\/q>.<\/p>\n<p><q>Es parte de la historia, lo natural, lo que hemos venido haciendo nosotros, que crecimos escuchando rock y yendo a conciertos, pero en alg\u00fan momento nuestras necesidades musicales llegaron hasta el jazz<\/q>, explica Carlos. El g\u00e9nero\u00a0<q>vino despu\u00e9s, como un crecimiento m\u00e1s personal, por querer experimentar m\u00e1s con la improvisaci\u00f3n<\/q>.<\/p>\n<p>Con el paso del tiempo y poder contrastar su m\u00fasica con la de otras partes del mundo, Troker y Los Dorados han encontrado tambi\u00e9n sentidos m\u00e1s profundos.\u00a0<q>Hemos hallado m\u00e1s nuestra voz, m\u00e1s nuestro mensaje, y creo que tambi\u00e9n se ha ido conectando con m\u00e1s gente. Sobre todo, creo que descubrimos identidad. Al ser mexicanos, al tener la oportunidad de ir a tocar a otros pa\u00edses m\u00fasica mundial pero mexicana, tiene un sello, tiene un picante, algo ah\u00ed de tequila, que lo hace diferente y especial, como voz aut\u00e9ntica que no intente sonar a algo<\/q>, explica Samo.<\/p>\n<\/div>\n<div class=\"col col2\">\n<p>Maldonado, quien vive en Canad\u00e1, se\u00f1ala:\u00a0<q>Uno a veces, como vive inmerso en el sabor mexicano, no se da cuenta<\/q>, de modo que el intercambio que ha recibido de escuchas de otros lados le ha hecho notar\u00a0<q>lo latino que suena. Antes, como que no pensaba en eso, simplemente lo disfrutaba o no, y ahora s\u00ed me suena bien latino. Creo que eso es interesante de notar porque cuando te das cuenta de ese potencial, lo empiezas a dirigir y te puede llevar por un mont\u00f3n de lugares<\/q>, destaca.<\/p>\n<p class=\"sumario\">Tornamesas<\/p>\n<p class=\"s-s\">Troker y Los Dorados tambi\u00e9n tienen en com\u00fan elementos como la experimentaci\u00f3n con m\u00fasica electr\u00f3nica y el uso de tornamesas, algo que ha ayudado a insistir en sus proyectos.<\/p>\n<p><q>Siempre pienso: \u00bfpor qu\u00e9 eres m\u00fasico, qu\u00e9 te motiva a estar haciendo esta m\u00fasica que es bien dif\u00edcil que se escuche en otros lugares? Pero cuando escucho a Troker, cuando toco con Los Dorados, siento esa emoci\u00f3n de cuando por primera vez tom\u00e9 un instrumento, y esa aventura, y ya lo que va ocurriendo alrededor creo que es un producto de esa misma vibra<\/q>, describe Maldonado.<\/p>\n<p>El paso de los a\u00f1os y la contingencia sanitaria tambi\u00e9n dan perspectiva a lo que las bandas de jazz han logrado.\u00a0<q>Creo que es importante siempre saber d\u00f3nde est\u00e1 uno, y m\u00e1s en estos tiempos en que ha habido tanto cambio en la industria. Todo lo que ha pasado con la pandemia nos fren\u00f3 muchas cosas, y ahora hay que volver a una industria diferente y a un p\u00fablico que se ha transformado tambi\u00e9n<\/q>, agrega Samo.<\/p>\n<p>Sin embargo, dos d\u00e9cadas y el cambio tambi\u00e9n dan confianza a los m\u00fasicos.\u00a0<q>Nos cay\u00f3 bien un poco la pausa, porque ya llev\u00e1bamos muchos a\u00f1os de ajetreo; adem\u00e1s, hemos tenido chance de ensayar, cosa que es rara en Troker<\/q>, acepta el bajista.<\/p>\n<p>Para la presentaci\u00f3n en el Lunario, la banda adelant\u00f3 que tocar\u00e1n una canci\u00f3n in\u00e9dita, misma que subir\u00e1n a plataformas de\u00a0<em>streaming\u00a0<\/em>pronto. Su intenci\u00f3n por ahora es seguir publicando sus temas conforme los produzcan. Los Dorados, en tanto, promueven su reciente material, el \u00e1lbum Nueva Luz.<\/p>\n<p>Las novedades sobre las agrupaciones se pueden seguir en sus redes sociales\u00a0<a href=\"https:\/\/twitter.com\/@losdoradosmx\" target=\"_blank\" rel=\"noopener\">@losdoradosmx<\/a>\u00a0y\u00a0<a href=\"https:\/\/twitter.com\/@trokerofficial\" target=\"_blank\" rel=\"noopener\">@trokerofficial<\/a>.<\/p>\n<\/div>\n<\/div>\n<div class=\"go gui\">\n<div class=\"go-up\"><\/div>\n<\/div>\n<\/div>\n","protected":false},"excerpt":{"rendered":"<p>Toc\u00e1bamos jazz en lugares de rock porque no hab\u00eda d\u00f3nde meternos Las bandas Troker y Los Dorados se presentar\u00e1n en el Lunario del Auditorio Los Dorados y Troker comparten la aventura de hacer m\u00fasica distinta y priorizar los sonidos instrumentales sobre la voz. Juan Ibarra La Jornada Tanto Troker como Los Dorados pasaron de experimentar [&hellip;]<\/p>\n","protected":false},"author":249,"featured_media":29503,"comment_status":"open","ping_status":"closed","sticky":false,"template":"","format":"standard","meta":{"footnotes":""},"categories":[26],"tags":[],"class_list":["post-29502","post","type-post","status-publish","format-standard","has-post-thumbnail","hentry","category-mundo"],"_links":{"self":[{"href":"https:\/\/eloficiodehistoriar.com.mx\/index.php?rest_route=\/wp\/v2\/posts\/29502","targetHints":{"allow":["GET"]}}],"collection":[{"href":"https:\/\/eloficiodehistoriar.com.mx\/index.php?rest_route=\/wp\/v2\/posts"}],"about":[{"href":"https:\/\/eloficiodehistoriar.com.mx\/index.php?rest_route=\/wp\/v2\/types\/post"}],"author":[{"embeddable":true,"href":"https:\/\/eloficiodehistoriar.com.mx\/index.php?rest_route=\/wp\/v2\/users\/249"}],"replies":[{"embeddable":true,"href":"https:\/\/eloficiodehistoriar.com.mx\/index.php?rest_route=%2Fwp%2Fv2%2Fcomments&post=29502"}],"version-history":[{"count":1,"href":"https:\/\/eloficiodehistoriar.com.mx\/index.php?rest_route=\/wp\/v2\/posts\/29502\/revisions"}],"predecessor-version":[{"id":29504,"href":"https:\/\/eloficiodehistoriar.com.mx\/index.php?rest_route=\/wp\/v2\/posts\/29502\/revisions\/29504"}],"wp:featuredmedia":[{"embeddable":true,"href":"https:\/\/eloficiodehistoriar.com.mx\/index.php?rest_route=\/wp\/v2\/media\/29503"}],"wp:attachment":[{"href":"https:\/\/eloficiodehistoriar.com.mx\/index.php?rest_route=%2Fwp%2Fv2%2Fmedia&parent=29502"}],"wp:term":[{"taxonomy":"category","embeddable":true,"href":"https:\/\/eloficiodehistoriar.com.mx\/index.php?rest_route=%2Fwp%2Fv2%2Fcategories&post=29502"},{"taxonomy":"post_tag","embeddable":true,"href":"https:\/\/eloficiodehistoriar.com.mx\/index.php?rest_route=%2Fwp%2Fv2%2Ftags&post=29502"}],"curies":[{"name":"wp","href":"https:\/\/api.w.org\/{rel}","templated":true}]}}