{"id":29521,"date":"2022-10-02T13:13:47","date_gmt":"2022-10-02T19:13:47","guid":{"rendered":"https:\/\/eloficiodehistoriar.com.mx\/?p=29521"},"modified":"2022-10-02T13:13:47","modified_gmt":"2022-10-02T19:13:47","slug":"los-cambios-y-transiciones-experimentados-en-el-pais-en-y-desde-el-68-se-han-dado-lenta-y-hasta-lastimera","status":"publish","type":"post","link":"https:\/\/eloficiodehistoriar.com.mx\/?p=29521","title":{"rendered":"Los cambios y transiciones experimentados en el pa\u00eds en y desde el 68 se han dado lenta y hasta lastimera"},"content":{"rendered":"<div id=\"article-cont\" class=\"main-cont article-cont analysis\">\n<div class=\"cabeza\">\u00bfVolver al 68?<\/div>\n<div class=\"sumarios\"><\/div>\n<div class=\"credito-articulo\">Am\u00e9rico Sald\u00edvar*<\/div>\n<div><\/div>\n<div id=\"article-text\" class=\"text\">\n<div class=\"col col1\">\n<div class=\"inicial\">De acuerdo con la dial\u00e9ctica\u00a0materialista, nada permanece inm\u00f3vil sobre la tierra. Hay evoluci\u00f3n, cambios y transformaciones. Algunas se dan en forma lenta, otras de manera r\u00e1pida y vertiginosa, como en el caso de las revoluciones sociales. Los cambios y transiciones experimentados en el pa\u00eds despu\u00e9s del 68 se han dado de manera lenta y hasta lastimera. La protesta y rebeli\u00f3n pac\u00edfica sesentayochera, que reclamaba cambios en el orden pol\u00edtico y social, apenas si afect\u00f3 a un peque\u00f1o eslab\u00f3n de una cadena autoritaria enmohecida.<\/div>\n<p>Lo cierto es que no hab\u00eda suficientes condiciones, ni objetivas ni subjetivas, para romper esa cadena. La conservaci\u00f3n del\u00a0<em>statu quo<\/em>\u00a0y la defensa a ultranza del bloque hist\u00f3rico de poder lo impidieron. Los cambios ocurridos en el terreno pol\u00edtico y democr\u00e1tico se hicieron a cuentagotas. A los tradicionales bastiones de dominaci\u00f3n del capital: Ej\u00e9rcito, Iglesia, medios de comunicaci\u00f3n masivos y el Poder Judicial, hoy se han adherido institutos y tribunales electorales. Pr\u00e1cticamente todos han permanecido inamovibles durante el \u00faltimo medio siglo, sirviendo como fieles cancerberos al bloque de poder semiolig\u00e1rquico y excluyente.<\/p>\n<p>El M68 fue una protesta social brutalmente reprimida el 2 de octubre. De docenas de eventos similares que se sucedieron por todo el planeta, nuestro movimiento fue el \u00fanico que sufri\u00f3 y vivi\u00f3 una represi\u00f3n de tal magnitud. Por ello no se le pod\u00eda pedir m\u00e1s de lo que pudo dar. Los seis puntos del pliego petitorio constitu\u00edan demandas profundamente democr\u00e1ticas, con una base m\u00e1s pol\u00edtica y social, que superaban con mucho los reclamos puramente estudiantiles. Se luchaba por la vigencia del estado de derecho, el establecimiento de libertades civiles, de expresi\u00f3n y de asociaci\u00f3n. Esta lucha fue respaldada por dos huelgas de hambre. Por su n\u00famero de participantes, una de ellas fue la m\u00e1s prolongada de la historia. Tambi\u00e9n fue brutalmente reprimida por Gustavo D\u00edaz Ordaz y Luis Echeverr\u00eda.<\/p>\n<\/div>\n<div class=\"col col2\">\n<p>Los\u00a0<em>halcones<\/em>, la\u00a0<em>guerra sucia<\/em>\u00a0de los 70, las sucesivas crisis del modelo de acumulaci\u00f3n capitalista, la corrupci\u00f3n\u00a0<em>in extremis<\/em>, las devaluaciones, los fraudes electorales y las alternancias en el r\u00e9gimen pol\u00edtico actuaron bajo el principio y la divisa gatopardista de cambiar algo para que todo siguiera igual. Se impidieron avances verdaderos, de gran calado y din\u00e1micos como la sociedad los requer\u00eda. Esa fue la respuesta, pero tambi\u00e9n el resultado no deseado de la gesta antiautoritaria. Se recurri\u00f3 a la represi\u00f3n en lo econ\u00f3mico y social, a la represi\u00f3n violenta y hasta a formas de transformismo y\u00a0<em>cooptaci\u00f3n<\/em>\u00a0con la llamada alternancia y contubernio PRI-PAN, representantes genuinos de un\u00a0<em>establishment\u00a0<\/em>deslegitimado y decadente, hasta lo indecible e inimaginable.<\/p>\n<p>\u00bfHabr\u00eda que volver al 68?, nos preguntamos 54 a\u00f1os despu\u00e9s. Hoy la realidad nos muestra que apenas si se est\u00e1 ensayando un cambio de r\u00e9gimen pol\u00edtico, con nuevos paradigmas orientados hacia formas de democracia avanzada, reivindicando causas populares, reconociendo, al mismo tiempo, que las dificultades, resistencias y tropezones no son menores que las que vivimos entonces.<\/p>\n<p>Como ejemplo tenemos Ayotzinapa, que no s\u00f3lo lacera, sino que constituye uno de los saldos pendientes por la verdad, justicia y contra la impunidad.<\/p>\n<p>Pero dentro del espectro pol\u00edtico nacional, tambi\u00e9n rondan y acechan muy activos los \u00e9mulos mexicanos de los Trumps, Bolsonaros y Melonis, aquellos que querr\u00edan volver al M\u00e9xico del 68.<\/p>\n<p><em>*Doctor en Econom\u00eda. Sobreviviente del 2 de octubre<\/em><\/p>\n<p class=\"email\">\n<\/div>\n<\/div>\n<div class=\"go gui\">\n<div class=\"go-up\"><\/div>\n<\/div>\n<\/div>\n","protected":false},"excerpt":{"rendered":"<p>\u00bfVolver al 68? Am\u00e9rico Sald\u00edvar* De acuerdo con la dial\u00e9ctica\u00a0materialista, nada permanece inm\u00f3vil sobre la tierra. Hay evoluci\u00f3n, cambios y transformaciones. Algunas se dan en forma lenta, otras de manera r\u00e1pida y vertiginosa, como en el caso de las revoluciones sociales. Los cambios y transiciones experimentados en el pa\u00eds despu\u00e9s del 68 se han dado [&hellip;]<\/p>\n","protected":false},"author":249,"featured_media":29522,"comment_status":"open","ping_status":"closed","sticky":false,"template":"","format":"standard","meta":{"footnotes":""},"categories":[26],"tags":[],"class_list":["post-29521","post","type-post","status-publish","format-standard","has-post-thumbnail","hentry","category-mundo"],"_links":{"self":[{"href":"https:\/\/eloficiodehistoriar.com.mx\/index.php?rest_route=\/wp\/v2\/posts\/29521","targetHints":{"allow":["GET"]}}],"collection":[{"href":"https:\/\/eloficiodehistoriar.com.mx\/index.php?rest_route=\/wp\/v2\/posts"}],"about":[{"href":"https:\/\/eloficiodehistoriar.com.mx\/index.php?rest_route=\/wp\/v2\/types\/post"}],"author":[{"embeddable":true,"href":"https:\/\/eloficiodehistoriar.com.mx\/index.php?rest_route=\/wp\/v2\/users\/249"}],"replies":[{"embeddable":true,"href":"https:\/\/eloficiodehistoriar.com.mx\/index.php?rest_route=%2Fwp%2Fv2%2Fcomments&post=29521"}],"version-history":[{"count":1,"href":"https:\/\/eloficiodehistoriar.com.mx\/index.php?rest_route=\/wp\/v2\/posts\/29521\/revisions"}],"predecessor-version":[{"id":29523,"href":"https:\/\/eloficiodehistoriar.com.mx\/index.php?rest_route=\/wp\/v2\/posts\/29521\/revisions\/29523"}],"wp:featuredmedia":[{"embeddable":true,"href":"https:\/\/eloficiodehistoriar.com.mx\/index.php?rest_route=\/wp\/v2\/media\/29522"}],"wp:attachment":[{"href":"https:\/\/eloficiodehistoriar.com.mx\/index.php?rest_route=%2Fwp%2Fv2%2Fmedia&parent=29521"}],"wp:term":[{"taxonomy":"category","embeddable":true,"href":"https:\/\/eloficiodehistoriar.com.mx\/index.php?rest_route=%2Fwp%2Fv2%2Fcategories&post=29521"},{"taxonomy":"post_tag","embeddable":true,"href":"https:\/\/eloficiodehistoriar.com.mx\/index.php?rest_route=%2Fwp%2Fv2%2Ftags&post=29521"}],"curies":[{"name":"wp","href":"https:\/\/api.w.org\/{rel}","templated":true}]}}