{"id":30051,"date":"2022-11-08T12:25:24","date_gmt":"2022-11-08T18:25:24","guid":{"rendered":"https:\/\/eloficiodehistoriar.com.mx\/?p=30051"},"modified":"2022-11-08T12:25:24","modified_gmt":"2022-11-08T18:25:24","slug":"sin-cubrebocas-la-presencia-del-emirato-arabe-sharjah-y-debates-en-torno-a-los-temas-politicos-la-fil","status":"publish","type":"post","link":"https:\/\/eloficiodehistoriar.com.mx\/?p=30051","title":{"rendered":"Sin cubrebocas, la presencia del emirato \u00e1rabe Sharjah y debates en torno a los temas pol\u00edticos: La FIL"},"content":{"rendered":"<div id=\"article-cont\" class=\"main-cont article-cont actuality\">\n<div class=\"cabeza\">Vuelve la FIL de Guadalajara presencial con \u00edmpetu y ganas de romper r\u00e9cords de asistencia: Marisol Schulz<\/div>\n<div class=\"sumarios\"><\/div>\n<div id=\"article-text\" class=\"text\">\n<div class=\"foto\">\n<div class=\"pie-foto\">La edici\u00f3n 36 de la feria contar\u00e1 con la presencia del emirato \u00e1rabe Sharjah, <q>que nos abrir\u00e1 la mente a nuevos mundos<\/q>, coment\u00f3 la directora en entrevista.<\/div>\n<div><\/div>\n<\/div>\n<div class=\"col col1\">\n<div class=\"credito-autor\">M\u00f3nica Mateos-Vega<\/div>\n<div class=\"credito-titulo\"><\/div>\n<div class=\"hemero\">La Jornada<\/p>\n<\/div>\n<p class=\"s-s\">Sin uso de cubrebocas de manera obligatoria, con la esperada presencia del emirato \u00e1rabe Sharjah como invitado de honor y la seguridad de que se vivir\u00e1n memorables debates en torno a los temas pol\u00edticos que bullen estos d\u00edas en el acontecer nacional e internacional, este a\u00f1o vuelve totalmente presencial la Feria Internacional del Libro (FIL) de Guadalajara.<\/p>\n<p>La edici\u00f3n 36 del encuentro librero se inicia el pr\u00f3ximo 26 de noviembre, sobre todo con el deseo de ir de la mano de la industria editorial mexicana para apuntalar a un sector que fue duramente golpeado en lo econ\u00f3mico durante los dos a\u00f1os anteriores debido a la pandemia de covid-19.<\/p>\n<p>As\u00ed lo explic\u00f3 la directora de la FIL, Marisol Schulz Manaut, en entrevista con\u00a0<em>La Jornada,\u00a0<\/em>al anunciar que se encuentran listos, \u201ccon todo el \u00edmpetu y todas las ganas, para que la feria vuelva a lo que fue en 2019, cuando rompimos r\u00e9cord de asistencia con m\u00e1s de 800 mil visitantes. Sabemos que las personas est\u00e1n ansiosas por volver; como equipo, estamos preparados para evitar que la euforia se desborde porque el a\u00f1o pasado tuvimos un muy buen control de p\u00fablicos; ese fue uno de los aprendizajes de la crisis sanitaria.<\/p>\n<p><q>Si bien en 2020 la FIL fue virtual, el a\u00f1o pasado estuvo acotada, con varias restricciones en cuanto al n\u00famero de asistentes y sin ni\u00f1os en la sede principal. Fue una feria complicad\u00edsima para organizadores y editores, con miedo, pero funcion\u00f3 el cerco sanitario; tuvimos cero contagios y una asistencia de 224 mil personas en Expo Guadalajara.<\/q><\/p>\n<p>La editora asegur\u00f3 que la FIL no est\u00e1 en riesgo ante el conflicto que vive la Universidad de Guadalajara (UdeG), instancia que organiza el encuentro, ante el recorte presupuestario a esa casa de estudios ordenado por el gobierno del estado.<\/p>\n<p>La situaci\u00f3n, puntualiz\u00f3 Schulz, \u201cnos pega porque somos parte de la UdeG y nos parece injusto que un gobierno no apoye a una universidad p\u00fablica de la categor\u00eda de la nuestra. Me parece inconcebible que (el gobierno estatal) en lugar de pararse el cuello de lo que se ha logrado en Guadalajara gracias a la universidad, todav\u00eda la ataque.<\/p>\n<p>\u201cPero, propiamente, a la feria no le afecta, porque incluso tenemos una aportaci\u00f3n del gobierno local y de los municipios. En general, como tenemos un apoyo, pero como parte de la universidad estamos trabajando bajo protesta por el tema presupuestal. Pero la FIL econ\u00f3micamente no est\u00e1 en riesgo, porque es autosuficiente.<\/p>\n<\/div>\n<div class=\"col col2\">\n<p><q>Todo aporte gubernamental es bienvenido y necesario. No tenemos apoyo federal. Tenemos el respaldo de algunas instituciones, pero no tenemos el apoyo federal como antes y, sin embargo, la feria va. Si bien tuvimos dos a\u00f1os muy complicados, en \u00e9ste la FIL sale tablas, lo que gastamos es lo que va a ingresar<\/q>, detall\u00f3 la directora.<\/p>\n<p>En 2019, a\u00f1adi\u00f3, la feria tuvo ganancias, recursos que se dieron a la UdeG para financiar diversos proyectos culturales; \u201ceso, como industria cultural, es un \u00e9xito. \u00bfQue es dif\u00edcil en M\u00e9xico? Lo es, pero lo hemos logrado, hay mucho trabajo y muchos a\u00f1os atr\u00e1s, porque hace una d\u00e9cada, tiempo que llevo dirigi\u00e9ndola, recib\u00ed una feria en las mejores circunstancias; estaba arriba. La FIL ha estado bien siempre.<\/p>\n<p>\u201cEste a\u00f1o nos preguntan qu\u00e9 ser\u00e1 diferente en la FIL y respondemos que todo: los sabores, los colores, los olores. Muchos de los pa\u00edses que no pudieron estar el a\u00f1o pasado vuelven, y no s\u00f3lo eso, sino que incluso tendremos pa\u00edses que siempre hab\u00edan querido participar, como Marruecos. No deja de sorprendernos el impacto que tiene fuera.<\/p>\n<p>\u201cSobre todo, recibir a un invitado como Sharjah, nos abrir\u00e1 la mente a nuevos mundos, a otras formas de ver la vida, a ser m\u00e1s tolerantes y abiertos. Es la cultura isl\u00e1mica que nos dar\u00e1 la oportunidad de conocerlos, aceptarlos y entender que se trata de otra forma de ver la vida. Viene a la feria representando a su pa\u00eds y a la asociaci\u00f3n de editores internacionales Bodour Al Qasimi, hija del emir de Sharjah, mujer que va por el mundo promoviendo los derechos de las editoras.<\/p>\n<p><q>La internacionalizaci\u00f3n de la feria, desde hace mucho tiempo, es imparable. Su prestigio ya trascendi\u00f3 fronteras, y la palabra Guadalajara, en todo el mundo editorial, la saben decir<\/q>, concluy\u00f3 la directora del encuentro.<\/p>\n<\/div>\n<\/div>\n<div class=\"go gui\">\n<div class=\"go-up\"><\/div>\n<\/div>\n<\/div>\n<div id=\"taboola-below-content-thumbnails\" class=\" trc_related_container trc_spotlight_widget tbl-feed-container tbl-feed-frame-DIVIDER  render-late-effect\" data-feed-container-num=\"1\" data-feed-main-container-id=\"taboola-below-content-thumbnails\" data-parent-placement-name=\"Below Content Thumbnails\" data-pub-lang=\"es\">\n<div class=\" tbl-feed-header tbl-logo-right-position\">\n<div class=\"tbl-feed-header-logo\"><\/div>\n<\/div>\n<\/div>\n","protected":false},"excerpt":{"rendered":"<p>Vuelve la FIL de Guadalajara presencial con \u00edmpetu y ganas de romper r\u00e9cords de asistencia: Marisol Schulz La edici\u00f3n 36 de la feria contar\u00e1 con la presencia del emirato \u00e1rabe Sharjah, que nos abrir\u00e1 la mente a nuevos mundos, coment\u00f3 la directora en entrevista. M\u00f3nica Mateos-Vega La Jornada Sin uso de cubrebocas de manera obligatoria, [&hellip;]<\/p>\n","protected":false},"author":249,"featured_media":30052,"comment_status":"open","ping_status":"closed","sticky":false,"template":"","format":"standard","meta":{"footnotes":""},"categories":[26],"tags":[],"class_list":["post-30051","post","type-post","status-publish","format-standard","has-post-thumbnail","hentry","category-mundo"],"_links":{"self":[{"href":"https:\/\/eloficiodehistoriar.com.mx\/index.php?rest_route=\/wp\/v2\/posts\/30051","targetHints":{"allow":["GET"]}}],"collection":[{"href":"https:\/\/eloficiodehistoriar.com.mx\/index.php?rest_route=\/wp\/v2\/posts"}],"about":[{"href":"https:\/\/eloficiodehistoriar.com.mx\/index.php?rest_route=\/wp\/v2\/types\/post"}],"author":[{"embeddable":true,"href":"https:\/\/eloficiodehistoriar.com.mx\/index.php?rest_route=\/wp\/v2\/users\/249"}],"replies":[{"embeddable":true,"href":"https:\/\/eloficiodehistoriar.com.mx\/index.php?rest_route=%2Fwp%2Fv2%2Fcomments&post=30051"}],"version-history":[{"count":1,"href":"https:\/\/eloficiodehistoriar.com.mx\/index.php?rest_route=\/wp\/v2\/posts\/30051\/revisions"}],"predecessor-version":[{"id":30053,"href":"https:\/\/eloficiodehistoriar.com.mx\/index.php?rest_route=\/wp\/v2\/posts\/30051\/revisions\/30053"}],"wp:featuredmedia":[{"embeddable":true,"href":"https:\/\/eloficiodehistoriar.com.mx\/index.php?rest_route=\/wp\/v2\/media\/30052"}],"wp:attachment":[{"href":"https:\/\/eloficiodehistoriar.com.mx\/index.php?rest_route=%2Fwp%2Fv2%2Fmedia&parent=30051"}],"wp:term":[{"taxonomy":"category","embeddable":true,"href":"https:\/\/eloficiodehistoriar.com.mx\/index.php?rest_route=%2Fwp%2Fv2%2Fcategories&post=30051"},{"taxonomy":"post_tag","embeddable":true,"href":"https:\/\/eloficiodehistoriar.com.mx\/index.php?rest_route=%2Fwp%2Fv2%2Ftags&post=30051"}],"curies":[{"name":"wp","href":"https:\/\/api.w.org\/{rel}","templated":true}]}}