{"id":30054,"date":"2022-11-08T12:30:34","date_gmt":"2022-11-08T18:30:34","guid":{"rendered":"https:\/\/eloficiodehistoriar.com.mx\/?p=30054"},"modified":"2022-11-08T12:30:34","modified_gmt":"2022-11-08T18:30:34","slug":"rodrigo-moya-mexico-gana-premio-de-arte-editorial-2022-de-la-caniem","status":"publish","type":"post","link":"https:\/\/eloficiodehistoriar.com.mx\/?p=30054","title":{"rendered":"\u00abRodrigo Moya\u00bb: M\u00e9xico\u00a0gana Premio de Arte Editorial 2022 de la Caniem"},"content":{"rendered":"<div id=\"article-cont\" class=\"main-cont article-cont actuality\">\n<div class=\"cabeza\"><em>Rodrigo Moya: M\u00e9xico<\/em>\u00a0gana Premio de Arte Editorial 2022 de la Caniem<\/div>\n<div class=\"sumarios\">\n<p>Reconocen la obra en la categor\u00eda Ediciones Ilustradas de Lujo<\/p>\n<\/div>\n<div id=\"article-text\" class=\"text\">\n<div class=\"col col1\">\n<div class=\"credito-autor\">De La Redacci\u00f3n<\/div>\n<div class=\"credito-titulo\"><\/div>\n<div class=\"hemero\">Peri\u00f3dico La Jornada<br \/>\nMartes 8 de noviembre de 2022, p. 4<\/div>\n<p class=\"s-s\">El libro\u00a0<em>Rodrigo Moya: M\u00e9xico\u00a0<\/em>obtuvo reconocimiento en la categor\u00eda Arte: Ediciones Ilustradas de Lujo en la entrega de los Premios al Arte Editorial 2022, otorgado por el consejo directivo de la C\u00e1mara Nacional de la Industria Editorial Mexicana (Caniem), inform\u00f3 el Instituto Nacional de Bellas Artes y Literatura (Inbal), entidad encargada de la edici\u00f3n del libro.<\/p>\n<p>Antes fue galardonado en la 24 edici\u00f3n del Premio Antonio Garc\u00eda Cubas de la 33 Feria Internacional del Libro de Antropolog\u00eda e Historia, en la categor\u00eda Libro de Arte.<\/p>\n<p>La publicaci\u00f3n recopila la trayectoria fotogr\u00e1fica del maestro Moya, producto del trabajo conjunto entre la especialista del Instituto de Investigaciones Est\u00e9ticas de la Universidad Nacional Aut\u00f3noma de M\u00e9xico Laura Gonz\u00e1lez Flores y las editoras del libro, Evelyn Useda y Janeth Delgado.<\/p>\n<p>El galard\u00f3n fue recibido por la directora de Comunicaci\u00f3n de la Fundaci\u00f3n Jenkins, Alejandra Lerdo de Tejada, durante la ceremonia de entrega que se realiz\u00f3 el 3 de noviembre en el auditorio Ignacio Ellacur\u00eda SJ de la Universidad Iberoamericana, campus Santa Fe, luego de que la Caniem, por conducto de la Comisi\u00f3n de Premios y Reconocimientos del consejo directivo, anunciara el pasado mi\u00e9rcoles las 37 publicaciones ganadoras.<\/p>\n<\/div>\n<div class=\"col col2\">\n<p>Editado por el Instituto Nacional de Bellas Artes y Literatura (Inbal), mediante el Museo del Palacio de Bellas Artes, en colaboraci\u00f3n con el Museo Amparo de Puebla, el Centro de la Imagen y la Fundaci\u00f3n Jenkins, el volumen re\u00fane el material hemerogr\u00e1fico y fotogr\u00e1fico que fue exhibido en dos muestras, una en el Centro de la Imagen y otra en el Museo del Palacio de Bellas Artes, en 2019.<\/p>\n<p>La obra est\u00e1 disponible en la tienda del Museo del Palacio de Bellas Artes.<\/p>\n<\/div>\n<\/div>\n<div class=\"go gui\">\n<div class=\"go-up\"><\/div>\n<\/div>\n<\/div>\n","protected":false},"excerpt":{"rendered":"<p>Rodrigo Moya: M\u00e9xico\u00a0gana Premio de Arte Editorial 2022 de la Caniem Reconocen la obra en la categor\u00eda Ediciones Ilustradas de Lujo De La Redacci\u00f3n Peri\u00f3dico La Jornada Martes 8 de noviembre de 2022, p. 4 El libro\u00a0Rodrigo Moya: M\u00e9xico\u00a0obtuvo reconocimiento en la categor\u00eda Arte: Ediciones Ilustradas de Lujo en la entrega de los Premios al [&hellip;]<\/p>\n","protected":false},"author":249,"featured_media":30055,"comment_status":"open","ping_status":"closed","sticky":false,"template":"","format":"standard","meta":{"footnotes":""},"categories":[26],"tags":[],"class_list":["post-30054","post","type-post","status-publish","format-standard","has-post-thumbnail","hentry","category-mundo"],"_links":{"self":[{"href":"https:\/\/eloficiodehistoriar.com.mx\/index.php?rest_route=\/wp\/v2\/posts\/30054","targetHints":{"allow":["GET"]}}],"collection":[{"href":"https:\/\/eloficiodehistoriar.com.mx\/index.php?rest_route=\/wp\/v2\/posts"}],"about":[{"href":"https:\/\/eloficiodehistoriar.com.mx\/index.php?rest_route=\/wp\/v2\/types\/post"}],"author":[{"embeddable":true,"href":"https:\/\/eloficiodehistoriar.com.mx\/index.php?rest_route=\/wp\/v2\/users\/249"}],"replies":[{"embeddable":true,"href":"https:\/\/eloficiodehistoriar.com.mx\/index.php?rest_route=%2Fwp%2Fv2%2Fcomments&post=30054"}],"version-history":[{"count":1,"href":"https:\/\/eloficiodehistoriar.com.mx\/index.php?rest_route=\/wp\/v2\/posts\/30054\/revisions"}],"predecessor-version":[{"id":30056,"href":"https:\/\/eloficiodehistoriar.com.mx\/index.php?rest_route=\/wp\/v2\/posts\/30054\/revisions\/30056"}],"wp:featuredmedia":[{"embeddable":true,"href":"https:\/\/eloficiodehistoriar.com.mx\/index.php?rest_route=\/wp\/v2\/media\/30055"}],"wp:attachment":[{"href":"https:\/\/eloficiodehistoriar.com.mx\/index.php?rest_route=%2Fwp%2Fv2%2Fmedia&parent=30054"}],"wp:term":[{"taxonomy":"category","embeddable":true,"href":"https:\/\/eloficiodehistoriar.com.mx\/index.php?rest_route=%2Fwp%2Fv2%2Fcategories&post=30054"},{"taxonomy":"post_tag","embeddable":true,"href":"https:\/\/eloficiodehistoriar.com.mx\/index.php?rest_route=%2Fwp%2Fv2%2Ftags&post=30054"}],"curies":[{"name":"wp","href":"https:\/\/api.w.org\/{rel}","templated":true}]}}