{"id":30058,"date":"2022-11-09T13:27:12","date_gmt":"2022-11-09T19:27:12","guid":{"rendered":"https:\/\/eloficiodehistoriar.com.mx\/?p=30058"},"modified":"2022-11-09T13:27:46","modified_gmt":"2022-11-09T19:27:46","slug":"en-la-colonia-santa-maria-la-ribera-grupos-espanoles-y-mexicanos-punk-y-hardcore-neonazis","status":"publish","type":"post","link":"https:\/\/eloficiodehistoriar.com.mx\/?p=30058","title":{"rendered":"En la colonia Santa Mar\u00eda la Ribera, grupos espa\u00f1oles y mexicanos punk y hardcore, neonazis en concierto"},"content":{"rendered":"<div id=\"article-cont\" class=\"main-cont article-cont actuality\">\n<div class=\"sumarios\">\n<p>No fomentamos el odio, afirman organizadores<\/p>\n<\/div>\n<div class=\"cabeza\">Con acceso restringido, el concierto neonazi realizado en la CDMX<\/div>\n<div class=\"sumarios\"><\/div>\n<div id=\"article-text\" class=\"text\">\n<div class=\"col col1\">\n<div class=\"credito-autor\">Juan Jos\u00e9 Olivares<\/div>\n<div class=\"credito-titulo\"><\/div>\n<div class=\"hemero\">\n<p>La Jornada<\/p>\n<\/div>\n<p class=\"s-s\">El fantasma del nazismo se apareci\u00f3 en M\u00e9xico el pasado 29 de octubre en un sal\u00f3n de la colonia Santa Mar\u00eda la Ribera de la capital, donde grupos espa\u00f1oles y mexicanos del g\u00e9nero punk y hardcore, que ellos definen como\u00a0<q>rock duro nacionalista<\/q>, convocaron en un concierto a unas 300 personas que, rapadas y ataviadas con su\u00e1sticas y tatuajes nazis, corearon consignas hitlerianas y fascistas, en una noche de alabanzas al odio.<\/p>\n<p>La fecha del concierto se eligi\u00f3 en conmemoraci\u00f3n de la culminaci\u00f3n de la Marcha sobre Roma de Benito Mussolini, en 1922, as\u00ed como por la fundaci\u00f3n del partido fascista Falange, en Espa\u00f1a, en 1933. La convocatoria fue casi de manera clandestina, seg\u00fan public\u00f3 el diario espa\u00f1ol\u00a0<em>El Pa\u00eds,<\/em>\u00a0que dio a conocer el concierto realizado en el sal\u00f3n Pentatl\u00f3n, asociaci\u00f3n ligada con el entrenamiento militar.<\/p>\n<p>Las entradas estuvieron a la venta en mil 580 pesos en el sitio web de la Editorial Heidelberg, con sede en Monterrey, distribuidora de libros de extrema derecha; hasta ayer permanec\u00eda publicado ah\u00ed el cartel de invitaci\u00f3n, donde se aclara que el acceso estaba limitado a 150 personas. En el escenario estuvieron los espa\u00f1oles Batall\u00f3n de Castigo, Irreductibles y Last Chance. Por M\u00e9xico, Suncity Skins, Royal Aces Convicted y Ejecuci\u00f3n 1980, agrupaciones de bajo perfil del movimiento RAC (Rock Against Communism o Rock contra el Comunismo), que tiene sus or\u00edgenes en la d\u00e9cada de los setenta y en realidad es un eufemismo para referirse a varios tipos de m\u00fasica de odio, como el hatecore.<\/p>\n<p>Pese a su nombre, esa corriente no hace referencias al comunismo, sino que se centra en el racismo y el antisemitismo. As\u00ed se llam\u00f3 tambi\u00e9n una serie de conciertos organizados en los 70 por el partido fascista brit\u00e1nico Frente Nacional. Ahora, quienes que usan el t\u00e9rmino RAC a menudo lo hacen como una forma de esconder la verdadera naturaleza de la m\u00fasica racista.<\/p>\n<p class=\"sumario\">Retratos de Hitler<\/p>\n<p class=\"s-s\">Durante todo el concierto se hizo presente el saludo nazi, que hac\u00edan decenas de integrantes del p\u00fablico y las bandas, seg\u00fan la rese\u00f1a del diario. Abundaron los dise\u00f1os de su\u00e1sticas, frases en alem\u00e1n y alguno que otro retrato de Hitler.<\/p>\n<p><em>La Jornada<\/em>\u00a0busc\u00f3 un comentario del organizador, el colectivo Desperados Divisi\u00f3n. Su respuesta fue:\u00a0<q>ni como grupo ni como individuos estamos interesados en vertir postura alguna o contestar preguntas para la prensa, sin importar el medio de comunicaci\u00f3n al que pertenezcan. Cualquier comunicaci\u00f3n oficial es y ser\u00e1 la que aparece en nuestro perfil<\/q>.<\/p>\n<p>Sin embargo, tras la petici\u00f3n de este diario, el grupo public\u00f3 lo siguiente: \u201cEl d\u00eda de hoy se public\u00f3 una nota alusiva al concierto realizado el pasado 29 de octubre, con tintes tendenciosos y especulativos. No entraremos en dicha pol\u00e9mica; sin embargo, s\u00f3lo aclararemos que, efectivamente, varios de nosotros fuimos contactados por ellos para preguntarnos nuestra opini\u00f3n sobre un art\u00edculo que nos dedicar\u00eda, bajo el t\u00edtulo de\u00a0<em>Ideolog\u00eda supremacista en M\u00e9xico<\/em>. Sobra decir que no estuvimos interesados en ser parte de su noticia y aprovechamos el comunicado para aclarar que no fomentamos el odio ni la discriminaci\u00f3n, prueba de ello es que a nadie se le neg\u00f3 el acceso ni se le discrimin\u00f3 por parte de asistentes, organizadores o m\u00fasicos.<\/p>\n<\/div>\n<div class=\"col col2\">\n<p><q>El concierto se realiz\u00f3 de manera exitosa y efectiva. Aprovechamos este comunicado para condenar la manipulaci\u00f3n medi\u00e1tica y manifestamos nuestra repugnancia a las narrativas fantasiosas parecidas a las de las pel\u00edculas, vertidas en el art\u00edculo, las cuales no tienen nada que ver con nosotros ni con nuestros principios y objetivos. Confiamos plenamente en el trabajo que realizamos, respaldado por nuestros propios medios, con los que hemos podido crear esta red de comunicaci\u00f3n que sigue creciendo cada d\u00eda y no necesitamos de los medios masivos de comunicaci\u00f3n para que viertan su ignorancia sobre nuestras actividades<\/q>, es decir, otros tres conciertos clandestinos.<\/p>\n<p class=\"sumario\">Buscan\u00a0<q>cubrir un espacio<\/q><\/p>\n<p class=\"s-s\">Desperados Divisi\u00f3n dice tener dos a\u00f1os de existencia con la consigna de\u00a0<q>cubrir un espacio y realizar conciertos de ciertas bandas que pocos se atrever\u00edan a invitar a nuestro pa\u00eds. Si algunas personas han levantado la voz para decir que los precios son elevados, s\u00f3lo podemos decir que \u00e9stos han sido justificados con el nivel de la producci\u00f3n, audio y organizaci\u00f3n de los mismos&#8230; Y est\u00e9n pendientes a nuestra cr\u00f3nica oficial, la cual ser\u00e1 libre de manipulaciones amarillistas y no tergiversar\u00e1 los hechos con relatos ficticios<\/q>.<\/p>\n<p>Batall\u00f3n de Castigo, cabeza del cartel del concierto, es un grupo que se form\u00f3 a principios de los 90 en la prisi\u00f3n de Alcal\u00e1-Meco, en Madrid. Su cantante, guitarrista y \u00fanico miembro original en activo, Eduardo Clavero, estaba encarcelado por asesinar a un joven de 19 a\u00f1os, seg\u00fan\u00a0<em>El Pa\u00eds.\u00a0<\/em>Clavero es tambi\u00e9n delegado del partido neonazi Alianza Nacional en M\u00e1laga (Espa\u00f1a). Su g\u00e9nero es RAC-Trash Metal. El sitio que difunde la m\u00fasica de Royal Aces Convicted dice que la banda es\u00a0<q>el verdadero sonido crudo del skinhead rock mexican<\/q>.<\/p>\n<p>Un m\u00fasico mexicano, quien prefiri\u00f3 guardar el anonimato, coment\u00f3 a\u00a0<em>La Jornada<\/em>\u00a0que estos conciertos\u00a0<q>no son hechos aislados, pues en redes sociales los grupos de ultraderecha y organizadores han hecho varias invitaciones, entre las que se incluyen conferencias con miras a la formaci\u00f3n de cuadros<\/q>.<\/p>\n<\/div>\n<\/div>\n<div class=\"go gui\">\n<div class=\"go-up\"><\/div>\n<\/div>\n<\/div>\n","protected":false},"excerpt":{"rendered":"<p>No fomentamos el odio, afirman organizadores Con acceso restringido, el concierto neonazi realizado en la CDMX Juan Jos\u00e9 Olivares La Jornada El fantasma del nazismo se apareci\u00f3 en M\u00e9xico el pasado 29 de octubre en un sal\u00f3n de la colonia Santa Mar\u00eda la Ribera de la capital, donde grupos espa\u00f1oles y mexicanos del g\u00e9nero punk [&hellip;]<\/p>\n","protected":false},"author":249,"featured_media":30059,"comment_status":"open","ping_status":"closed","sticky":false,"template":"","format":"standard","meta":{"footnotes":""},"categories":[26],"tags":[],"class_list":["post-30058","post","type-post","status-publish","format-standard","has-post-thumbnail","hentry","category-mundo"],"_links":{"self":[{"href":"https:\/\/eloficiodehistoriar.com.mx\/index.php?rest_route=\/wp\/v2\/posts\/30058","targetHints":{"allow":["GET"]}}],"collection":[{"href":"https:\/\/eloficiodehistoriar.com.mx\/index.php?rest_route=\/wp\/v2\/posts"}],"about":[{"href":"https:\/\/eloficiodehistoriar.com.mx\/index.php?rest_route=\/wp\/v2\/types\/post"}],"author":[{"embeddable":true,"href":"https:\/\/eloficiodehistoriar.com.mx\/index.php?rest_route=\/wp\/v2\/users\/249"}],"replies":[{"embeddable":true,"href":"https:\/\/eloficiodehistoriar.com.mx\/index.php?rest_route=%2Fwp%2Fv2%2Fcomments&post=30058"}],"version-history":[{"count":2,"href":"https:\/\/eloficiodehistoriar.com.mx\/index.php?rest_route=\/wp\/v2\/posts\/30058\/revisions"}],"predecessor-version":[{"id":30061,"href":"https:\/\/eloficiodehistoriar.com.mx\/index.php?rest_route=\/wp\/v2\/posts\/30058\/revisions\/30061"}],"wp:featuredmedia":[{"embeddable":true,"href":"https:\/\/eloficiodehistoriar.com.mx\/index.php?rest_route=\/wp\/v2\/media\/30059"}],"wp:attachment":[{"href":"https:\/\/eloficiodehistoriar.com.mx\/index.php?rest_route=%2Fwp%2Fv2%2Fmedia&parent=30058"}],"wp:term":[{"taxonomy":"category","embeddable":true,"href":"https:\/\/eloficiodehistoriar.com.mx\/index.php?rest_route=%2Fwp%2Fv2%2Fcategories&post=30058"},{"taxonomy":"post_tag","embeddable":true,"href":"https:\/\/eloficiodehistoriar.com.mx\/index.php?rest_route=%2Fwp%2Fv2%2Ftags&post=30058"}],"curies":[{"name":"wp","href":"https:\/\/api.w.org\/{rel}","templated":true}]}}