{"id":30062,"date":"2022-11-09T13:32:59","date_gmt":"2022-11-09T19:32:59","guid":{"rendered":"https:\/\/eloficiodehistoriar.com.mx\/?p=30062"},"modified":"2022-11-09T13:32:59","modified_gmt":"2022-11-09T19:32:59","slug":"el-viernes-llegara-a-los-cines-pantera-negra-wakanda-para-siempre-black-panther-wakanda-forever","status":"publish","type":"post","link":"https:\/\/eloficiodehistoriar.com.mx\/?p=30062","title":{"rendered":"El viernes llegar\u00e1 a los cines\u00a0\u00abPantera Negra\u00bb: Wakanda para siempre\u00a0(Black Panther: Wakanda Forever"},"content":{"rendered":"<div class=\"cabeza\"><q>A los latinos nos ense\u00f1an a sentir verg\u00fcenza de lo que somos<\/q>, afirma Tenoch Huerta<\/div>\n<div class=\"sumarios\">\n<p>El mexicano interpreta a Namor, el nuevo antih\u00e9roe de Marvel \/\/ Est\u00e1 inspirado en los mayas<\/p>\n<\/div>\n<div id=\"article-text\" class=\"text tbl-forkorts-article\">\n<div class=\"foto\">\n<div class=\"pie-foto\">Europa Press<\/div>\n<\/div>\n<div class=\"col\">\n<div class=\"credito-titulo\"><\/div>\n<div class=\"hemero\">La Jornada<\/p>\n<\/div>\n<p class=\"s-s\">Madrid.<\/p>\n<p class=\"s-s\">El viernes llegar\u00e1 a los cines\u00a0<em>Pantera Negra: Wakanda para siempre<\/em>\u00a0(<em>Black Panther: Wakanda Forever)<\/em>. La cinta presentar\u00e1 como antagonista a un nuevo personaje de los c\u00f3mics de Marvel, Namor, que en su salto a la gran pantalla contar\u00e1 con un origen diferente al de las vi\u00f1etas inspirado en la cultura maya. El mexicano Tenoch Huerta, actor que lo encarna, considera este cambio como un gran avance en la representaci\u00f3n de la comunidad hispana ya que, denunci\u00f3, \u201cdurante mucho tiempo a los latinoamericanos, en especial a los de piel morena, nos han ense\u00f1ado a sentir verg\u00fcenza de ser lo que somos.<\/p>\n<p><q>La representaci\u00f3n latinoamericana, sobre todo hablando de la ra\u00edz ind\u00edgena, es sumamente importante<\/q>, se\u00f1al\u00f3 en una entrevista concedida a Europa Press con motivo del lanzamiento de la secuela que cambia de protagonista tras la tr\u00e1gica e inesperada muerte Chadwick Boseman, actor que daba vida a Pantera Negra \/ T\u2019Challa en la pel\u00edcula, que vuelve a estar dirigida por Ryan Clooger.<\/p>\n<p><q>Por supuesto que existen otras representaciones que me parecen maravillosas, importantes, poderosas e incluso inspiradoras, pero hac\u00eda falta esta otra parte, la ra\u00edz prehisp\u00e1nica, mesoamericana, particularmente maya, en este caso<\/q>, a\u00f1adi\u00f3 el int\u00e9rprete.<\/p>\n<p class=\"sumario\">Aprendizaje en torno a las culturas mesoamericanas<\/p>\n<p class=\"s-s\">Coogler, tambi\u00e9n guionista de la cinta, indic\u00f3 que para crear al personaje investigaron sobre la pen\u00ednsula de Yucat\u00e1n.\u00a0<q>Est\u00e1bamos emocionados de poder explorar esta cultura. Es genial estudiar mientras trabajas, y aprendimos mucho de las culturas mesoamericanas<\/q>, cont\u00f3 el cineasta.<\/p>\n<p>Huerta reflexion\u00f3 tambi\u00e9n sobre la imagen estereotipada que se tiene de la comunidad latina. \u201cLa mayor\u00eda de latinoamericanos exitosos que podemos ver por el mundo tienen la piel clara y facciones m\u00e1s europeas. Es dif\u00edcil conectarte con estas representaciones. Algunas s\u00ed lo logran, pero hace falta alguien que se parezca un poco m\u00e1s a ti\u201c, defiende,\u00a0<q>Namor a\u00f1ade una capa m\u00e1s, una cubierta extra, a la representaci\u00f3n, en el orgullo y en la autopercepci\u00f3n, porque al final del d\u00eda la inmensa mayor\u00eda de los latinoamericanos, y en particular los mexicanos, tenemos la piel morena<\/q>.<\/p>\n<p>La primera entrega de\u00a0<em>Pantera Negra<\/em>\u00a0present\u00f3 al primer gran superh\u00e9roe negro y la cultura africana en la franquicia del Universo Cinematogr\u00e1fico Marvel (UCM), generando un gran fen\u00f3meno social en el mundo.\u00a0<q>La primera ya tuvo un impacto fuerte en la comunidad de actores, compa\u00f1eros m\u00edos y en m\u00ed mismo cuando la vimos, pues nos sentimos identificados, representados. Nos dio mucho orgullo y mucha alegr\u00eda. Am\u00e9rica Latina se nutre de estas dos ra\u00edces fuertes y principales que se quedaron en el continente: la ind\u00edgena y la africana. Para nosotros signific\u00f3 mucho<\/q>.<\/p>\n<p>Por ello, el int\u00e9rprete conf\u00eda en que la irrupci\u00f3n de Namor en el UCM provoque un efecto similar.\u00a0<q>S\u00ed creo que va a ayudar. Obviamente una sola pel\u00edcula no lo logra todo. Pero va a ayudar a que las representaciones sean mucho m\u00e1s fuertes y que tengan m\u00e1s poder de penetraci\u00f3n en la gente<\/q>, manifest\u00f3.<\/p>\n<p>Por \u00faltimo, Huerta tambi\u00e9n se refiri\u00f3 al objetivo final de un papel como el suyo. \u201cSi esto ayuda a que una ni\u00f1a o un ni\u00f1o se mire al espejo y diga \u2018lo que est\u00e1 en el espejo est\u00e1 bien, es hermoso y valioso\u2019, para m\u00ed, estamos ya en el otro lado\u201d, sentenci\u00f3.<\/p>\n<p>En\u00a0<em>Pantera Negra: Wakanda para siempre<\/em>, Namor y su reino submarino de Taloc\u00e1n se enfrentan a la naci\u00f3n de Wakanda en una sangrienta guerra.\u00a0<q>El conflicto es una parte de la vida. A veces se puede evitar, pero otras veces no<\/q>, asegur\u00f3 Coogler.\u00a0<q>Lo interesante era comprender qui\u00e9n es esta gente, sus complejidades<\/q>.<\/p>\n<p>Por otro lado, el cineasta es consciente de que, al relatar el conflicto entre dos naciones, la trama del filme puede provocar lecturas vinculadas a lo que sucede en Ucrania, tema que sacude a Europa. Por ello, pese a rodar la pel\u00edcula antes de eso, expuso que era fundamental retratar la cara m\u00e1s cruel de la contienda.\u00a0<q>Era muy importante mostrar el dolor que generan estos conflictos, sus consecuencias. Quer\u00edamos incidir en eso<\/q>, sostuvo.<\/p>\n<p>Adem\u00e1s de Huerta, el reparto de\u00a0<em>Pantera Negra: Wakanda para siempre<\/em>\u00a0est\u00e1 integrado por Letitia Wright, quien interpreta a Shuri; Dominique Thorne, a Riri Williams (a.k.a. Ironheart); Winston Duke, a M\u2019 Baku; Danai Gurira, a Okoye; Lupita Nyong\u2019o, a Nakia; Martin Freeman, a Everett K. Ross; Angela Bassett, a la reina Ramonda; Michaela Coel, a Aneka, y Florence Kasumba, a Ayo. La pel\u00edcula es la n\u00famero 30 del UCM y supondr\u00e1 el cierre de la Fase 4.<\/p>\n<\/div>\n<\/div>\n","protected":false},"excerpt":{"rendered":"<p>A los latinos nos ense\u00f1an a sentir verg\u00fcenza de lo que somos, afirma Tenoch Huerta El mexicano interpreta a Namor, el nuevo antih\u00e9roe de Marvel \/\/ Est\u00e1 inspirado en los mayas Europa Press La Jornada Madrid. El viernes llegar\u00e1 a los cines\u00a0Pantera Negra: Wakanda para siempre\u00a0(Black Panther: Wakanda Forever). La cinta presentar\u00e1 como antagonista a [&hellip;]<\/p>\n","protected":false},"author":249,"featured_media":30063,"comment_status":"open","ping_status":"closed","sticky":false,"template":"","format":"standard","meta":{"footnotes":""},"categories":[26],"tags":[],"class_list":["post-30062","post","type-post","status-publish","format-standard","has-post-thumbnail","hentry","category-mundo"],"_links":{"self":[{"href":"https:\/\/eloficiodehistoriar.com.mx\/index.php?rest_route=\/wp\/v2\/posts\/30062","targetHints":{"allow":["GET"]}}],"collection":[{"href":"https:\/\/eloficiodehistoriar.com.mx\/index.php?rest_route=\/wp\/v2\/posts"}],"about":[{"href":"https:\/\/eloficiodehistoriar.com.mx\/index.php?rest_route=\/wp\/v2\/types\/post"}],"author":[{"embeddable":true,"href":"https:\/\/eloficiodehistoriar.com.mx\/index.php?rest_route=\/wp\/v2\/users\/249"}],"replies":[{"embeddable":true,"href":"https:\/\/eloficiodehistoriar.com.mx\/index.php?rest_route=%2Fwp%2Fv2%2Fcomments&post=30062"}],"version-history":[{"count":1,"href":"https:\/\/eloficiodehistoriar.com.mx\/index.php?rest_route=\/wp\/v2\/posts\/30062\/revisions"}],"predecessor-version":[{"id":30064,"href":"https:\/\/eloficiodehistoriar.com.mx\/index.php?rest_route=\/wp\/v2\/posts\/30062\/revisions\/30064"}],"wp:featuredmedia":[{"embeddable":true,"href":"https:\/\/eloficiodehistoriar.com.mx\/index.php?rest_route=\/wp\/v2\/media\/30063"}],"wp:attachment":[{"href":"https:\/\/eloficiodehistoriar.com.mx\/index.php?rest_route=%2Fwp%2Fv2%2Fmedia&parent=30062"}],"wp:term":[{"taxonomy":"category","embeddable":true,"href":"https:\/\/eloficiodehistoriar.com.mx\/index.php?rest_route=%2Fwp%2Fv2%2Fcategories&post=30062"},{"taxonomy":"post_tag","embeddable":true,"href":"https:\/\/eloficiodehistoriar.com.mx\/index.php?rest_route=%2Fwp%2Fv2%2Ftags&post=30062"}],"curies":[{"name":"wp","href":"https:\/\/api.w.org\/{rel}","templated":true}]}}