{"id":30075,"date":"2022-11-10T12:59:05","date_gmt":"2022-11-10T18:59:05","guid":{"rendered":"https:\/\/eloficiodehistoriar.com.mx\/?p=30075"},"modified":"2022-11-10T12:59:05","modified_gmt":"2022-11-10T18:59:05","slug":"la-central-de-abasto-de-la-ciudad-de-mexico-tiene-la-galeria-al-aire-libre-mas-grande-de-latinoamerica","status":"publish","type":"post","link":"https:\/\/eloficiodehistoriar.com.mx\/?p=30075","title":{"rendered":"La Central de Abasto de la Ciudad de M\u00e9xico tiene la galer\u00eda al aire libre m\u00e1s grande de Latinoam\u00e9rica."},"content":{"rendered":"<h2 id=\"article-title-tts\" class=\"title title-default\">Murales callejeros dan vida al paisaje capitalino<\/h2>\n<div class=\"article-info\"><a class=\"author\" href=\"https:\/\/www.jornada.com.mx\/author\/daniel-lopez-aguilar.html\">Daniel L\u00f3pez Aguilar<\/a> .<\/div>\n<div id=\"article-content-images\" class=\"content-items-media\"><\/div>\n<div class=\"foto-pie\">En Iztapalapa existen m\u00e1s de siete mil murales, los cuales abarcan m\u00e1s de 122 mil metros cuadrados. La tradici\u00f3n callejera comenz\u00f3 a finales de la d\u00e9cada de los 90 con obras en la estaci\u00f3n Pantitl\u00e1n del Metro. En la actualidad, vecinos y creadores se re\u00fanen para elegir el tema. En la Central de Abasto (imagen) est\u00e1 la galer\u00eda al aire libre m\u00e1s grande de Latinoam\u00e9rica; sin embargo, algunas de sus 72 grandes pinturas se deterioran, sin que a nadie le interese restaurarlas, lamentan.<\/div>\n<div><\/div>\n<div class=\"article-row\">\n<div class=\"social-links right\">\n<div id=\"content-sintesis-audio\" class=\"sintesis-audio\">\n<div class=\"speak-cont btn-group\">\n<form><em>Ciudad de M\u00e9xico.<\/em><\/p>\n<p>La Central de Abasto (Ceda) de la Ciudad de M\u00e9xico es el mercado mayorista con la galer\u00eda al aire libre m\u00e1s grande de Latinoam\u00e9rica. Sin embargo, algunos de los 72 murales que consolidaron a esta zona comercial como uno de los grandes foros del arte urbano, en Iztapalapa, se encuentran muy deteriorados \u201cy a nadie le interesa restaurarlos\u201d.<\/p>\n<\/form>\n<\/div>\n<\/div>\n<\/div>\n<div class=\"article-main\">\n<div class=\"\">\n<div id=\"article-content-tts\" class=\"article-content ljn-nota-contenido\">\n<div id=\"content_nitf\">\n<p>As\u00ed lo lamenta Irma Macedo (Ciudad de M\u00e9xico, 1975), directora de Central de Muros, proyecto enfocado a resignificar los espacios p\u00fablicos mediante el arte, adem\u00e1s de convocar a la apropiaci\u00f3n de los lugares con vocaciones \u201ccomplicadas\u201d, es decir, en aquellos barrios donde prevalecen \u00edndices elevados de delincuencia y poblaci\u00f3n y grandes cantidades de basura, entre otros.<\/p>\n<p>\u201cAntes que nada, es muy importante hacer la distinci\u00f3n entre arte y decoraci\u00f3n, sin atribuir alg\u00fan valor de cu\u00e1l es mejor. El arte es una forma de comunicaci\u00f3n, de di\u00e1logo; es educaci\u00f3n y disrupci\u00f3n, es el estudio que provoca que una persona, con conocimiento de lo que quiere decir, incida en la percepci\u00f3n de los individuos que viven y cohabitan en un lugar espec\u00edfico\u201d, explica Macedo en entrevista con\u00a0<em>La Jornada<\/em>.<\/p>\n<p>\u201cLa decoraci\u00f3n\u201d, a\u00f1ade, \u201cconsiste en embellecer cualquier espacio, adem\u00e1s de crear ambientes con recursos est\u00e9ticos. Un lugar multicolor ser\u00e1 mucho mejor que uno gris, pues este \u00faltimo posee una vibraci\u00f3n nula. En cambio, otras tonalidades siempre impactan al cerebro.\u201d<\/p>\n<p>En 2017, Central de Muros inici\u00f3 su plan art\u00edstico muralista en la Ceda, cuya afluencia diaria de visitantes, en su mayor\u00eda comerciantes, es de alrededor de 300 mil, atendidos por unos 70 mil trabajadores en diversas actividades.<\/p>\n<p>\u201cEn dos a\u00f1os realizamos 72 murales, aunque la iniciativa se realiz\u00f3 en tres etapas: la primera en el \u00e1rea de frutas y legumbres (con 36 obras), lo que origin\u00f3 el inter\u00e9s de organismos internacionales, como el Centro de Informaci\u00f3n de Naciones Unidas, que nos propuso asociarnos en los Objetivos de Desarrollo Sostenible de la agenda 2030 de la Organizaci\u00f3n de Naciones Unidas\u201d, se\u00f1ala Macedo.<\/p>\n<p>\u201cEse fue el pre\u00e1mbulo de la segunda fase, la cual se ejecut\u00f3 por conducto de la convocatoria nacional e internacional para seleccionar a m\u00e1s artistas. En la \u00faltima parte del proyecto hablamos de las distintas tem\u00e1ticas que ser\u00edan plasmadas en la Ceda; s\u00f3lo pedimos que no se representara violencia y, por lo contrario, se reflejara una realidad m\u00e1s amena de lo que se vive a diario en el mercado m\u00e1s grande del mundo.<\/p>\n<p>\u201cLos espacios a intervenir en cada etapa fueron propuestos por nosotros y aprobados por la direcci\u00f3n general de la Central de Abasto.\u201d<\/p>\n<h2>Primera intervenci\u00f3n<\/h2>\n<p>Entre frutas, legumbres, abarrotes y otros v\u00edveres, la primera intervenci\u00f3n fue hecha por el creador japon\u00e9s Kenta Tori, cuyo trabajo titulado\u00a0<em>Dios del \u00e1rbol m\u00e1gico Ceda<\/em>\u00a0alude a un animal que simboliza protecci\u00f3n y abundancia en las culturas asi\u00e1ticas: el felino. La representaci\u00f3n del mam\u00edfero fue contextualizada con el guerrero jaguar mexica.<\/p>\n<p>El trabajo realizado en la Ceda fue muy gratificante, ya que \u201ccambi\u00f3 la percepci\u00f3n del sitio y, al mismo tiempo, aumentamos su vocaci\u00f3n, adem\u00e1s de que nos reconocieron con varias distinciones, como el Premio Fitur (Madrid, Espa\u00f1a, 2018) a la mejor recuperaci\u00f3n de espacio p\u00fablico para el turismo\u201d, destaca Macedo, tambi\u00e9n defensora de los derechos de los animales.<\/p>\n<p>\u201cDurante dos a\u00f1os\u201d, prosigue, \u201cla Ceda fue percibida como un lugar con gran potencial cultural. Fue un cambio radical muy evidente: ten\u00edamos la galer\u00eda al aire libre m\u00e1s grande de Latinoam\u00e9rica. Un producto cultural, social, tur\u00edstico y econ\u00f3mico de gran reconocimiento, pero que, por desgracia, en este momento est\u00e1 abandonado.<\/p>\n<p>\u201cPredomina la indiferencia y a nadie le interesa seguir con el proyecto, que trajo tantas alegr\u00edas y cambios de vida. En la actualidad se apuesta a la decoraci\u00f3n, al lugar com\u00fan, con un despliegue de t\u00e9cnica importante, pero no hay profundidad para confrontar al espectador.\u201d<\/p>\n<p>Expuso el caso de una obra de 7.7 por 22 metros en el que Diana Bama plasm\u00f3 una coneja con vagina y senos expuestos y que desat\u00f3 pol\u00e9mica, aunque la artista espa\u00f1ola \u201ctuvo la voluntad, el \u00e1nimo y el conocimiento de decirle a una poblaci\u00f3n (en su mayor\u00eda masculina) que no hab\u00eda nada indigno ni de pena en su trabajo. Esta creaci\u00f3n ya comenz\u00f3 a despintarse debido a m\u00faltiples factores; lo que se requiere es su mantenimiento y un poco de amor para que siga irradiando la lindura que pose\u00eda.<\/p>\n<p>\u201cNuestros intentos no han cesado, hemos hablado con distintos representantes de la Ciudad de M\u00e9xico, as\u00ed como de la Federaci\u00f3n, pero no hay voluntad para retomar nuestro emprendimiento. El pretexto siempre es el dinero, sin darle prioridad al arte, eje transversal que trastoca todo.<\/p>\n<p>\u201cHay que apostar al arte y a la cultura, as\u00ed como a la educaci\u00f3n, formal e informal. Se puede incidir en las conciencias para crear un mundo diferente. Si no lo logramos en conjunto, al menos tocaremos un coraz\u00f3n a la vez, y ese esfuerzo valdr\u00e1 la pena. Espero que estas l\u00edneas sean le\u00eddas por las autoridades o alguna compa\u00f1\u00eda interesada en el rubro de la responsabilidad social a fin de que se pueda retomar el proyecto art\u00edstico en la Ceda\u201d, concluye la promotora cultural, quien prev\u00e9 realizar recorridos promocionales por los murales del mercado para encontrar alg\u00fan interesado en renovarlos.<\/p>\n<\/div>\n<\/div>\n<\/div>\n<\/div>\n<\/div>\n","protected":false},"excerpt":{"rendered":"<p>Murales callejeros dan vida al paisaje capitalino Daniel L\u00f3pez Aguilar . En Iztapalapa existen m\u00e1s de siete mil murales, los cuales abarcan m\u00e1s de 122 mil metros cuadrados. La tradici\u00f3n callejera comenz\u00f3 a finales de la d\u00e9cada de los 90 con obras en la estaci\u00f3n Pantitl\u00e1n del Metro. En la actualidad, vecinos y creadores se [&hellip;]<\/p>\n","protected":false},"author":249,"featured_media":30076,"comment_status":"open","ping_status":"closed","sticky":false,"template":"","format":"standard","meta":{"footnotes":""},"categories":[26],"tags":[],"class_list":["post-30075","post","type-post","status-publish","format-standard","has-post-thumbnail","hentry","category-mundo"],"_links":{"self":[{"href":"https:\/\/eloficiodehistoriar.com.mx\/index.php?rest_route=\/wp\/v2\/posts\/30075","targetHints":{"allow":["GET"]}}],"collection":[{"href":"https:\/\/eloficiodehistoriar.com.mx\/index.php?rest_route=\/wp\/v2\/posts"}],"about":[{"href":"https:\/\/eloficiodehistoriar.com.mx\/index.php?rest_route=\/wp\/v2\/types\/post"}],"author":[{"embeddable":true,"href":"https:\/\/eloficiodehistoriar.com.mx\/index.php?rest_route=\/wp\/v2\/users\/249"}],"replies":[{"embeddable":true,"href":"https:\/\/eloficiodehistoriar.com.mx\/index.php?rest_route=%2Fwp%2Fv2%2Fcomments&post=30075"}],"version-history":[{"count":1,"href":"https:\/\/eloficiodehistoriar.com.mx\/index.php?rest_route=\/wp\/v2\/posts\/30075\/revisions"}],"predecessor-version":[{"id":30077,"href":"https:\/\/eloficiodehistoriar.com.mx\/index.php?rest_route=\/wp\/v2\/posts\/30075\/revisions\/30077"}],"wp:featuredmedia":[{"embeddable":true,"href":"https:\/\/eloficiodehistoriar.com.mx\/index.php?rest_route=\/wp\/v2\/media\/30076"}],"wp:attachment":[{"href":"https:\/\/eloficiodehistoriar.com.mx\/index.php?rest_route=%2Fwp%2Fv2%2Fmedia&parent=30075"}],"wp:term":[{"taxonomy":"category","embeddable":true,"href":"https:\/\/eloficiodehistoriar.com.mx\/index.php?rest_route=%2Fwp%2Fv2%2Fcategories&post=30075"},{"taxonomy":"post_tag","embeddable":true,"href":"https:\/\/eloficiodehistoriar.com.mx\/index.php?rest_route=%2Fwp%2Fv2%2Ftags&post=30075"}],"curies":[{"name":"wp","href":"https:\/\/api.w.org\/{rel}","templated":true}]}}