{"id":30078,"date":"2022-11-10T13:12:49","date_gmt":"2022-11-10T19:12:49","guid":{"rendered":"https:\/\/eloficiodehistoriar.com.mx\/?p=30078"},"modified":"2022-11-10T13:12:49","modified_gmt":"2022-11-10T19:12:49","slug":"las-muertes-cimbran-la-de-gal-costa-lastima-su-voz-de-cristal-enciende-la-pira-de-la-inmortalidad","status":"publish","type":"post","link":"https:\/\/eloficiodehistoriar.com.mx\/?p=30078","title":{"rendered":"Las muertes cimbran. La de Gal Costa lastima, su voz de cristal  enciende la pira de la inmortalidad"},"content":{"rendered":"<div id=\"article-cont\" class=\"main-cont article-cont actuality\">\n<div class=\"cabeza\">Muri\u00f3 Gal Costa, gran\u00a0<q>cantante que llev\u00f3 los sonidos de Brasil a todo el planeta<\/q><\/div>\n<div class=\"sumarios\">\n<p>Su \u00faltimo suspiro se escuch\u00f3 en la intimidad de su hogar, en Sao Paulo \/\/ Caetano Veloso y Chico Buarque expresaron su pesar<\/p>\n<\/div>\n<div id=\"article-text\" class=\"text\">\n<div class=\"foto\">\n<div class=\"pie-foto\">Gal Costa ten\u00eda 77 a\u00f1os, un hijo de 17, una gira pendiente por Europa y un inmenso amor a la humanidad.<\/div>\n<div><\/div>\n<\/div>\n<div class=\"col col1\">\n<div class=\"credito-autor\">Pablo Espinosa<\/div>\n<div class=\"credito-titulo\"><\/div>\n<div class=\"hemero\">La Jornada<\/p>\n<\/div>\n<p class=\"s-s\">Las muertes repentinas cimbran siempre. La de Gal Costa lastima igualmente que acaricia: su voz de cristal se apag\u00f3 ayer para encender la pira de la inmortalidad. Ten\u00eda 77 a\u00f1os, un hijo de 17, una gira pendiente por Europa y un amor, un inmenso amor por la humanidad. Sus luchas sociales tuvieron su \u00faltima victoria cuando contribuy\u00f3 al triunfo de Lula en las elecciones recientes. Hoy la voz de Gal suena diferente en nuestros o\u00eddos: se volvi\u00f3 m\u00e1s dulce. Dulce amor, una de sus expresiones favoritas.<\/p>\n<p>Su \u00faltimo suspiro se escuch\u00f3 en la intimidad de su hogar en Sao Paulo, donde se recuperaba de una cirug\u00eda que le practicaron en septiembre, cuando le retiraron un n\u00f3dulo en la fosa nasal derecha. Sus allegados no proporcionaron mayores datos m\u00e9dicos.<\/p>\n<p>Anunciaron, en cambio, que el funeral ser\u00e1 abierto al p\u00fablico a partir de las 11 de la ma\u00f1ana de este jueves, en la sede de la Asamblea Legislativa y que se reservar\u00e1n la intimidad de la inhumaci\u00f3n.<\/p>\n<p>El presidente electo de Brasil, Luiz In\u00e1cio Lula da Silva, fue el primero en poder hablar, ante el impacto de la noticia:\u00a0<q>Gal Costa fue una de las mayores cantantes del mundo, una de nuestras principales artistas, y llev\u00f3 el nombre y los sonidos de Brasil a todo el planeta. Su talento, t\u00e9cnica y osad\u00eda enriqueci\u00f3 y renov\u00f3 nuestra cultura. Anim\u00f3 y marc\u00f3 la vida de millones de brasile\u00f1os<\/q>.<\/p>\n<p>Chico Buarque de Holanda, uno de sus m\u00e1s \u00edntimos, de plano inform\u00f3 que suspende sus conciertos anunciados para este fin de semana.\u00a0<q>No tengo las condiciones emocionales para cantar<\/q>, dijo, sombr\u00edo.<\/p>\n<p>Caetano Veloso, el m\u00e1s cercano de los hombres al coraz\u00f3n de Gal Costa, no pudo pronunciar palabra alguna.<\/p>\n<p>Unas horas antes de su muerte, en la p\u00e1gina de Twitter de Gal Costa apareci\u00f3 un video del programa de televisi\u00f3n, todav\u00eda en blanco y negro, que ten\u00edan Chico Buarque y Caetano Veloso, y el fragmento muestra la sesi\u00f3n donde Gal particip\u00f3 como invitada.<\/p>\n<p>La canci\u00f3n se titula\u00a0<em>Meu amor, voce me d\u00e1 sorte!,<\/em>\u00a0hay un momento donde Gal identifica entre el p\u00fablico, de pie abajo de la tarima donde ella canta, a Caetano Veloso. Ella se agacha a cantarle a \u00e9l y \u00e9l se une al canto con ella y al final se besan en los labios.<\/p>\n<p class=\"sumario\"><q>Vengo a cantar para ti<\/q><\/p>\n<p class=\"s-s\">Cuando la embajadora de M\u00e9xico en Brasil, la escritora Laura Esquivel, comparti\u00f3 a\u00a0<em>La Jornada<\/em>\u00a0la primicia, en franca ceremonia entre mel\u00f3manos, la publicaci\u00f3n de ese video cobr\u00f3 sentido: fue una despedida.<\/p>\n<p>Unas horas despu\u00e9s, apareci\u00f3 un nuevo video, de hace un a\u00f1o, cuando Caetano estuvo en un programa de televisi\u00f3n y de repente dieron entrada al plat\u00f3 a Gal Costa, quien en visita sorpresa le dijo:\u00a0<q>vengo a cantar para ti<\/q>\u00a0y se abrazaron y besaron y miraron de tal manera que todos, ellos dos incluidos, lloramos.<\/p>\n<\/div>\n<div class=\"col col2\">\n<p>Dulce amor.<\/p>\n<p>Maria Bethania apareci\u00f3 en una cadena de televisi\u00f3n brasile\u00f1a, llorando. Afirm\u00f3:\u00a0<q>no esper\u00e1bamos esto, perder a un ser que es la m\u00e1s pura luz<\/q>.<\/p>\n<p>La ma\u00f1ana de ayer, Gal Costa ten\u00eda el diagn\u00f3stico m\u00e9dico de\u00a0<q>en v\u00edas de recuperaci\u00f3n<\/q>\u00a0y se dispon\u00eda a continuar, ah\u00ed, en Sao Paulo, su gira titulada\u00a0<em>Las varias puntas de una estrella,<\/em>\u00a0en la que inclu\u00eda grandes momentos del cancionero de la M\u00fasica Popular Brasile\u00f1a (MPB), mismo material que incluy\u00f3 en su disco, ahora p\u00f3stumo, cuya rese\u00f1a public\u00f3 en la columna\u00a0<em>Disquero,<\/em>\u00a0de\u00a0<em>La Jornada,<\/em>\u00a0apenas hace tres meses.<\/p>\n<p>Ahora cobra sentido tambi\u00e9n el significado de ese disco, titulado\u00a0<em>Nenhuma dor (Ning\u00fan dolor):<\/em>\u00a0una celebraci\u00f3n de la vida a partir de versos del poeta Torquato Neto puestos en m\u00fasica por Caetano Veloso en 1967 y que grabaron juntos, Gal y Caetano, en el disco debut de ambos:\u00a0<em>Domingo.<\/em><\/p>\n<p>Fue, ahora lo confirmamos, el cierre del c\u00edrculo de la vida, 55 a\u00f1os despu\u00e9s de haber iniciado el camino con Caetano.<\/p>\n<p>En pr\u00e1cticamente todas las canciones del disco p\u00f3stumo de Gal Costa est\u00e1 la palabra camino y sus equivalentes. Eligi\u00f3 10 piezas para despedirse al cumplir 75 a\u00f1os de edad, y lo celebr\u00f3 en 2020 con ese \u00e1lbum:\u00a0<em>Ning\u00fan dolor.<\/em><\/p>\n<p>Esas canciones reverberan la revoluci\u00f3n cultural, la contracultura que enarbol\u00f3 todo el movimiento de la MPB: Joao Gilberto, Maria Bethania y su hermano, Caetano Veloso y su hermano: Chico Buarque.<\/p>\n<p>Est\u00e1n en ese \u00e1lbum muchos de los valores que sostuvieron el andamiaje de todos los viajes que empredi\u00f3 Gal en cada mil\u00edmetro de cada escenario que habit\u00f3: la revoluci\u00f3n cultural jipi, la explosi\u00f3n del rock cl\u00e1sico, la lucha feminista, la defensa de los valores sociales, hombro con hombro con los pobres, los despreciados, los despose\u00eddos.<\/p>\n<p>Somos millones los que debemos a Gal lo que somos piel adentro: volcanes de emociones, aluviones de buenos sentimientos, ilusiones por un mundo mejor, por una sociedad m\u00e1s justa.<\/p>\n<p>Ha muerto una semidiosa, una de las artistas m\u00e1s influyentes, amadas, una de las integrantes de la legi\u00f3n de semidiosas en cuyo territorio habitan otras de sus iguales, como Nina Simone.<\/p>\n<p>Hoy un sentimiento de desamparo nos invade. Por igual en la memoria de nuestros padres, que la amaron, que en ese joven que apenas tiene 19 a\u00f1os y tiene ya todos los discos de Gal Costa.<\/p>\n<p>Por eso, a partir de este momento, su voz suena diferente en nuestros o\u00eddos: se volvi\u00f3 m\u00e1s dulce.<\/p>\n<p>Dulce amor, una de sus expresiones favoritas.<\/p>\n<\/div>\n<\/div>\n<div class=\"go gui\">\n<div class=\"go-up\"><\/div>\n<\/div>\n<\/div>\n<div id=\"taboola-below-content-thumbnails\" class=\" trc_related_container trc_spotlight_widget tbl-feed-container tbl-feed-frame-DIVIDER  render-late-effect\" data-feed-container-num=\"1\" data-feed-main-container-id=\"taboola-below-content-thumbnails\" data-parent-placement-name=\"Below Content Thumbnails\" data-pub-lang=\"es\">\n<div class=\" tbl-feed-header tbl-logo-right-position\">\n<div class=\"tbl-feed-header-logo\"><\/div>\n<\/div>\n<\/div>\n","protected":false},"excerpt":{"rendered":"<p>Muri\u00f3 Gal Costa, gran\u00a0cantante que llev\u00f3 los sonidos de Brasil a todo el planeta Su \u00faltimo suspiro se escuch\u00f3 en la intimidad de su hogar, en Sao Paulo \/\/ Caetano Veloso y Chico Buarque expresaron su pesar Gal Costa ten\u00eda 77 a\u00f1os, un hijo de 17, una gira pendiente por Europa y un inmenso amor [&hellip;]<\/p>\n","protected":false},"author":249,"featured_media":30079,"comment_status":"open","ping_status":"closed","sticky":false,"template":"","format":"standard","meta":{"footnotes":""},"categories":[26],"tags":[],"class_list":["post-30078","post","type-post","status-publish","format-standard","has-post-thumbnail","hentry","category-mundo"],"_links":{"self":[{"href":"https:\/\/eloficiodehistoriar.com.mx\/index.php?rest_route=\/wp\/v2\/posts\/30078","targetHints":{"allow":["GET"]}}],"collection":[{"href":"https:\/\/eloficiodehistoriar.com.mx\/index.php?rest_route=\/wp\/v2\/posts"}],"about":[{"href":"https:\/\/eloficiodehistoriar.com.mx\/index.php?rest_route=\/wp\/v2\/types\/post"}],"author":[{"embeddable":true,"href":"https:\/\/eloficiodehistoriar.com.mx\/index.php?rest_route=\/wp\/v2\/users\/249"}],"replies":[{"embeddable":true,"href":"https:\/\/eloficiodehistoriar.com.mx\/index.php?rest_route=%2Fwp%2Fv2%2Fcomments&post=30078"}],"version-history":[{"count":1,"href":"https:\/\/eloficiodehistoriar.com.mx\/index.php?rest_route=\/wp\/v2\/posts\/30078\/revisions"}],"predecessor-version":[{"id":30080,"href":"https:\/\/eloficiodehistoriar.com.mx\/index.php?rest_route=\/wp\/v2\/posts\/30078\/revisions\/30080"}],"wp:featuredmedia":[{"embeddable":true,"href":"https:\/\/eloficiodehistoriar.com.mx\/index.php?rest_route=\/wp\/v2\/media\/30079"}],"wp:attachment":[{"href":"https:\/\/eloficiodehistoriar.com.mx\/index.php?rest_route=%2Fwp%2Fv2%2Fmedia&parent=30078"}],"wp:term":[{"taxonomy":"category","embeddable":true,"href":"https:\/\/eloficiodehistoriar.com.mx\/index.php?rest_route=%2Fwp%2Fv2%2Fcategories&post=30078"},{"taxonomy":"post_tag","embeddable":true,"href":"https:\/\/eloficiodehistoriar.com.mx\/index.php?rest_route=%2Fwp%2Fv2%2Ftags&post=30078"}],"curies":[{"name":"wp","href":"https:\/\/api.w.org\/{rel}","templated":true}]}}