{"id":30081,"date":"2022-11-10T13:19:36","date_gmt":"2022-11-10T19:19:36","guid":{"rendered":"https:\/\/eloficiodehistoriar.com.mx\/?p=30081"},"modified":"2022-11-10T13:19:36","modified_gmt":"2022-11-10T19:19:36","slug":"la-profesa-alberga-uno-de-los-acervos-mas-ricos-e-importantes-de-la-pintura-producida-en-mexico","status":"publish","type":"post","link":"https:\/\/eloficiodehistoriar.com.mx\/?p=30081","title":{"rendered":"La Profesa alberga uno de los acervos m\u00e1s ricos e importantes de la pintura producida en M\u00e9xico"},"content":{"rendered":"<div id=\"article-cont\" class=\"main-cont article-cont actuality\">\n<div class=\"cabeza\">Urgen a reparar la Pinacoteca de La Profesa, cerrada desde el sismo de 2017<\/div>\n<div class=\"sumarios\">\n<p>El proyecto ejecutivo de intervenci\u00f3n para el templo est\u00e1 casi concluido, seg\u00fan el INAH<\/p>\n<\/div>\n<div id=\"article-text\" class=\"text\">\n<div class=\"foto\">\n<div class=\"pie-foto\"><em>Patrocinio de San Jos\u00e9<\/em> ,. 1774, de Jos\u00e9 de Alc\u00edbar (1725-1803). \u00d3leo sobre tela<\/div>\n<div><\/div>\n<div class=\"pie-foto\">Col. Bienes Propiedad de la Naci\u00f3n Mexicana. Secretar\u00eda de Cultura. Direcci\u00f3n General de Sitios y Monumentos del Patrimonio Cultural. Acervo Pinacoteca del Templo de San Felipe Neri La Profesa, una de las obras que integran la exposici\u00f3n <em>Joyas de la Pinacoteca de La Profesa: Dos congregaciones y una colecci\u00f3n<\/em>.<span class=\"credito\">Foto Imagen cortes\u00eda de la p\u00e1gina oficial de Fomento Cultural Banamex<\/span><\/div>\n<div><\/div>\n<\/div>\n<div class=\"col col1\">\n<div class=\"credito-autor\">\u00c1ngel Vargas<\/div>\n<div class=\"credito-titulo\"><\/div>\n<div class=\"hemero\">La Jornada<\/p>\n<\/div>\n<p class=\"s-s\">Pese a que alberga uno de los acervos m\u00e1s ricos e importantes de la pintura producida en M\u00e9xico a lo largo del periodo virreinal, la Pinacoteca de La Profesa \u2013localizada en el templo del mismo nombre, en el Centro Hist\u00f3rico\u2013 permanece cerrada desde hace cinco a\u00f1os por las afectaciones que sufri\u00f3 el inmueble debido al sismo del 19 de septiembre de 2017.<\/p>\n<p><q>Mucho nos duele que desafortunadamente la pinacoteca se encuentre cerrada por los da\u00f1os del terremoto de 2017 y, lo m\u00e1s triste, que permanezca hasta la fecha en espera de contar con los apoyos y recursos que permitan hacer lo que fuera necesario<\/q>, lament\u00f3 el historiador Rogelio Ruiz Gomar.<\/p>\n<p>El maestro en historia del arte, especialista en pintura virreinal, ofreci\u00f3 el martes pasado una conferencia sobre ese relevante acervo art\u00edstico en el contexto de la muestra\u00a0<em>Joyas de la Pinacoteca y de La Profesa: Dos congregaciones una colecci\u00f3n<\/em>, que se presenta desde junio y hasta el 15 de enero de 2023 en el Palacio de Cultura Citibanamex (Francisco I. Madero 17, Centro Hist\u00f3rico).<\/p>\n<p>La directora de Fomento Cultural Banamex, C\u00e1ndida Fern\u00e1ndez, confirm\u00f3 que algunas de las pinturas de esa colecci\u00f3n religiosa\u00a0<q>est\u00e1n muy da\u00f1adas (porque) tuvieron escurrimiento de agua por las grietas de la b\u00f3veda que se separan varios cent\u00edmetros<\/q>.<\/p>\n<p>Explic\u00f3 que el Instituto Nacional de Antropolog\u00eda e Historia (INAH) ya separ\u00f3, embal\u00f3 y estib\u00f3 esas obras de arte en lugares m\u00e1s seguros dentro del propio templo de La Profesa.<\/p>\n<p><q>Pero s\u00ed es muy urgente la reparaci\u00f3n del recinto, ya que algunas de las obras s\u00ed se da\u00f1aron; las m\u00e1s afectadas ya se repararon<\/q>, aclar\u00f3 la historiadora, curadora y promotora cultural, quien precis\u00f3 que con motivo de la mencionada muestra fueron restauradas 22 de las 45 pinturas que la conforman, a las que se suman otras 14 que se intervinieron en a\u00f1os anteriores en el marco de otras exposiciones presentadas en dicho espacio muse\u00edstico.<\/p>\n<p>C\u00e1ndida Fern\u00e1ndez coment\u00f3 que, seg\u00fan autoridades del INAH, el proyecto ejecutivo de intervenci\u00f3n para el templo de La Profesa est\u00e1 casi concluido y que se pretende empezar los trabajos a mediados de 2023.\u00a0<q>Estamos atentos y tambi\u00e9n con una peque\u00f1a contribuci\u00f3n para acelerar estas obras de arranque<\/q>, agreg\u00f3.<\/p>\n<p>En su conferencia, Rogelio Ruiz Gomar record\u00f3 que la Pinacoteca de La Profesa estuvo abierta al p\u00fablico de manera ininterrumpida desde el 26 de mayo de 1977, fecha en la que se inaugur\u00f3. La describi\u00f3 como un caso intermedio entre museo p\u00fablico, templo abierto al culto y el mundo privado de las colecciones particulares.<\/p>\n<\/div>\n<div class=\"col col2\">\n<p>Sobre la colecci\u00f3n, asever\u00f3 que constituye\u00a0<q>un excepcional tesoro, impresionante en cantidad y calidad<\/q>. Precis\u00f3 que si bien cuenta con obras europeas, se integra en su gran mayor\u00eda por aquellas de artistas mexicanos de los siglos XVII al XIX, por lo que est\u00e1n representados los grandes periodos de la historia de M\u00e9xico: la Colonia, la Independencia y la Reforma.<\/p>\n<p><q>No exageramos al afirmar que La Profesa resguarda uno de los acervos m\u00e1s ricos e importantes de la pintura producida en M\u00e9xico a lo largo del periodo virreinal<\/q>, apunt\u00f3 el investigador del Instituto de Investigaciones Est\u00e9ticas de la UNAM.<\/p>\n<p>Resalt\u00f3 que s\u00ed existen valiosos lotes de pintura novohispana en otros museos y recintos nacionales, como los nacionales de Arte y del Virreinato, pero el de La Profesa, a diferencia de esos otros espacios, tiene la particularidad de que se conserva\u00a0<em>in situ.<\/em><\/p>\n<p><q>Eso significa que estamos ante un conjunto de cuadros que proverbialmente se salv\u00f3 de la disgregaci\u00f3n que sufri\u00f3 buena parte de nuestro patrimonio hist\u00f3rico y art\u00edstico a causa de la aplicaci\u00f3n de las Leyes de Reforma hacia mediados del siglo XIX, y que se ha mantenido \u00edntegro y vivo.<\/q><\/p>\n<p>Luego de se\u00f1alar que tan importante acervo pict\u00f3rico fue iniciado en el siglo XVI por la Compa\u00f1\u00eda de Jes\u00fas y continuado desde 1771 por la Orden de San Felipe Neri, el especialista recalc\u00f3 que a la par de artistas pocos conocidos o desconocidos, e incluso an\u00f3nimos, en la Pinacoteca de La Profesa, con excepci\u00f3n de Luis Ju\u00e1rez y Juan Patricio Morlete Ruiz, no falta ninguno de los m\u00e1s destacados maestros de la pintura virreinal.<\/p>\n<p>Hay obras de Baltasar de Echave Orio, Alonso L\u00f3pez de Herrera, Jos\u00e9 Ju\u00e1rez, Crist\u00f3bal de Villalpando, Juan Correa, Nicol\u00e1s y Juan Rodr\u00edguez Ju\u00e1rez, Antonio de Torres, Miguel Cabrera, Andr\u00e9s de Islas, Jos\u00e9 de P\u00e1ez y Jos\u00e9 de Alc\u00edbar, entre otros.<\/p>\n<p>Otra de las caracter\u00edsticas de ese acervo, subray\u00f3, es que resguarda piezas de gran inter\u00e9s no tanto por su calidad art\u00edstica, sino por su excepcionalidad, como el caso de uno de los pocos retratos realizados por Crist\u00f3bal de Villalpando y el \u00fanico retrato que hasta la fecha se conoce firmado por Antonio de Torres, as\u00ed como una de las obras m\u00e1s tempranas de Juan Rodr\u00edguez Ju\u00e1rez, firmada en 1692, cuando el afamado artista ten\u00eda 17 a\u00f1os.<\/p>\n<\/div>\n<\/div>\n<div class=\"go gui\">\n<div class=\"go-up\"><\/div>\n<\/div>\n<\/div>\n","protected":false},"excerpt":{"rendered":"<p>Urgen a reparar la Pinacoteca de La Profesa, cerrada desde el sismo de 2017 El proyecto ejecutivo de intervenci\u00f3n para el templo est\u00e1 casi concluido, seg\u00fan el INAH Patrocinio de San Jos\u00e9 ,. 1774, de Jos\u00e9 de Alc\u00edbar (1725-1803). \u00d3leo sobre tela Col. Bienes Propiedad de la Naci\u00f3n Mexicana. Secretar\u00eda de Cultura. Direcci\u00f3n General de [&hellip;]<\/p>\n","protected":false},"author":249,"featured_media":30082,"comment_status":"open","ping_status":"closed","sticky":false,"template":"","format":"standard","meta":{"footnotes":""},"categories":[26],"tags":[],"class_list":["post-30081","post","type-post","status-publish","format-standard","has-post-thumbnail","hentry","category-mundo"],"_links":{"self":[{"href":"https:\/\/eloficiodehistoriar.com.mx\/index.php?rest_route=\/wp\/v2\/posts\/30081","targetHints":{"allow":["GET"]}}],"collection":[{"href":"https:\/\/eloficiodehistoriar.com.mx\/index.php?rest_route=\/wp\/v2\/posts"}],"about":[{"href":"https:\/\/eloficiodehistoriar.com.mx\/index.php?rest_route=\/wp\/v2\/types\/post"}],"author":[{"embeddable":true,"href":"https:\/\/eloficiodehistoriar.com.mx\/index.php?rest_route=\/wp\/v2\/users\/249"}],"replies":[{"embeddable":true,"href":"https:\/\/eloficiodehistoriar.com.mx\/index.php?rest_route=%2Fwp%2Fv2%2Fcomments&post=30081"}],"version-history":[{"count":1,"href":"https:\/\/eloficiodehistoriar.com.mx\/index.php?rest_route=\/wp\/v2\/posts\/30081\/revisions"}],"predecessor-version":[{"id":30083,"href":"https:\/\/eloficiodehistoriar.com.mx\/index.php?rest_route=\/wp\/v2\/posts\/30081\/revisions\/30083"}],"wp:featuredmedia":[{"embeddable":true,"href":"https:\/\/eloficiodehistoriar.com.mx\/index.php?rest_route=\/wp\/v2\/media\/30082"}],"wp:attachment":[{"href":"https:\/\/eloficiodehistoriar.com.mx\/index.php?rest_route=%2Fwp%2Fv2%2Fmedia&parent=30081"}],"wp:term":[{"taxonomy":"category","embeddable":true,"href":"https:\/\/eloficiodehistoriar.com.mx\/index.php?rest_route=%2Fwp%2Fv2%2Fcategories&post=30081"},{"taxonomy":"post_tag","embeddable":true,"href":"https:\/\/eloficiodehistoriar.com.mx\/index.php?rest_route=%2Fwp%2Fv2%2Ftags&post=30081"}],"curies":[{"name":"wp","href":"https:\/\/api.w.org\/{rel}","templated":true}]}}