{"id":30089,"date":"2022-11-10T13:33:20","date_gmt":"2022-11-10T19:33:20","guid":{"rendered":"https:\/\/eloficiodehistoriar.com.mx\/?p=30089"},"modified":"2022-11-10T13:34:15","modified_gmt":"2022-11-10T19:34:15","slug":"30089","status":"publish","type":"post","link":"https:\/\/eloficiodehistoriar.com.mx\/?p=30089","title":{"rendered":"El poeta venezolano Rafael Cadenas es el Premio \u00abCervantes\u00bb 2022"},"content":{"rendered":"<div>\n<h1 class=\"title\">El poeta venezolano Rafael Cadenas gana el Premio Cervantes 2022<\/h1>\n<\/div>\n<h3 class=\"subtitle\">El glard\u00f3n es uno de los m\u00e1ximos reconocimientos de la literatura en espa\u00f1ol que trae consigo tambi\u00e9n un premio econ\u00f3mico<\/h3>\n<p>Con sus letras, Rafael Cadenas ha enriquecido el legado literario hisp\u00e1nico.<\/p>\n<div id=\"affix-share\" class=\"sharing-menu affix\">\n<ul>\n<li>EFE<\/li>\n<\/ul>\n<\/div>\n<div class=\"content-body clearfix \">\n<div id=\"content-body-225-9169074\">\n<p>El\u00a0<b><a href=\"https:\/\/www.elsoldemexico.com.mx\/cultura\/la-casa-del-poeta-ramon-lopez-velarde-rendira-homenaje-a-david-huerta-9156647.html\" target=\"_blank\" rel=\"Follow noopener\">poeta<\/a>\u00a0venezolano Rafael Cadenas<\/b>\u00a0fue este jueves galardonado con el\u00a0<b>Premio Cervantes 2022<\/b>, el m\u00e1ximo reconocimiento de las letras en espa\u00f1ol y dotado con 125 mil euros (144 mil 800 d\u00f3lares).<\/p>\n<p>En rueda de prensa, el ministro espa\u00f1ol de<b>\u00a0Cultura y Deportes<\/b>,\u00a0<b>Miquel Iceta<\/b>, inform\u00f3 del fallo del jurado de este galard\u00f3n, que reconoce la figura de una escritora o de un escritor que, con el conjunto de su obra, haya contribuido a enriquecer el legado literario hisp\u00e1nico.<\/p>\n<\/div>\n<\/div>\n<div class=\"advertisment \">\n<div id=\"dfp-nota-1x3s\" data-google-query-id=\"CKWxhZuspPsCFUugAQodc04IQQ\">\n<div id=\"google_ads_iframe_\/2000002\/diariodexalapa\/mexico_nota_1x3_0__container__\">Seg\u00fan el acta del jurado, otorgaron el <b>Cervantes a Cadenas<\/b>\u00a0(Barquisimeto, Venezula, 1930) por su \u00abvasta y dilatada obra literaria\u00bb, as\u00ed como por la \u00abtrascendencia\u00bb de este \u00abcreador\u00bb que ha hecho de la poes\u00eda \u00abun motivo de su propia existencia\u00bb y la ha llevado \u00aba alturas de excelencia\u00bb.<\/div>\n<\/div>\n<\/div>\n<article class=\"content-continued-body clearfix \">\n<div id=\"content-body-5851641-9169074\">\n<p>\u00abSu obra es una de las m\u00e1s importantes y demuestra el poder transformador de la palabra cuando la<b>\u00a0lengua\u00a0<\/b>es llevada al l\u00edmite de sus posibilidades creadoras, y destila la esencia deslumbrante de las palabras, en un territorio dual de sue\u00f1o y vigilia, onda expresi\u00f3n de la existencia y del universo, dimensi\u00f3n a la vez m\u00edstica y terrenal\u00bb, valor\u00f3 el jurado.<\/p>\n<div class=\"teads-inread\">\n<div>\n<div id=\"teads0\" class=\"teads-player\">Cadenas, escritor, poeta, ensayista y profesor ha unido<b>\u00a0poes\u00eda y pensamiento<\/b>\u00a0a lo largo de su carrera y destaca por su capacidad de expresar desolaci\u00f3n, sosiego y belleza. Su\u00a0<b>poema m\u00e1s famoso<\/b>,\u00a0<b>\u00abDerrota\u00bb<\/b>, le hizo ser un s\u00edmbolo para muchos j\u00f3venes de los a\u00f1os sesenta y se populariz\u00f3 en\u00a0<b>Espa\u00f1a y Am\u00e9rica Latina<\/b>. Sin embargo, se\u00f1alar\u00eda d\u00e9cadas despu\u00e9s que se trata de un poema que hoy no le representa.<\/div>\n<\/div>\n<\/div>\n<p>El ganador del Premio Cervantes tiene en su haber tambi\u00e9n el\u00a0<b>Premio Reina Sof\u00eda de Poes\u00eda Iberoamericana<\/b>, el<b>\u00a0Nacional de Literatura de Venezuela\u00a0<\/b>o el Internacional de Poes\u00eda Federico Garc\u00eda Lorca-Ciudad de Granada (Espa\u00f1a).<\/p>\n<p>El venezolano se une a la lista de este galard\u00f3n que el a\u00f1o pasado se otorg\u00f3 a la poeta\u00a0<b>Cristina Peri Rossi<\/b>, y que en sus anteriores ediciones fueron premiados Francisco Brines y Joan Margarit.<\/p>\n<p>Otras figuras de la literatura galardonadas con este premio han sido el mexicano<b>\u00a0Octavio Paz<\/b>, el espa\u00f1ol\u00a0<b>Camilo Jos\u00e9 Cela<\/b>\u00a0o el hispanoperuano\u00a0<b>Mario Vargas Llosa<\/b>, que tambi\u00e9n fueron distinguidos con el<b>\u00a0Nobel de Literatura<\/b>.<\/p>\n<p>El\u00a0<b>Premio de Literatura en Lengua Castellana Miguel de Cervantes<\/b>, conocido tambi\u00e9n como Premio Cervantes, es un galard\u00f3n de literatura en<b>\u00a0lengua espa\u00f1ola\u00a0<\/b>que se entrega anualmente por el Ministerio de Cultura y Deporte a propuesta de la Asociaci\u00f3n de Academias de la Lengua Espa\u00f1ola.<\/p>\n<\/div>\n<\/article>\n","protected":false},"excerpt":{"rendered":"<p>El poeta venezolano Rafael Cadenas gana el Premio Cervantes 2022 El glard\u00f3n es uno de los m\u00e1ximos reconocimientos de la literatura en espa\u00f1ol que trae consigo tambi\u00e9n un premio econ\u00f3mico Con sus letras, Rafael Cadenas ha enriquecido el legado literario hisp\u00e1nico. EFE El\u00a0poeta\u00a0venezolano Rafael Cadenas\u00a0fue este jueves galardonado con el\u00a0Premio Cervantes 2022, el m\u00e1ximo reconocimiento [&hellip;]<\/p>\n","protected":false},"author":249,"featured_media":30090,"comment_status":"open","ping_status":"closed","sticky":false,"template":"","format":"standard","meta":{"footnotes":""},"categories":[26],"tags":[],"class_list":["post-30089","post","type-post","status-publish","format-standard","has-post-thumbnail","hentry","category-mundo"],"_links":{"self":[{"href":"https:\/\/eloficiodehistoriar.com.mx\/index.php?rest_route=\/wp\/v2\/posts\/30089","targetHints":{"allow":["GET"]}}],"collection":[{"href":"https:\/\/eloficiodehistoriar.com.mx\/index.php?rest_route=\/wp\/v2\/posts"}],"about":[{"href":"https:\/\/eloficiodehistoriar.com.mx\/index.php?rest_route=\/wp\/v2\/types\/post"}],"author":[{"embeddable":true,"href":"https:\/\/eloficiodehistoriar.com.mx\/index.php?rest_route=\/wp\/v2\/users\/249"}],"replies":[{"embeddable":true,"href":"https:\/\/eloficiodehistoriar.com.mx\/index.php?rest_route=%2Fwp%2Fv2%2Fcomments&post=30089"}],"version-history":[{"count":2,"href":"https:\/\/eloficiodehistoriar.com.mx\/index.php?rest_route=\/wp\/v2\/posts\/30089\/revisions"}],"predecessor-version":[{"id":30092,"href":"https:\/\/eloficiodehistoriar.com.mx\/index.php?rest_route=\/wp\/v2\/posts\/30089\/revisions\/30092"}],"wp:featuredmedia":[{"embeddable":true,"href":"https:\/\/eloficiodehistoriar.com.mx\/index.php?rest_route=\/wp\/v2\/media\/30090"}],"wp:attachment":[{"href":"https:\/\/eloficiodehistoriar.com.mx\/index.php?rest_route=%2Fwp%2Fv2%2Fmedia&parent=30089"}],"wp:term":[{"taxonomy":"category","embeddable":true,"href":"https:\/\/eloficiodehistoriar.com.mx\/index.php?rest_route=%2Fwp%2Fv2%2Fcategories&post=30089"},{"taxonomy":"post_tag","embeddable":true,"href":"https:\/\/eloficiodehistoriar.com.mx\/index.php?rest_route=%2Fwp%2Fv2%2Ftags&post=30089"}],"curies":[{"name":"wp","href":"https:\/\/api.w.org\/{rel}","templated":true}]}}