{"id":30094,"date":"2022-11-11T13:25:42","date_gmt":"2022-11-11T19:25:42","guid":{"rendered":"https:\/\/eloficiodehistoriar.com.mx\/?p=30094"},"modified":"2022-11-11T13:25:42","modified_gmt":"2022-11-11T19:25:42","slug":"antes-del-olvido-dirigida-por-iria-gomez-concheiro","status":"publish","type":"post","link":"https:\/\/eloficiodehistoriar.com.mx\/?p=30094","title":{"rendered":"\u00abAntes del olvido\u00bb\u00a0dirigida por Iria G\u00f3mez Concheiro"},"content":{"rendered":"<div id=\"article-cont\" class=\"main-cont article-cont actuality\">\n<div class=\"cabeza\"><em>Antes del olvido<\/em>\u00a0busca generar una reflexi\u00f3n sobre la importancia de hacer comunidad: Iria G\u00f3mez<\/div>\n<div class=\"sumarios\">\n<p>La pel\u00edcula muestra c\u00f3mo la gentrificaci\u00f3n expulsa la esencia y la cultura del Centro Hist\u00f3rico, destaca la realizadora \/\/ Comienza hoy su corrida por salas de cine<\/p>\n<\/div>\n<div id=\"article-text\" class=\"text\">\n<div class=\"foto\">\n<div class=\"pie-foto\">Quieren estandarizar todas las ciudades del mundo, critica la cineasta.<span class=\"credito\">Foto grama cortes\u00eda de la producci\u00f3n<\/span><\/div>\n<\/div>\n<div class=\"col col1\">\n<div class=\"credito-autor\">Jorge Caballero<\/div>\n<div><\/div>\n<div class=\"credito-titulo\"><\/div>\n<div class=\"hemero\">La Jornada<\/p>\n<\/div>\n<p class=\"s-s\">A tres a\u00f1os de ver la luz, hoy empieza su corrida la cinta\u00a0<em>Antes del olvido,<\/em>\u00a0dirigida por Iria G\u00f3mez Concheiro. En entrevista con\u00a0<em>La Jornada,<\/em>\u00a0la cineasta comparte:\u00a0<q>\u00cdbamos a estrenar a principios de 2020, pero el pa\u00eds y el mundo ya estaban encerrados, y la pel\u00edcula se qued\u00f3 en el tintero. Lo bueno fue que no dejamos de insistir y emprendemos un circuito interesante: Cineteca Nacional, la pr\u00f3xima semana en la Casa del Cine y en el IFAL. Esperamos en breve fecha que se proyecte en el Cine Tonal\u00e1. Despu\u00e9s nos vamos a las diferentes cinetecas de la Rep\u00fablica, lo que representa unas 25 salas. Este recorrido es importante para que no se quedara s\u00f3lo en la Ciudad de M\u00e9xico. Estamos contentos<\/q>.<\/p>\n<p>Recordando y haciendo una comparaci\u00f3n de la situaci\u00f3n de su cinta y el periodo pand\u00e9mico que vivi\u00f3 el mundo, comenta:\u00a0<q>Esa fue la diferencia, lo que cuenta la pel\u00edcula es la capacidad que tenemos los seres humanos de mirarnos los unos a los otros, de empatizar con la problem\u00e1tica de los dem\u00e1s y, cuando surge un problema, poder organizarnos para cambiar las cosas. Eso es algo que he aprendido de la experiencia pand\u00e9mica: nos necesitamos las unas a las otras y los unos a los otros. Hacer comunidad nos permite organizarnos y revelarnos frente a lo que no estamos de acuerdo<\/q>.<\/p>\n<p>Agrega:\u00a0<em>\u201cAntes del olvido,<\/em>\u00a0tiene ese esp\u00edritu, generar una reflexi\u00f3n sobre la importancia de la comunidad. La hicimos de esa manera, nos confinamos ocho semanas en una vecindad y nos la pasamos realmente bien, no hab\u00eda diferencias entre extras, director o actriz, hasta las gallinas com\u00edan con nosotros. Fue una ense\u00f1anza de que otra manera de producir una pel\u00edcula es posible, contrario a la pandemia que nos dividi\u00f3 y dejamos de tener contacto\u201d.<\/p>\n<p>Se le pregunta c\u00f3mo fue ese primer momento en que se dio cuenta de que el tema del desalojo podr\u00eda convertirse en una cinta, Iria responde: \u201cHace siete a\u00f1os formaba parte de un colectivo de artistas multidisciplinarios; primero estuvimos en el Teatro del Pueblo y despu\u00e9s nos fuimos a la vecindad de la calle Nicaragua 15. En ese tiempo ve\u00eda un desalojo cada 15 d\u00edas. Quien haya presenciado uno se da cuenta de que es una cosa horrorosa que atenta contra los derechos humanos elementales. Eso me impact\u00f3 y me dol\u00eda mucho. El desalojo de vivienda durante el gobierno de Miguel \u00c1ngel Mancera fue tremendo. Posteriormente, me enter\u00e9 que muchos amigos hab\u00edan presenciado el del vecino o el de un familiar, as\u00ed que no era algo propio del Centro Hist\u00f3rico. La vivienda es una de las cosas fundamentales m\u00e1s preciadas; perderla es doloros\u00edsimo y coloca a la gente en una circunstancia indigna. As\u00ed surgi\u00f3\u00a0<em>Antes del olvido\u201d.<\/em><\/p>\n<\/div>\n<div class=\"col col2\">\n<p class=\"sumario\">Movimiento de inquilinos de 1922<\/p>\n<p class=\"s-s\">Otra de las cosas que hicieron que Iria G\u00f3mez Concheiro reforzara la idea de rodar esta pel\u00edcula, fue que se encontr\u00f3 con el ejemplar\u00a0<em>Los inquilinos a colgar la rojinegra,\u00a0<\/em>de Paco Ignacio Taibo II, que cuenta el movimiento de 1922 en el que unos integrantes de las juventudes del Partido Comunista organizaron a los inquilinos obreros del Centro Hist\u00f3rico para que no los desalojaran.\u00a0<q>Ellos impidieron m\u00e1s de 200 lanzamientos; por supuesto, hubo represi\u00f3n y muertos y se nos olvid\u00f3 ese pedazo de nuestra historia. Estas dos cosas se juntaron y me confirmaron que deb\u00eda hacer esta pel\u00edcula<\/q>.<\/p>\n<p>Para hacer que la cinta tuviera las reminiscencias de ese movimiento, Iria explica:\u00a0<q>El personaje de Elvirita es uno de los m\u00e1s importantes, pues ella es la depositaria de esta memoria. En 1922 quer\u00edan derrumbar 200 edificios del Centro Hist\u00f3rico para convertirlos en bodegas y tiendas. Es un tema muy vigente, porque la gentrificaci\u00f3n sigue expulsando a la gente originaria de los barrios hacia las periferias de la ciudad<\/q>.<\/p>\n<p>Una parte esencial de la cinta, menciona Iria, es que \u201cen estos siete a\u00f1os he conocido a un mont\u00f3n de gente emblem\u00e1tica del Centro Hist\u00f3rico, como Elvirita Mena, quien vivi\u00f3 107 a\u00f1os. Cuando pasaba por la calle le gritaban \u2018Elvirita, cu\u00e9ntame un siglo\u2019, porque ten\u00eda tantos recuerdos que se sentaba en las plazas y calles a narrar sus historias; o el zapatero de calzado para los pachucos o el taquero que hace m\u00fasica de cumbia con sus cuchillos y la parrilla&#8230; todos estos personajes que la gentrificaci\u00f3n esta expulsando del barrio, de nuestro Centro Hist\u00f3rico, est\u00e1 dejando la calle sin su esencia, sin sus ra\u00edces, sin su cultura, para estandarizar todas las ciudades del mundo con las mismas tiendas y cafeter\u00edas que est\u00e1n en el centro de Bogot\u00e1, Buenos Aires o Los \u00c1ngeles, todo igual para favorecer a unos pocos\u201d.<\/p>\n<p>Al retornar a su personaje de Elvirita, la cineasta agrega:\u00a0<q>Ella es la depositaria de los recuerdos del siglo pasado. Est\u00e1 perdiendo la memoria, pero antes de que suceda tiene una \u00faltima batalla que dar para ayudar a su vecinos. Otra de las cosas es que est\u00e1 implantando sus recuerdos a un joven para que no se pierdan. Combino la experiencia de los viejos con el fuerza de los j\u00f3venes<\/q>.<\/p>\n<p>Finalmente, Iria cierra su respuesta anterior:\u00a0<q>Nuestra sociedad intenta separarnos de los viejos, se ha perdido el valor de la vejez; por otro lado, estigmatizamos a los j\u00f3venes, los se\u00f1alamos y criticamos, pero hay que mirarlos desde otro lugar. Dignificar a la juventud como un presente y que tiene mucho qu\u00e9 decir<\/q>.<\/p>\n<\/div>\n<\/div>\n<div class=\"go gui\">\n<div class=\"go-up\"><\/div>\n<\/div>\n<\/div>\n","protected":false},"excerpt":{"rendered":"<p>Antes del olvido\u00a0busca generar una reflexi\u00f3n sobre la importancia de hacer comunidad: Iria G\u00f3mez La pel\u00edcula muestra c\u00f3mo la gentrificaci\u00f3n expulsa la esencia y la cultura del Centro Hist\u00f3rico, destaca la realizadora \/\/ Comienza hoy su corrida por salas de cine Quieren estandarizar todas las ciudades del mundo, critica la cineasta.Foto grama cortes\u00eda de la [&hellip;]<\/p>\n","protected":false},"author":249,"featured_media":30095,"comment_status":"open","ping_status":"closed","sticky":false,"template":"","format":"standard","meta":{"footnotes":""},"categories":[26],"tags":[],"class_list":["post-30094","post","type-post","status-publish","format-standard","has-post-thumbnail","hentry","category-mundo"],"_links":{"self":[{"href":"https:\/\/eloficiodehistoriar.com.mx\/index.php?rest_route=\/wp\/v2\/posts\/30094","targetHints":{"allow":["GET"]}}],"collection":[{"href":"https:\/\/eloficiodehistoriar.com.mx\/index.php?rest_route=\/wp\/v2\/posts"}],"about":[{"href":"https:\/\/eloficiodehistoriar.com.mx\/index.php?rest_route=\/wp\/v2\/types\/post"}],"author":[{"embeddable":true,"href":"https:\/\/eloficiodehistoriar.com.mx\/index.php?rest_route=\/wp\/v2\/users\/249"}],"replies":[{"embeddable":true,"href":"https:\/\/eloficiodehistoriar.com.mx\/index.php?rest_route=%2Fwp%2Fv2%2Fcomments&post=30094"}],"version-history":[{"count":1,"href":"https:\/\/eloficiodehistoriar.com.mx\/index.php?rest_route=\/wp\/v2\/posts\/30094\/revisions"}],"predecessor-version":[{"id":30096,"href":"https:\/\/eloficiodehistoriar.com.mx\/index.php?rest_route=\/wp\/v2\/posts\/30094\/revisions\/30096"}],"wp:featuredmedia":[{"embeddable":true,"href":"https:\/\/eloficiodehistoriar.com.mx\/index.php?rest_route=\/wp\/v2\/media\/30095"}],"wp:attachment":[{"href":"https:\/\/eloficiodehistoriar.com.mx\/index.php?rest_route=%2Fwp%2Fv2%2Fmedia&parent=30094"}],"wp:term":[{"taxonomy":"category","embeddable":true,"href":"https:\/\/eloficiodehistoriar.com.mx\/index.php?rest_route=%2Fwp%2Fv2%2Fcategories&post=30094"},{"taxonomy":"post_tag","embeddable":true,"href":"https:\/\/eloficiodehistoriar.com.mx\/index.php?rest_route=%2Fwp%2Fv2%2Ftags&post=30094"}],"curies":[{"name":"wp","href":"https:\/\/api.w.org\/{rel}","templated":true}]}}