{"id":30103,"date":"2022-11-11T13:47:58","date_gmt":"2022-11-11T19:47:58","guid":{"rendered":"https:\/\/eloficiodehistoriar.com.mx\/?p=30103"},"modified":"2022-11-11T13:47:58","modified_gmt":"2022-11-11T19:47:58","slug":"andres-guardado-y-guillermo-ochoa-quienes-disputaran-su-quinto-mundial","status":"publish","type":"post","link":"https:\/\/eloficiodehistoriar.com.mx\/?p=30103","title":{"rendered":"Andr\u00e9s Guardado y Guillermo Ochoa, quienes disputar\u00e1n su quinto Mundial,"},"content":{"rendered":"<div id=\"article-cont\" class=\"main-cont article-cont actuality\">\n<div class=\"sumarios\">\n<p><q>Sabemos competir y estamos preparados para el reto<\/q><\/p>\n<\/div>\n<div class=\"cabeza\">Guardado y Ochoa van por su quinta Copa en un ambiente de pesimismo<\/div>\n<div class=\"sumarios\">\n<p>Miguel Espa\u00f1a lamenta que el\u00a0<em>Tri<\/em>\u00a0no haya conseguido rivales de mayor resistencia rumbo al torneo<\/p>\n<\/div>\n<div id=\"article-text\" class=\"text\">\n<div class=\"foto\">\n<div class=\"pie-foto\">Guardado y Ochoa marcar\u00e1n un hito al llegar a su quinta edici\u00f3n mundialista de manera conjunta.<\/div>\n<div><\/div>\n<\/div>\n<div class=\"col col1\">\n<div class=\"credito-autor\">Ap y Erendira Palma<\/div>\n<div class=\"credito-titulo\"><\/div>\n<div class=\"hemero\">La Jornada<\/p>\n<\/div>\n<p class=\"s-s\">Andr\u00e9s Guardado y Guillermo Ochoa, quienes disputar\u00e1n su quinto Mundial, comandan a un equipo mexicano que llegar\u00e1 a Qatar 2022 rodeado de pesimismo. El Tricolor se ha visto afectado por las lesiones y est\u00e1 a la espera del alta m\u00e9dica de Ra\u00fal Jim\u00e9nez, al tiempo que el amistoso ante Suecia ser\u00e1 el m\u00e1s complicado de su preparaci\u00f3n.<\/p>\n<p><q>Se piensa que hay m\u00e1s pesimismo, pero es el que siempre est\u00e1 alrededor de la selecci\u00f3n<\/q>, estim\u00f3 Guardado, quien llegar\u00e1 al torneo con 36 a\u00f1os de edad.\u00a0<q>En el Mundial sabemos competir, va a ser dif\u00edcil, pero estamos preparados para el reto<\/q>, sostuvo.<\/p>\n<p>Tanto Guardado como Ochoa estuvieron con la selecci\u00f3n desde Alemania 2006, donde el mediocampista s\u00f3lo estuvo en la cancha un par de minutos y el arquero se qued\u00f3 en la banca. Sin embargo, desde Brasil 2014 han sido titulares indiscutibles, incluso el guardameta destac\u00f3 con un par de atajadas en el duelo contra la\u00a0<em>Verdeamarela<\/em>.<\/p>\n<p>Ahora se sumar\u00e1n al selecto club de jugadores que habr\u00e1n disputado cinco mundiales, como los mexicanos Antonio Carbajal y Rafael M\u00e1rquez; el alem\u00e1n Lothar Matthaus y el italiano Gianluigi Buffon. Los astros Lionel Messi y Cristiano Ronaldo tambi\u00e9n alcanzar\u00e1n esta marca con sus respectivas selecciones.<\/p>\n<p>Pero a diferencia de todos esos jugadores, Guardado y Ochoa compartir\u00e1n vestuario por quinta vez consecutiva en un Mundial, un hecho in\u00e9dito para M\u00e9xico y cualquiera otra selecci\u00f3n en el mundo.<\/p>\n<p>No obstante, el camino bajo el mando del t\u00e9cnico Gerardo Martino ha sido irregular e incluso perdieron su jerarqu\u00eda ante Estados Unidos, al cual no pudieron vencer en la eliminatoria mundialista.<\/p>\n<p>Aunado a los resultados, el Tricolor est\u00e1 mermado por las lesiones de Jim\u00e9nez y Jes\u00fas Corona, dos de sus mejores jugadores.<\/p>\n<\/div>\n<div class=\"col col2\">\n<p>M\u00e9xico, que comparte el Grupo C con Argentina, Polonia y Arabia Saudita, busca superar los octavos de final por primera vez desde que fue anfitri\u00f3n en 1986.<\/p>\n<p><q>En los sorteos nos han tocado grupos dif\u00edciles y hemos sido capaces de sortearlos<\/q>, apunt\u00f3 Ochoa.<\/p>\n<p class=\"sumario\">En espera de Jim\u00e9nez<\/p>\n<p class=\"s-s\">Despu\u00e9s de la disculpa que la selecci\u00f3n mexicana se vio obligada a ofrecer al Wolverhampton por haber dejado a Jim\u00e9nez en la banca durante el duelo amistoso ante Irak, el delantero entren\u00f3 ayer al parejo con el\u00a0<em>Tri<\/em>, que realiz\u00f3 trabajo regenerativo.<\/p>\n<p>Ra\u00fal dejar\u00e1 la concentraci\u00f3n en Girona para viajar a Inglaterra, donde reportar\u00e1 con los\u00a0<em>Wolves\u00a0<\/em>y espera recibir el alta m\u00e9dica tras una pubalgia. El ariete regresar\u00eda el lunes con el Tricolor para tener minutos el mi\u00e9rcoles ante Suecia, el \u00faltimo rival de los mexicanos antes de la Copa.<\/p>\n<p>Pese a que los tricolores golearon el mi\u00e9rcoles 4-0 a Irak, el resultado podr\u00eda ser enga\u00f1oso. El ex seleccionado Miguel Espa\u00f1a lament\u00f3 que M\u00e9xico no haya encontrado a un equipo\u00a0<q>con mayor resistencia<\/q>\u00a0como rival en la \u00faltima etapa de preparaci\u00f3n rumbo al certamen de Qatar.<\/p>\n<p><q>Irak es el m\u00e1s d\u00e9bil de la regi\u00f3n, el duelo sirvi\u00f3 de poco, s\u00f3lo para ganar confianza<\/q>, indic\u00f3 Espa\u00f1a y apunt\u00f3 que aunque Rogelio Funes Mori anot\u00f3\u00a0<q>tendr\u00e1n que verlo ante equipos con m\u00e1s peso<\/q>\u00a0como Suecia.<\/p>\n<p><q>Deber\u00edan ir los mejores, ah\u00ed est\u00e1 Santiago Gim\u00e9nez (metiendo goles), pero Martino ha apostado por Funes Mori y en el caso de Ra\u00fal parece un tema m\u00e1s sentimental o de compromiso<\/q>, se\u00f1al\u00f3.<\/p>\n<\/div>\n<\/div>\n<div class=\"go gui\">\n<div class=\"go-up\"><\/div>\n<\/div>\n<\/div>\n<div id=\"taboola-below-content-thumbnails\" class=\" trc_related_container trc_spotlight_widget tbl-feed-container tbl-feed-frame-DIVIDER  render-late-effect\" data-feed-container-num=\"1\" data-feed-main-container-id=\"taboola-below-content-thumbnails\" data-parent-placement-name=\"Below Content Thumbnails\" data-pub-lang=\"es\">\n<div class=\" tbl-feed-header tbl-logo-right-position\">\n<div class=\"tbl-feed-header-logo\"><\/div>\n<\/div>\n<\/div>\n","protected":false},"excerpt":{"rendered":"<p>Sabemos competir y estamos preparados para el reto Guardado y Ochoa van por su quinta Copa en un ambiente de pesimismo Miguel Espa\u00f1a lamenta que el\u00a0Tri\u00a0no haya conseguido rivales de mayor resistencia rumbo al torneo Guardado y Ochoa marcar\u00e1n un hito al llegar a su quinta edici\u00f3n mundialista de manera conjunta. Ap y Erendira Palma [&hellip;]<\/p>\n","protected":false},"author":249,"featured_media":0,"comment_status":"open","ping_status":"closed","sticky":false,"template":"","format":"standard","meta":{"footnotes":""},"categories":[26],"tags":[],"class_list":["post-30103","post","type-post","status-publish","format-standard","hentry","category-mundo"],"_links":{"self":[{"href":"https:\/\/eloficiodehistoriar.com.mx\/index.php?rest_route=\/wp\/v2\/posts\/30103","targetHints":{"allow":["GET"]}}],"collection":[{"href":"https:\/\/eloficiodehistoriar.com.mx\/index.php?rest_route=\/wp\/v2\/posts"}],"about":[{"href":"https:\/\/eloficiodehistoriar.com.mx\/index.php?rest_route=\/wp\/v2\/types\/post"}],"author":[{"embeddable":true,"href":"https:\/\/eloficiodehistoriar.com.mx\/index.php?rest_route=\/wp\/v2\/users\/249"}],"replies":[{"embeddable":true,"href":"https:\/\/eloficiodehistoriar.com.mx\/index.php?rest_route=%2Fwp%2Fv2%2Fcomments&post=30103"}],"version-history":[{"count":1,"href":"https:\/\/eloficiodehistoriar.com.mx\/index.php?rest_route=\/wp\/v2\/posts\/30103\/revisions"}],"predecessor-version":[{"id":30104,"href":"https:\/\/eloficiodehistoriar.com.mx\/index.php?rest_route=\/wp\/v2\/posts\/30103\/revisions\/30104"}],"wp:attachment":[{"href":"https:\/\/eloficiodehistoriar.com.mx\/index.php?rest_route=%2Fwp%2Fv2%2Fmedia&parent=30103"}],"wp:term":[{"taxonomy":"category","embeddable":true,"href":"https:\/\/eloficiodehistoriar.com.mx\/index.php?rest_route=%2Fwp%2Fv2%2Fcategories&post=30103"},{"taxonomy":"post_tag","embeddable":true,"href":"https:\/\/eloficiodehistoriar.com.mx\/index.php?rest_route=%2Fwp%2Fv2%2Ftags&post=30103"}],"curies":[{"name":"wp","href":"https:\/\/api.w.org\/{rel}","templated":true}]}}