{"id":30110,"date":"2022-11-12T14:49:05","date_gmt":"2022-11-12T20:49:05","guid":{"rendered":"https:\/\/eloficiodehistoriar.com.mx\/?p=30110"},"modified":"2022-11-12T14:49:27","modified_gmt":"2022-11-12T20:49:27","slug":"documental-un-sentido-de-comunidad-iztapalapa-produccion-del-canal-al-jazeera","status":"publish","type":"post","link":"https:\/\/eloficiodehistoriar.com.mx\/?p=30110","title":{"rendered":"Documental\u00a0\u00abUn sentido de comunidad: Iztapalapa\u00bb producci\u00f3n del canal Al Jazeera"},"content":{"rendered":"<div id=\"article-cont\" class=\"main-cont article-cont actuality\">\n<div class=\"cabeza\"><em>Un sentido de comunidad: Iztapalapa<\/em>, testimonio f\u00edlmico sobre una transformaci\u00f3n<\/div>\n<div class=\"sumarios\">\n<p>El fotoperiodista Jes\u00fas Villaseca colabor\u00f3 en el documental producido por el canal Al Jazeera \/\/ Voces e im\u00e1genes de habitantes de la zona componen el trabajo, se\u00f1ala Andalusia Knoll Soloff, directora del proyecto<\/p>\n<\/div>\n<div id=\"article-text\" class=\"text tbl-forkorts-article\">\n<div class=\"foto\">\n<div class=\"pie-foto\">.<\/div>\n<\/div>\n<div class=\"col\">\n<div class=\"credito-autor\">Javier Hern\u00e1ndez Chelico<\/div>\n<div class=\"credito-titulo\"><\/div>\n<div class=\"hemero\">\n<p>La Jornada<\/p>\n<\/div>\n<p class=\"s-s\">El auditorio de la Escuela de Cine Comunitario y Fotograf\u00eda Pohualizcalli. Utop\u00eda Papalotl es el recinto donde se realizar\u00e1 el estreno del documental<em>\u00a0Un sentido de comunidad: Iztapalapa<\/em>, producci\u00f3n del canal Al Jazeera English; las presentadoras de este testimonio f\u00edlmico sobre c\u00f3mo Iztapalapa experimenta una transformaci\u00f3n ser\u00e1n \u00c1ngeles Cruz, directora y actriz y M\u00f3nica del Carmen, actriz.<\/p>\n<p>Considerada una zona con altos \u00edndices de delincuencia, Iztapalapa experimenta una transformaci\u00f3n, la cual es mostrada por medio de voz e im\u00e1genes de habitantes de esa alcald\u00eda. La periodista neoyorquina Andalusia Knoll Soloff \u2013conocida como\u00a0<em>Andalalucha<\/em>\u2013, es una de las productoras de este documental que forma parte de la nueva serie de Al Jazeera donde la tem\u00e1tica gira alrededor de la pregunta \u00bfQu\u00e9 hace una comunidad?<\/p>\n<p>Es Andalusia quien en una charla con\u00a0<em>La Jornada<\/em>\u00a0ofrece detalles sobre el desarrollo de este proyecto audiovisual realizado por equipos de diferentes nacionalidades. La tambi\u00e9n corresponsal comenta: \u201csoy periodista independiente y llev\u00f3 12 a\u00f1os trabajando y viviendo en la Ciudad de M\u00e9xico y durante la pandemia, he laborado m\u00e1s en Iztapalapa donde empec\u00e9 a ver muchos de los proyectos que exist\u00edan, tanto el de la escuela de cine, como de Utop\u00eda. Me llamaron la atenci\u00f3n personal y period\u00edsticamente porque colaboro con el canal nacional de Qatar, Al Jazeera, de donde me contactaron hace un a\u00f1o desde Malasia y me dijeron que estaban buscando propuestas de un lugar que estuviera en un punto de transformaci\u00f3n.<\/p>\n<p>\u201cLo pens\u00e9. Y pues de Iztapalapa se podr\u00eda hablar por todas esos cambios que est\u00e1n pasando. Adem\u00e1s la zona tambi\u00e9n tiene mucho color, en el sentido literal, y en el que se usa en reportajes en televisi\u00f3n: como qu\u00e9 hay mucha sustancia, sabor, textura y diversidad. Mostrar Iztapalapa, donde hay personas que est\u00e1n participando activamente en esa transformaci\u00f3n. Entonces propuse a Mercedes Hern\u00e1ndez porque ella da clases en la escuela de cine, es una actriz famosa y comprometida con el lugar y con temas de racismo en el cine, adem\u00e1s ella vive en Iztapalapa y me pareci\u00f3 un personaje muy importante.<\/p>\n<p>\u201cTambi\u00e9n soy ciclista urbana y tengo muchos amigos en la zona y me pareci\u00f3 una buena oportunidad mostrar a la comunidad ciclista de esa zona; uno de ellos, Alfredo, hace mensajer\u00eda en las calles donde el tr\u00e1fico es muy duro, lo s\u00e9, porque realic\u00e9 el\u00a0<em>scouting<\/em>\u00a0para el documental en dos ruedas y Alfredo pod\u00eda mostrar lo dif\u00edcil y feo de rodar, pero tambi\u00e9n, lo bonito del Cerro de la Estrella donde \u00e9l va a entrenar. Y en ese lugar tan sagrado, hay una escena hermosa que tenemos en el documental. Asimismo, quise mostrar el lado del crimen y c\u00f3mo las personas quieren salir de ello.\u201d<\/p>\n<p class=\"sumario\">Caminos seguros y gratuidad en actividades<\/p>\n<p class=\"s-s\">Andalusia detalla la g\u00e9nesis de\u00a0<em>Un sentido de comunidad: Iztapalapa\u00a0<\/em>y sus alcances. \u201cLa propuesta fue desde noviembre pasado; en marzo hice la preproducci\u00f3n, en abril vino el equipo para filmar; fueron dos semanas; hice el dron. La edici\u00f3n se hizo entre Malasia y Australia. El documental muestra lo bonito que es Iztapalapa, no s\u00f3lo lo feo, lo peligroso, lo marginado y creo que mostrar los elementos bellos apoya a las personas a mejorar y valorar su entorno, su barrio y, que lo sientan reivindicado, en un medio que no s\u00f3lo es peligroso y feo y de tener verg\u00fcenza de ser de all\u00ed. Asimismo, puede inspirar a otros lugares; s\u00e9 de otras partes del pa\u00eds donde se han implementado eso de Camino Seguro con murales y con luces; incluso la misma Ciudad de M\u00e9xico se ha inspirado en esos caminos; y a m\u00ed me impresion\u00f3 mucho eso de las Utop\u00edas que son gratuitas, enormes, con espacios deportivos. Creo que en otras ciudades de M\u00e9xico y del mundo se pueden implementar esos programas. Incluso, la gente que vino dijo: \u2018Eso en Australia costar\u00eda 500 pesos la entrada\u2019\u201d.<\/p>\n<p>La Escuela de Cine Comunitario y Fotograf\u00eda Pohualizcalli ha sido uno de los puntos de contacto con el barrio. Al respecto,\u00a0<em>Andalalucha<\/em>, abunda en el tema:\u00a0<q>me parece genial que haya una escuela de cine que es gratuita y que tiene mucha formaci\u00f3n profesional; que da oportunidad a personas que quieren estudiarlo y aprenderlo a pesar de que puede estar fuera de su alcance. Y por el hecho de estar en Iztapalapa, ser gratuita, con tantos buenos maestros, es como algo muy especial. Conozco a Jes\u00fas Villaseca por trabajar en la escuela, ser de Iztapalapa y tener muchas relaciones; \u00e9l es un periodista que ha apoyado mucho a otros colegas; \u00e9l me ha ayudado con otros documentales que hice durante la pandemia, hay uno sobre la escasez de agua. Ahora espero dar una clase en el futuro all\u00ed, un intensivo de producci\u00f3n de cine, televisi\u00f3n y documental<\/q>\u00a0estableci\u00f3 la periodista independiente.<\/p>\n<p>Hoy, a las 18 horas, se estrena\u00a0<em>Un sentido de comunidad: Iztapalapa<\/em>, en el auditorio de la Escuela de Cine Comunitario y Fotograf\u00eda Pohualizcalli. Utop\u00eda Pap\u00e1lotl, en Reforma Econ\u00f3mica 52, colonia Reforma Pol\u00edtica, Iztapalapa.<\/p>\n<\/div>\n<\/div>\n<div class=\"go gui\">\n<div class=\"go-up\"><\/div>\n<\/div>\n<\/div>\n","protected":false},"excerpt":{"rendered":"<p>Un sentido de comunidad: Iztapalapa, testimonio f\u00edlmico sobre una transformaci\u00f3n El fotoperiodista Jes\u00fas Villaseca colabor\u00f3 en el documental producido por el canal Al Jazeera \/\/ Voces e im\u00e1genes de habitantes de la zona componen el trabajo, se\u00f1ala Andalusia Knoll Soloff, directora del proyecto . Javier Hern\u00e1ndez Chelico La Jornada El auditorio de la Escuela de [&hellip;]<\/p>\n","protected":false},"author":249,"featured_media":30111,"comment_status":"open","ping_status":"closed","sticky":false,"template":"","format":"standard","meta":{"footnotes":""},"categories":[26],"tags":[],"class_list":["post-30110","post","type-post","status-publish","format-standard","has-post-thumbnail","hentry","category-mundo"],"_links":{"self":[{"href":"https:\/\/eloficiodehistoriar.com.mx\/index.php?rest_route=\/wp\/v2\/posts\/30110","targetHints":{"allow":["GET"]}}],"collection":[{"href":"https:\/\/eloficiodehistoriar.com.mx\/index.php?rest_route=\/wp\/v2\/posts"}],"about":[{"href":"https:\/\/eloficiodehistoriar.com.mx\/index.php?rest_route=\/wp\/v2\/types\/post"}],"author":[{"embeddable":true,"href":"https:\/\/eloficiodehistoriar.com.mx\/index.php?rest_route=\/wp\/v2\/users\/249"}],"replies":[{"embeddable":true,"href":"https:\/\/eloficiodehistoriar.com.mx\/index.php?rest_route=%2Fwp%2Fv2%2Fcomments&post=30110"}],"version-history":[{"count":2,"href":"https:\/\/eloficiodehistoriar.com.mx\/index.php?rest_route=\/wp\/v2\/posts\/30110\/revisions"}],"predecessor-version":[{"id":30113,"href":"https:\/\/eloficiodehistoriar.com.mx\/index.php?rest_route=\/wp\/v2\/posts\/30110\/revisions\/30113"}],"wp:featuredmedia":[{"embeddable":true,"href":"https:\/\/eloficiodehistoriar.com.mx\/index.php?rest_route=\/wp\/v2\/media\/30111"}],"wp:attachment":[{"href":"https:\/\/eloficiodehistoriar.com.mx\/index.php?rest_route=%2Fwp%2Fv2%2Fmedia&parent=30110"}],"wp:term":[{"taxonomy":"category","embeddable":true,"href":"https:\/\/eloficiodehistoriar.com.mx\/index.php?rest_route=%2Fwp%2Fv2%2Fcategories&post=30110"},{"taxonomy":"post_tag","embeddable":true,"href":"https:\/\/eloficiodehistoriar.com.mx\/index.php?rest_route=%2Fwp%2Fv2%2Ftags&post=30110"}],"curies":[{"name":"wp","href":"https:\/\/api.w.org\/{rel}","templated":true}]}}