{"id":30114,"date":"2022-11-12T15:01:22","date_gmt":"2022-11-12T21:01:22","guid":{"rendered":"https:\/\/eloficiodehistoriar.com.mx\/?p=30114"},"modified":"2022-11-12T15:01:22","modified_gmt":"2022-11-12T21:01:22","slug":"denuncian-que-borraron-murales-representativos-de-la-vida-cotidiana-de-tepito-de-artistas-del-barrio-bravo","status":"publish","type":"post","link":"https:\/\/eloficiodehistoriar.com.mx\/?p=30114","title":{"rendered":"Denuncian que borraron murales representativos de la vida cotidiana de Tepito, de artistas del barrio bravo"},"content":{"rendered":"<div id=\"article-cont\" class=\"main-cont article-cont actuality\">\n<div class=\"sumarios\">\n<p>Hay 11 quejas contra la alcaldesa<\/p>\n<\/div>\n<div class=\"cabeza\"><em>Embate contra la expresi\u00f3n art\u00edstica en Cuauht\u00e9moc<\/em><\/div>\n<div class=\"sumarios\">\n<p>Personal de Sandra Cuevas ha borrado las creaciones plasmadas en mercados y unidades habitacionales<\/p>\n<\/div>\n<div id=\"article-text\" class=\"text tbl-forkorts-article\">\n<div class=\"foto\">\n<div class=\"pie-foto\">Arlen Rodr\u00edguez, fundadora del colectivo Tepito Zona de Arte, realiz\u00f3 acompa\u00f1amiento en un recorrido por la unidad Los Palomares, para denunciar que la alcald\u00eda Cuauht\u00e9moc borr\u00f3 murales representativos de la vida cotidiana de Tepito, pintados por artistas del barrio bravo en algunos complejos habitacionales.<\/div>\n<\/div>\n<div class=\"foto\">\n<div class=\"pie-foto\">Este da\u00f1o es irreversible, y fue causado con el argumento de que la alcaldesa Sandra Cuevas quiere mejorar la imagen urbana con la imposici\u00f3n de sus colores y su imagen por todos lados.<\/div>\n<div><\/div>\n<\/div>\n<div class=\"col\">\n<div class=\"credito-autor\">De la Redacci\u00f3n<\/div>\n<div class=\"credito-titulo\"><\/div>\n<div class=\"hemero\">La Jornada<\/p>\n<\/div>\n<p class=\"s-s\">En la alcald\u00eda Cuauht\u00e9moc, desde que dio inicio la actual administraci\u00f3n, encabezada por Sandra Cuevas, comenz\u00f3 una campa\u00f1a para borrar los murales de los mercados p\u00fablicos \u2013algunos de los cuales databan de los a\u00f1os 30 del siglo pasado\u2013, que se extendi\u00f3 a sitios emblem\u00e1ticos como el barrio de Tepito, contrario al auge de las coloridas expresiones art\u00edsticas que han surgido en otros puntos de la ciudad.<\/p>\n<p>Al\u00a0<q>blanqueamiento<\/q>\u00a0de los muros de los mercados Ju\u00e1rez, Mart\u00ednez de la Torre y San Camilito, entre otros, siguieron las bardas del deportivo Guelatao y las unidades habitacionales Plan Tepito, conocidas como La Fortaleza y Los Palomares, donde se borr\u00f3 una de las creaciones del artista Daniel Manrique Arias, fundador del movimiento Tepito Arte Ac\u00e1, y por quien existe la\u00a0<em>rue\u00a0<\/em>Tepito en Francia.<\/p>\n<p>En el barrio bravo se cubri\u00f3 con pintura blanca la obra conocida como\u00a0<em>Los ni\u00f1os<\/em>, de Manrique, y fue sustituida por una pared en relieve, y dos expresiones art\u00edsticas de los colectivos y residentes dedicados a la\u00a0<em>Reina del albur<\/em>, Lourdes Ruiz, en una de las bardas del \u00e1rea com\u00fan de La Fortaleza.<\/p>\n<p><em>La Jornada\u00a0<\/em>ha documentado cada uno de los casos, que han causado que artistas y colectivos como Tepito Arte Ac\u00e1 impulsen 11 quejas contra la alcaldesa en la Comisi\u00f3n de Derechos Humanos capitalina por transgredir los derechos culturales de los habitantes de la alcald\u00eda Cuauht\u00e9moc.<\/p>\n<p>La fundadora del colectivo Tepito Zona de Arte, Arlen Rodr\u00edguez, se\u00f1al\u00f3 en su momento que el muralismo se practica desde hace m\u00e1s de 50 a\u00f1os en Tepito en las unidades habitacionales, que son propiedad privada, pero sin mediar di\u00e1logo alguno brigadas de trabajadores de la alcald\u00eda han pintado de blanco las paredes e impedido que se restituyan los murales y sus frases.<\/p>\n<p>Tambi\u00e9n ha alzado la voz el artista Antonio Ortiz\u00a0<em>Grit\u00f3n<\/em>, quien ante el embate que han sufrido estas expresiones art\u00edsticas alert\u00f3 del riesgo que corren los hist\u00f3ricos murales del mercado Abelardo L. Rodr\u00edguez.<\/p>\n<\/div>\n<\/div>\n<div class=\"go gui\">\n<div class=\"go-up\"><\/div>\n<\/div>\n<\/div>\n","protected":false},"excerpt":{"rendered":"<p>Hay 11 quejas contra la alcaldesa Embate contra la expresi\u00f3n art\u00edstica en Cuauht\u00e9moc Personal de Sandra Cuevas ha borrado las creaciones plasmadas en mercados y unidades habitacionales Arlen Rodr\u00edguez, fundadora del colectivo Tepito Zona de Arte, realiz\u00f3 acompa\u00f1amiento en un recorrido por la unidad Los Palomares, para denunciar que la alcald\u00eda Cuauht\u00e9moc borr\u00f3 murales representativos [&hellip;]<\/p>\n","protected":false},"author":249,"featured_media":30115,"comment_status":"open","ping_status":"closed","sticky":false,"template":"","format":"standard","meta":{"footnotes":""},"categories":[26],"tags":[],"class_list":["post-30114","post","type-post","status-publish","format-standard","has-post-thumbnail","hentry","category-mundo"],"_links":{"self":[{"href":"https:\/\/eloficiodehistoriar.com.mx\/index.php?rest_route=\/wp\/v2\/posts\/30114","targetHints":{"allow":["GET"]}}],"collection":[{"href":"https:\/\/eloficiodehistoriar.com.mx\/index.php?rest_route=\/wp\/v2\/posts"}],"about":[{"href":"https:\/\/eloficiodehistoriar.com.mx\/index.php?rest_route=\/wp\/v2\/types\/post"}],"author":[{"embeddable":true,"href":"https:\/\/eloficiodehistoriar.com.mx\/index.php?rest_route=\/wp\/v2\/users\/249"}],"replies":[{"embeddable":true,"href":"https:\/\/eloficiodehistoriar.com.mx\/index.php?rest_route=%2Fwp%2Fv2%2Fcomments&post=30114"}],"version-history":[{"count":1,"href":"https:\/\/eloficiodehistoriar.com.mx\/index.php?rest_route=\/wp\/v2\/posts\/30114\/revisions"}],"predecessor-version":[{"id":30116,"href":"https:\/\/eloficiodehistoriar.com.mx\/index.php?rest_route=\/wp\/v2\/posts\/30114\/revisions\/30116"}],"wp:featuredmedia":[{"embeddable":true,"href":"https:\/\/eloficiodehistoriar.com.mx\/index.php?rest_route=\/wp\/v2\/media\/30115"}],"wp:attachment":[{"href":"https:\/\/eloficiodehistoriar.com.mx\/index.php?rest_route=%2Fwp%2Fv2%2Fmedia&parent=30114"}],"wp:term":[{"taxonomy":"category","embeddable":true,"href":"https:\/\/eloficiodehistoriar.com.mx\/index.php?rest_route=%2Fwp%2Fv2%2Fcategories&post=30114"},{"taxonomy":"post_tag","embeddable":true,"href":"https:\/\/eloficiodehistoriar.com.mx\/index.php?rest_route=%2Fwp%2Fv2%2Ftags&post=30114"}],"curies":[{"name":"wp","href":"https:\/\/api.w.org\/{rel}","templated":true}]}}