{"id":30133,"date":"2022-11-13T17:03:24","date_gmt":"2022-11-13T23:03:24","guid":{"rendered":"https:\/\/eloficiodehistoriar.com.mx\/?p=30133"},"modified":"2022-11-13T17:03:24","modified_gmt":"2022-11-13T23:03:24","slug":"mi-nombre-es-hugo-arellanes-antonio-soy-fotografo-y-activista-de-los-afromexicanos","status":"publish","type":"post","link":"https:\/\/eloficiodehistoriar.com.mx\/?p=30133","title":{"rendered":"\u00abMi nombre es Hugo Arellanes\u00a0Antonio, soy fot\u00f3grafo y activista de los afromexicanos."},"content":{"rendered":"<div id=\"article-cont\" class=\"main-cont article-cont interview\">\n<div class=\"cabeza\"><q>Invisibilizar a los afrodescendientes, parte del racismo estructural que hay en M\u00e9xico<\/q><\/div>\n<div class=\"sumarios\">\n<p>En entrevista con\u00a0<em>La Jornada,<\/em>\u00a0el defensor de derechos humanos lamenta que para las autoridades su comunidad s\u00f3lo significa danza, ritmos tradicionales y fiesta popular; sin embargo, asegura que m\u00e1s all\u00e1 del folclor\u00a0<q>tenemos una postura pol\u00edtica muy clara<\/q><\/p>\n<\/div>\n<div id=\"article-text\" class=\"text tbl-forkorts-article\">\n<div class=\"col\">\n<div class=\"credito-autor\">Elena Poniatowska<\/div>\n<div class=\"credito-titulo\"><\/div>\n<div class=\"hemero\">La Jornada<\/p>\n<\/div>\n<p class=\"s-s\">\u2013Mi nombre es Hugo Arellanes\u00a0Antonio, soy fot\u00f3grafo y sobre todo activista en defensa de los afromexicanos. Tengo 36 a\u00f1os y vivo en la Ciudad de M\u00e9xico. Nac\u00ed en la comunidad de San Juan Bautista Lo de Soto, Oaxaca, pero crec\u00ed en Cuajinicuilapa, Guerrero. Coordin\u00e9 el proyecto Huella Negra, que busca visibilizar a la poblaci\u00f3n afromexicana por medio de conferencias, talleres y calendarios; queremos sacar el de 2023, pero resulta muy caro. Tambi\u00e9n soy parte de la Asamblea Consultiva del Consejo para Eliminar y Prevenir la Discriminaci\u00f3n de la Ciudad de M\u00e9xico.<\/p>\n<p>\u2013F\u00edjese, Hugo, que en Xalapa conoc\u00ed al antrop\u00f3logo Gonzalo Aguirre Beltr\u00e1n, rector de la Universidad Veracruzana y autor de un gran libro sobre la presencia negra en M\u00e9xico que public\u00f3 el Fondo de Cultura Econ\u00f3mica&#8230;<\/p>\n<p>\u2013S\u00ed,\u00a0<em>Cuijla,<\/em>\u00a0conozco mucho el trabajo del maestro Aguirre Beltr\u00e1n. Tengo una carrera en justicia y derechos humanos que hice en la UniSur, Universidad de los Pueblos del Sur, en la Costa de Guerrero. Es intercultural; cuenta con menos de 20 a\u00f1os&#8230; Casi no hay universidades en esa parte del pa\u00eds; esta que le menciono s\u00f3lo dur\u00f3 seis a\u00f1os activa. No hubo presupuesto para ella. La gobernadora actual de Guerrero, Evelyn Salgado, hija de F\u00e9lix Salgado Macedonio, no se interesa en la educaci\u00f3n. Han pasado tres gobernadores: Astudillo Flores, Ortega Mart\u00ednez, Cienfuegos Salgado y ninguno ha hecho nada por las universidades de la costa.<\/p>\n<p>\u2013\u00bfQu\u00e9 carreras imparten?<\/p>\n<p>\u2013Justicia y derechos humanos, gesti\u00f3n de municipios y territorios, gesti\u00f3n ambiental, todas enfocadas a lo comunitario.<\/p>\n<p>\u2013\u00bfHay mucha poblaci\u00f3n joven en la costa?<\/p>\n<p>\u2013Bastante. No sabr\u00eda decir el porcentaje exacto, pero s\u00ed hay muchos j\u00f3venes. La mayor\u00eda tiende a migrar a Estados Unidos por la falta de oportunidades; somos muy pocos los que permanecemos en ciudades aleda\u00f1as, incluso en Acapulco, Cuernavaca o en la capital del pa\u00eds. El problema de la educaci\u00f3n es que los colegios en la costa son costosos, aunque sean p\u00fablicos.<\/p>\n<p>\u2013Si son p\u00fablicos, \u00bfpor qu\u00e9 resultan costosos?<\/p>\n<p>\u2013Porque la gente tiene que cubrir muchos gastos como comprar libros, el transporte o la vivienda. La gente proviene de comunidades muy peque\u00f1as que subsisten en condiciones muy precarias.<\/p>\n<p>\u2013\u00bfNing\u00fan secretario de Estado se ha preocupado por la educaci\u00f3n en las costas de M\u00e9xico?<\/p>\n<p>\u2013No, ninguno, porque los temas que m\u00e1s preocupan a Guerrero son los de seguridad, y se les da prioridad. La gobernadora que tenemos ahora no es buen referente, porque no trabaja con las comunidades ni le importan. Subi\u00f3 al poder porque es hija de F\u00e9lix Salgado Macedonio, y lleg\u00f3 como segunda opci\u00f3n. Cuando pasaron las elecciones y F\u00e9lix Salgado declar\u00f3:\u00a0<q>Me regreso al Senado<\/q>, la gente se preocup\u00f3 por qui\u00e9n subir\u00eda al poder, y lleg\u00f3 Evelyn Salgado de gobernadora.<\/p>\n<p>\u2013\u00bfNo hab\u00eda otra opci\u00f3n?<\/p>\n<p>\u2013No, porque el efecto Andr\u00e9s Manuel y Morena es muy fuerte all\u00e1. El apoyo a L\u00f3pez Obrador result\u00f3 definitivo. No hubo oportunidad de otros candidatos. Salgado Macedonio impuso a su hija y listo.<\/p>\n<p>\u2013Hugo Arellanes, \u00bftiene hijos?<\/p>\n<p>\u2013Una ni\u00f1a de 14 a\u00f1os que todav\u00eda no puede votar: Allison.<\/p>\n<p>\u2013\u00a1Pero es un nombre gringo!<\/p>\n<p>\u2013S\u00ed, ya ve que los programas de televisi\u00f3n nos llenan de nombres gringos. Mi hija vive en Oaxaca y yo ahora en la Ciudad de M\u00e9xico. Una de las primeras herramientas que di a mi hija es la resiliencia, no engancharse en las discusiones en las que atacan su color, porque es una batalla interminable. Yo le sirvo de ejemplo. Nos ha tocado caminar juntos en la calle, aqu\u00ed en la Ciudad de M\u00e9xico, y alguien grita:\u00a0<q>\u00a1Pinche negro!<\/q>\u00a0Un d\u00eda nos tocaba cruzar y un conductor se adelant\u00f3 y grit\u00f3:\u00a0<q>\u00a1Pinche negro, llevamos prisa!<\/q>\u00a0Mi hija me pregunt\u00f3:\u00a0<q>\u00bfPor qu\u00e9 no les respondes?<\/q>,\u00a0<q>No, hija, yo no me voy a desgastar con alguien que seguro tiene alguna emergencia<\/q>. Trat\u00e9 de construirme una historia para hacer m\u00e1s amable nuestra caminata, porque de engancharme, terminar\u00eda yo en el manicomio. No visibilizar a los afrodescendientes es parte del racismo estructural que hay en M\u00e9xico.<\/p>\n<p>\u2013\u00bfLa discriminaci\u00f3n viene de las clases sociales m\u00e1s altas o viene de todos?<\/p>\n<p>\u2013La discriminaci\u00f3n, simb\u00f3licamente, siempre va a venir de la clase m\u00e1s alta.<\/p>\n<p>\u2013\u00bfUstedes ligan el color de su piel al folclor?<\/p>\n<p>\u2013No, no, para nada, al contrario, queremos salirnos del folclor. Para las instituciones gubernamentales, lo afrodescendiente es danza, ritmos tradicionales y fiesta popular, y nosotros creemos que m\u00e1s all\u00e1 del movimiento y del color tenemos posicionamientos pol\u00edticos. Hay lugares donde s\u00f3lo se invita a personas afrodescendientes a bailar chilenas o danza de diablos muy populares en la costa, pero adem\u00e1s de bailar, tenemos una postura pol\u00edtica muy clara.<\/p>\n<p>\u201cCuando se hacen reuniones para hablar del reconocimiento constitucional que ya se dio en 2019, los afrodescendientes se vuelven espect\u00e1culo mientras los dirigentes \u2013pol\u00edticos o acad\u00e9micos\u2013 se dedican a hablar de nosotros sin darnos ni voz ni voto en sus discusiones, y lo que queremos es que nos tomen en cuenta y respeten nuestras decisiones y se cumplan nuestras demandas.\u201d<\/p>\n<p>\u2013\u00bfCu\u00e1ntos afromexicanos hay en nuestro pa\u00eds?<\/p>\n<p>\u2013Seg\u00fan el \u00faltimo censo, 2.5 millones de afromexicanos.<\/p>\n<p>\u2013\u00bfNo tienen representaci\u00f3n en la C\u00e1mara?<\/p>\n<p>\u2013Hay solamente seis representaciones que se dieron por acciones afirmativas, de las cuales, cinco fueron usurpadas. S\u00f3lo hay un diputado federal afrodescendiente, Sergio Pe\u00f1aloza P\u00e9rez. Los otros cinco representantes no son afrodescendientes. En las elecciones pasadas, el INE demand\u00f3 que cada partido postulara a un afrodescendiente, a un ind\u00edgena y a una persona de la comunidad LGBTQ en cada entidad, pero mucha gente se hizo pasar por ind\u00edgena, por afrodescendiente, por gay para tener acceso al poder. Hay infinidad de usurpaciones, porque el INE no ha puesto candados.<\/p>\n<p>\u201cSi accedes al poder, puedes tener recursos econ\u00f3micos y recibir favores. La usurpaci\u00f3n nos deja fuera como personas afrodescendientes. Mientras nosotros no estemos en las c\u00e1maras, no vamos a resolver nuestras demandas m\u00e1s urgentes: una reforma al art\u00edculo 2 constitucional. Exigimos que se reconozca plenamente a las personas afromexicanas y que se respeten nuestros derechos, porque en nuestras comunidades no hay universidad, no hay hospitales, s\u00f3lo tenemos cl\u00ednicas b\u00e1sicas comunitarias. No contamos con una buena infraestructura en comunicaciones y transportes.<\/p>\n<p>\u201cEn 2015, la Organizaci\u00f3n de Naciones Unidas lanz\u00f3 el Decenio Internacional de las Poblaciones Afrodescendientes a escala global, pero en M\u00e9xico no se ven los cambios. Tenemos un reconocimiento a medias: \u2018Existen las personas afrodescendientes\u2019, pero no contamos con leyes secundarias para acceder a recursos p\u00fablicos. Se constituy\u00f3 el Instituto Nacional de los Pueblos Ind\u00edgenas, pero no hay una instituci\u00f3n similar para la poblaci\u00f3n afromexicana.\u201d<\/p>\n<\/div>\n<\/div>\n<div class=\"go gui\">\n<div class=\"go-up\"><\/div>\n<\/div>\n<\/div>\n","protected":false},"excerpt":{"rendered":"<p>Invisibilizar a los afrodescendientes, parte del racismo estructural que hay en M\u00e9xico En entrevista con\u00a0La Jornada,\u00a0el defensor de derechos humanos lamenta que para las autoridades su comunidad s\u00f3lo significa danza, ritmos tradicionales y fiesta popular; sin embargo, asegura que m\u00e1s all\u00e1 del folclor\u00a0tenemos una postura pol\u00edtica muy clara Elena Poniatowska La Jornada \u2013Mi nombre es [&hellip;]<\/p>\n","protected":false},"author":249,"featured_media":30134,"comment_status":"open","ping_status":"closed","sticky":false,"template":"","format":"standard","meta":{"footnotes":""},"categories":[26],"tags":[],"class_list":["post-30133","post","type-post","status-publish","format-standard","has-post-thumbnail","hentry","category-mundo"],"_links":{"self":[{"href":"https:\/\/eloficiodehistoriar.com.mx\/index.php?rest_route=\/wp\/v2\/posts\/30133","targetHints":{"allow":["GET"]}}],"collection":[{"href":"https:\/\/eloficiodehistoriar.com.mx\/index.php?rest_route=\/wp\/v2\/posts"}],"about":[{"href":"https:\/\/eloficiodehistoriar.com.mx\/index.php?rest_route=\/wp\/v2\/types\/post"}],"author":[{"embeddable":true,"href":"https:\/\/eloficiodehistoriar.com.mx\/index.php?rest_route=\/wp\/v2\/users\/249"}],"replies":[{"embeddable":true,"href":"https:\/\/eloficiodehistoriar.com.mx\/index.php?rest_route=%2Fwp%2Fv2%2Fcomments&post=30133"}],"version-history":[{"count":1,"href":"https:\/\/eloficiodehistoriar.com.mx\/index.php?rest_route=\/wp\/v2\/posts\/30133\/revisions"}],"predecessor-version":[{"id":30135,"href":"https:\/\/eloficiodehistoriar.com.mx\/index.php?rest_route=\/wp\/v2\/posts\/30133\/revisions\/30135"}],"wp:featuredmedia":[{"embeddable":true,"href":"https:\/\/eloficiodehistoriar.com.mx\/index.php?rest_route=\/wp\/v2\/media\/30134"}],"wp:attachment":[{"href":"https:\/\/eloficiodehistoriar.com.mx\/index.php?rest_route=%2Fwp%2Fv2%2Fmedia&parent=30133"}],"wp:term":[{"taxonomy":"category","embeddable":true,"href":"https:\/\/eloficiodehistoriar.com.mx\/index.php?rest_route=%2Fwp%2Fv2%2Fcategories&post=30133"},{"taxonomy":"post_tag","embeddable":true,"href":"https:\/\/eloficiodehistoriar.com.mx\/index.php?rest_route=%2Fwp%2Fv2%2Ftags&post=30133"}],"curies":[{"name":"wp","href":"https:\/\/api.w.org\/{rel}","templated":true}]}}