{"id":30137,"date":"2022-11-14T12:19:17","date_gmt":"2022-11-14T18:19:17","guid":{"rendered":"https:\/\/eloficiodehistoriar.com.mx\/?p=30137"},"modified":"2022-11-14T12:19:17","modified_gmt":"2022-11-14T18:19:17","slug":"quienes-marcharon-ayer-lo-hicieron-a-favor-de-los-privilegios-que-ellos-tenian-antes-de-este-gobierno","status":"publish","type":"post","link":"https:\/\/eloficiodehistoriar.com.mx\/?p=30137","title":{"rendered":"Quienes marcharon ayer lo hicieron \u00aba favor de los privilegios que ellos ten\u00edan antes de este gobierno"},"content":{"rendered":"<h2 id=\"article-title-tts\" class=\"title title-default\">La marcha de ayer, \u00abun striptease del conservadurismo en M\u00e9xico\u00bb: AMLO<\/h2>\n<div class=\"article-info\"><a class=\"author\" href=\"https:\/\/www.jornada.com.mx\/author\/alonso-urrutia-y-nestor-jimenez.html\">Alonso Urrutia y Nestor Jim\u00e9nez<\/a> .<\/div>\n<div id=\"article-content-images\" class=\"content-items-media\"><\/div>\n<div class=\"article-row\">\n<div class=\"social-links right\">\n<div id=\"content-sintesis-audio\" class=\"sintesis-audio\">\n<div class=\"speak-cont btn-group\">\n<form>\n<div class=\"speak-buttons\">Quienes marcharon ayer lo hicieron \u00aba favor de los privilegios que ellos ten\u00edan antes de este gobierno. Lo hicieron a favor de la corrupci\u00f3n, a favor del racimo, clasismo, de la discriminacion. Ese es el fondo, porque ni modo que Madrazo, Elba Esther y Fox sean dem\u00f3cratas. El mismo Woldenberg que convalid\u00f3 fraudes electorales. Le voy m\u00e1s a la maestra Elba Esther porque esa no se da ba\u00f1os de pureza\u00bb, asever\u00f3 el presidente Andr\u00e9s Manuel L\u00f3pez Obrador.<\/div>\n<\/form>\n<\/div>\n<\/div>\n<\/div>\n<div class=\"article-main\">\n<div class=\"\">\n<div id=\"article-content-tts\" class=\"article-content ljn-nota-contenido\">\n<div id=\"content_nitf\">\n<p>Durante su conferencia hizo una larga exposici\u00f3n sobre la marcha y mostr\u00f3 fotograf\u00edas de los m\u00e1s connotados de la marcha, cuestionando la legitimidad de su demanda: \u00abLo cierto es que lo de la supuesta agresi\u00f3n al INE no tiene fundamento. Lo que se busca es lo contrario, es fortalecer la democracia, protegerla porque todav\u00eda hay riesgos de fraudes electorales. Lo del INE fue una excusa\u00bb.<\/p>\n<p>Ir\u00f3nico se mof\u00f3 de los participantes y a ratos hasta se carcaje\u00f3 de quiene se movilizaron: \u00abLos dem\u00f3cratas: todos estos han participado en fraudes: Fox es un delincuente electoral confeso. \u00bfO no? \u00bfEstoy diciendo mentiras? Nada m\u00e1s que esta dif\u00edcil que en los medios lo exponga. Existen todas las pruebas. \u00c9l mismo declar\u00f3 que hab\u00eda cargado los dados.<\/p>\n<p>\u00abLa se\u00f1ora de Calder\u00f3n, dem\u00f3crata. No voy a ampliar mi comentario por respeto a la se\u00f1ora. Miren, la se\u00f1ora Claudia Ruiz Massieu, sobrina de Carlos Salinas; no voy a ampliar mi comentario\u00bb.<\/p>\n<p>L\u00f3pez Obrador se refiri\u00f3 en duros t\u00e9rminos contra la marcha a la que asistieron, estim\u00f3, alrededor de 60 mil manifestantes. Si hubieran ido al Z\u00f3calo no hubieran sido capaces de llenarlo, dijo antes de conminarlos a que sean perseverantes. Consider\u00f3 positivo para el pa\u00eds que el conservadurismo salga a la luz:<\/p>\n<p>\u00abLo que m\u00e1s molesta es la hipocres\u00eda, la simulaci\u00f3n. Fue muy importante la marcha de ayer, una especie strep tease del conservadurismo en M\u00e9xico\u00bb, agreg\u00f3 sonriente.<\/p>\n<p>Esto es muy bueno. Si no emerge esto se mantiene soterrado. Critic\u00f3 lo que consider\u00f3 postura de Woldenberg, \u00ablo que m\u00e1s me molesta es la hipocres\u00eda, la simulaci\u00f3n\u00bb.<\/p>\n<p>Se\u00f1al\u00f3 que hipocres\u00eda conservadora\u00bb le hace mucho da\u00f1o para tener una sociedad menos, m\u00e1s justa, m\u00e1s igualitaria fraterna. Es como que se va Franco y se queda el franquismo. Nadie dice nada, se quedan callados. En Chile, sale Pinochet pero se mantiene ese r\u00e9gimen, nadie dice nada. \u00bfPor qu\u00e9 evitan debate, la confrontaci\u00f3n? Convierten temas en tab\u00fa, en temas vedados. En el mediano, largo plazo,se da\u00f1a much\u00edsimo\u00bb.<\/p>\n<p>A pregunta expresa dijo que no tiene plan B para una reforma electoral, aprovechando para insistir en el eje de su propuesta: elecci\u00f3n directa de consejeros y magistrados electorales; reducci\u00f3n del congreso; eliminar 32 organismos electorales estatales para unificarlo en uno y reducir el gasto del Instituto Nacional Electoral.<\/p>\n<p>Mostr\u00f3 las fotograf\u00edas de los pol\u00edticos y l\u00edderes que acudieron a la marcha entre ellos Claudio X Gonz\u00e1lez, a Roberto Madrazo, Jaime Lozano &#8211; el de copelas o cuello; el que despidi\u00f3 a 40 mil trabajadores de la compa\u00f1\u00eda de Luz y Fuerza del Centro -, Vicente Fox, Beatriz Paredes, los l\u00edderes de la Coparmex -\u00abun sector del PAN-, MArgarita Zavala , entre otros.<\/p>\n<p>\u00ab\u00bfPor qu\u00e9 no ponen las carteleras de los dem\u00f3cratas? Voy a repetir en que consiste la iniciativa, que es para que se tenga un INE y un tribunal confiables , porque son capaces, ya lo han hecho, de hacer fraude apoyados en consejeros y en magistrados electorales corruptos anti democr\u00e1ticos. Vamos a dejar eso. Vamos a establecer en M\u00e9xico una aut\u00e9ntica democracia. Lo que se busca es que esos consejeros y magistrados los elija el pueblo,. Por qu\u00e9 les digo esto , es un debate que viene desde los griegos. Fue muy vigente en el siglo XIX hasta Madero\u00bb.<\/p>\n<p>L\u00f3pez Obrador consider\u00f3 que la demanda de los manifestantes es porque no conciben que el voto de Claudio X Gonz\u00e1lez valga lo mismo que el de un campesino. \u00ab\u00bfQue plantea la reforma?, que no se gaste mucho, porque adem\u00e1s que tienen al arbitro, se gastan m\u00e1s que ning\u00fan otro pa\u00eds, en la organizaci\u00f3n de las elecciones que No son confiables, no son elecciones limpias, ni libres y se gastan m\u00e1s de 20 mil millones de pesos\u00bb.<\/p>\n<p>Insisti\u00f3 en que la movilizaci\u00f3n fue porque se oponen a la transformaci\u00f3n del pa\u00eds y se abri\u00f3 un espacio para agradecer la aprobaci\u00f3n del presupuesto. \u00abAprovecho para decirle a los adultos mayores que a partir del pr\u00f3ximo a\u00f1o se incrementar\u00e1 en 25 por ciento m\u00e1s de sus pensiones; que todo los programas del Bienestar es el que va a contar m\u00e1s presupuesto, casi un bill\u00f3n de pesos para los pobres\u00bb.<\/p>\n<p>Asever\u00f3 que la construcci\u00f3n del Tren Maya es muy importante pero Lo m\u00e1s importante de todo \u00abes el cambio de mentalidad, la revoluci\u00f3n de las conciencias. Hay veces que en apariencia las cosas cambian para seguir igual\u00bb.<\/p>\n<p>Mencion\u00f3 el caso de un video done un a se\u00f1ora que participa en la marcha lo insulta. Orden\u00f3 que se reprodujera el video porque eso ayuda a entender que \u00abno es nada m\u00e1s el pensamiento de esa se\u00f1ora. No, son much\u00edsimos.<\/p>\n<p>\u00abEst\u00e1 saliendo ahora la hipocres\u00eda, que prevalec\u00eda, el clasismo, el racismo\u00bb. M\u00e1s adelante se pregunt\u00f3 \u00bfcuanto enga\u00f1aban diciendo de que eran distintos?, el PRI, el PAN, los independientes. Que la prensa, los medios de comunicaci\u00f3n eran objetivos, profesionales, distantes del poder.<\/p>\n<p>\u00abEs una manera de pensar que adem\u00e1s yo respeto, porque en una dictadura se obliga a que todos piensen de la misma manera.\u00bb L\u00f3pez Obrador dijo que en una democracia tiene que garantizar el derecho a disentir.<\/p>\n<p>Asegur\u00f3 que el \u00e9xito es que la mayor\u00eda de la gente no particip\u00f3. Finalmente conmin\u00f3 a los opositores a que sigan marchando estos personajes. \u00ab\u00bfdesde cu\u00e1ndo no marchaba, cu\u00e1ntos a\u00f1os llevaba sin marchar, Roberto Madrazo?, \u00bfDesde cu\u00e1ndo no marchaba Vicente Fox? \u00bfDesde cu\u00e1ndo no marchaba Elba Esther Gordillo? se pregunt\u00f3 antes de soltar una carcajada.<\/p>\n<p>M\u00e1s adelante, L\u00f3pez Obrador aludi\u00f3 al respald\u00f3 popular de su gobierno y subray\u00f3 que mantiene su cercan\u00eda con los sectores populares cuestion\u00e1ndose \u00bfsi en lugar de estar volteando a ver al pueblo, estuvieron volteando a ver a los due\u00f1os de los medios? \u00bfa los due\u00f1os de los bancos? \u00bfA los intelectuales org\u00e1nicos?, estar\u00eda convertido en un pelele, en un florero, en un empleado de ellos. Y si me les revelaba sin tener el apoyo del pueblo, me hubiesen derrocado\u00bb.<\/p>\n<p>Despu\u00e9s cuestion\u00f3 la postura de la Iglesia cat\u00f3lica en esta coyuntura: \u00abhasta la Iglesia cat\u00f3lica que esta actuando en contra de ese gran Papa, Francisco, que es un Papa progresista que defiende a los pobres, no a los oligarcas, no de los corruptos, no de los anti democr\u00e1ticos. \u00abEl papa Francisco es el dirigente social m\u00e1s consecuente en el mundo, en cuanto a la defensa de causas justas, por eso ya los voy a acusar de quienes est\u00e1n defendiendo a estos potentados, fif\u00eds y aspirantes a fif\u00eds.\u00bb<\/p>\n<p>L\u00f3pez Obrador retom\u00f3 las elecciones del 2006 para mostrar quienes firmaron un desplegado avalando los resultados del entonces Instituto Federal Electoral y avalando el fraude, entre los que destac\u00f3 a escritores, pol\u00edticos, articulistas e incluso a Woldenberg y al actual consejero presidente del INE, Lorenzo C\u00f3rdova.<\/p>\n<\/div>\n<\/div>\n<\/div>\n<div class=\"article-meta\"><\/div>\n<\/div>\n<\/div>\n","protected":false},"excerpt":{"rendered":"<p>La marcha de ayer, \u00abun striptease del conservadurismo en M\u00e9xico\u00bb: AMLO Alonso Urrutia y Nestor Jim\u00e9nez . Quienes marcharon ayer lo hicieron \u00aba favor de los privilegios que ellos ten\u00edan antes de este gobierno. Lo hicieron a favor de la corrupci\u00f3n, a favor del racimo, clasismo, de la discriminacion. Ese es el fondo, porque ni [&hellip;]<\/p>\n","protected":false},"author":249,"featured_media":30138,"comment_status":"open","ping_status":"closed","sticky":false,"template":"","format":"standard","meta":{"footnotes":""},"categories":[26],"tags":[],"class_list":["post-30137","post","type-post","status-publish","format-standard","has-post-thumbnail","hentry","category-mundo"],"_links":{"self":[{"href":"https:\/\/eloficiodehistoriar.com.mx\/index.php?rest_route=\/wp\/v2\/posts\/30137","targetHints":{"allow":["GET"]}}],"collection":[{"href":"https:\/\/eloficiodehistoriar.com.mx\/index.php?rest_route=\/wp\/v2\/posts"}],"about":[{"href":"https:\/\/eloficiodehistoriar.com.mx\/index.php?rest_route=\/wp\/v2\/types\/post"}],"author":[{"embeddable":true,"href":"https:\/\/eloficiodehistoriar.com.mx\/index.php?rest_route=\/wp\/v2\/users\/249"}],"replies":[{"embeddable":true,"href":"https:\/\/eloficiodehistoriar.com.mx\/index.php?rest_route=%2Fwp%2Fv2%2Fcomments&post=30137"}],"version-history":[{"count":1,"href":"https:\/\/eloficiodehistoriar.com.mx\/index.php?rest_route=\/wp\/v2\/posts\/30137\/revisions"}],"predecessor-version":[{"id":30139,"href":"https:\/\/eloficiodehistoriar.com.mx\/index.php?rest_route=\/wp\/v2\/posts\/30137\/revisions\/30139"}],"wp:featuredmedia":[{"embeddable":true,"href":"https:\/\/eloficiodehistoriar.com.mx\/index.php?rest_route=\/wp\/v2\/media\/30138"}],"wp:attachment":[{"href":"https:\/\/eloficiodehistoriar.com.mx\/index.php?rest_route=%2Fwp%2Fv2%2Fmedia&parent=30137"}],"wp:term":[{"taxonomy":"category","embeddable":true,"href":"https:\/\/eloficiodehistoriar.com.mx\/index.php?rest_route=%2Fwp%2Fv2%2Fcategories&post=30137"},{"taxonomy":"post_tag","embeddable":true,"href":"https:\/\/eloficiodehistoriar.com.mx\/index.php?rest_route=%2Fwp%2Fv2%2Ftags&post=30137"}],"curies":[{"name":"wp","href":"https:\/\/api.w.org\/{rel}","templated":true}]}}