{"id":30140,"date":"2022-11-14T12:25:30","date_gmt":"2022-11-14T18:25:30","guid":{"rendered":"https:\/\/eloficiodehistoriar.com.mx\/?p=30140"},"modified":"2022-11-14T12:25:30","modified_gmt":"2022-11-14T18:25:30","slug":"familias-enteras-de-procedencia-acomodada-clases-medias-sectores-populares-y-trabajadores","status":"publish","type":"post","link":"https:\/\/eloficiodehistoriar.com.mx\/?p=30140","title":{"rendered":"Familias enteras de procedencia acomodada, clases medias, sectores populares y trabajadores"},"content":{"rendered":"<div id=\"article-cont\" class=\"main-cont article-cont actuality\">\n<div class=\"sumarios\">\n<p>Marchan miles de personas<\/p>\n<\/div>\n<div class=\"cabeza\">Intenci\u00f3n del gobierno de destruir al INE nos obliga a salir a las calles: Woldenberg<\/div>\n<div class=\"sumarios\"><\/div>\n<div id=\"article-text\" class=\"text\">\n<div class=\"foto\">\n<div class=\"pie-foto\">Asistentes a la marcha en defensa del INE gritan consignas mientras escuchan el discurso de Jos\u00e9 Woldenberg, ex consejero presidente del IFE, en la explanada del Monumento a la Revoluci\u00f3n.<\/div>\n<div><\/div>\n<\/div>\n<div class=\"col col1\">\n<div class=\"credito-autor\">Roberto Gardu\u00f1o<\/div>\n<div class=\"credito-titulo\"><\/div>\n<div class=\"hemero\">La Jornada<\/p>\n<\/div>\n<p class=\"s-s\">Familias enteras en su mayor\u00eda, de procedencia acomodada, clases medias, sectores populares y trabajadoras y trabajadores (tambi\u00e9n en compa\u00f1\u00eda de los suyos) acudieron a la marcha por Paseo de la Reforma y al mitin en la Plaza de la Rep\u00fablica con una consigna: defender al INE.<\/p>\n<p>Los organizadores anunciaron que la participaci\u00f3n alcanz\u00f3 200 mil personas, mientras del otro lado la autoridad de la Ciudad de M\u00e9xico estim\u00f3 la concurrencia en 12 mil. A\u00fan con esos c\u00e1lculos tan dispares, fue notorio el \u00e1nimo que desplegaron en la caminata mujeres y hombres, j\u00f3venes y ni\u00f1os. De ellos se evidenci\u00f3 el escaso entrenamiento en las lides de la protesta. Llegaron a lo que iban, a gritar:\u00a0<q>\u00a1El INE no se toca, el INE no se toca&#8230;!<\/q><\/p>\n<p>La intersecci\u00f3n entre Paseo de la Reforma y la avenida Sevilla, al pie de la columna del \u00c1ngel de la Independencia, result\u00f3 insuficiente como punto de reuni\u00f3n. La llegada de personas por todos lados propici\u00f3 que miles decidieran iniciar la caminata desde una hora antes a la programada, para salir en direcci\u00f3n al Monumento a la Revoluci\u00f3n. La multitud casi colmaba ya la Plaza de la Rep\u00fablica cuando apenas comenzaba a caminar la vanguardia de la marcha, donde se encontraba Jos\u00e9 Woldenberg, el primer presidente del Consejo General del IFE, quien fue el encargado de dar un discurso como orador \u00fanico.<\/p>\n<p>Sobre los carriles de Paseo de la Reforma, desde las oficinas centrales del IMSS, hasta lo que fue la glorieta a Col\u00f3n y ahora es conocida como la glorieta de las mujeres, se form\u00f3 un r\u00edo humano. Caminaban hasta mujeres ancianas, muchas de ellas acompa\u00f1adas de sus maridos, de sus hijos y nietos y tambi\u00e9n se dejaron ver personajes de la vida pol\u00edtica y p\u00fablica.<\/p>\n<p>El presidente del PRI, Alejandro Moreno C\u00e1rdenas, encabez\u00f3 un contingente de 20 mil militantes de su partido. Con una larga manta que dejaba ver\u00a0<q>El INE es intocable<\/q>, el campechano recibi\u00f3 respaldo de sus seguidores: \u201c\u00a1Duro\u00a0<em>Alito<\/em>, con todooo!\u201d Llegaron tambi\u00e9n Elba Esther Gordillo y la senadora Beatriz Paredes, en silla de ruedas, pues se recupera de una intervenci\u00f3n.<\/p>\n<p>Protegido por un compacto contingente de panistas lleg\u00f3 de sombrero Vicente Fox Quesada, junto con Marko Cort\u00e9s y, a un costado de ellos, Santiago Creel Miranda. Tambi\u00e9n fueron vistos Porfirio Mu\u00f1oz Ledo, Francisco Labastida Ochoa, Jos\u00e9 Narro Robles, Ulises Ruiz, Claudia Ruiz Massieu, Roberto Madrazo y Javier Lozano, entre otros.<\/p>\n<p class=\"sumario\">Copiosa participaci\u00f3n<\/p>\n<p class=\"s-s\">No obstante, lo relevante fue la numerosa participaci\u00f3n de las familias y su expresi\u00f3n \u2013durante el trayecto\u2013 por cuidar al INE. Fue tal la asistencia que en las calles aleda\u00f1as y en las bifurcaciones a Reforma las personas continuaban sum\u00e1ndose a la marcha. En dos cuadras de la avenida Morelos se observ\u00f3 una fila de camiones y peseros.<\/p>\n<p>Para las 11 de la ma\u00f1ana la multitud ya hab\u00eda colmado la plaza del Monumento a la Revoluci\u00f3n y sus v\u00edas adyacentes: la Avenida de la Rep\u00fablica \u2013donde se instal\u00f3 una pantalla gigante para transmitir el mitin\u2013, Jos\u00e9 Mar\u00eda Lafragua, Ignacio Ram\u00edrez, Ponciano Arriaga y G\u00f3mez Far\u00edas. Y as\u00ed, 10 minutos antes de las 12, Woldenberg, solo, subi\u00f3 al templete.<\/p>\n<\/div>\n<div class=\"col col2\">\n<p>Emiti\u00f3 un mensaje en defensa de la democracia:\u00a0<q>Estamos aqu\u00ed ejerciendo nuestros derechos; el derecho a manifestarnos, a opinar, a reunirnos de manera pac\u00edfica para expresar nuestros deseos y aspiraciones. Dejamos atr\u00e1s el pa\u00eds de un solo partido, de un presidencialismo opresivo, para abrirle paso a elecciones limpias y cre\u00edbles<\/q>.<\/p>\n<p>Tras se\u00f1alar que la titularidad del Poder Ejecutivo ha cambiado, que el Poder Legislativo ha registrado las preferencias de millones de mexicanos y las minor\u00edas de ayer son las mayor\u00edas de hoy, apunt\u00f3: \u201cEl problema may\u00fasculo, el que nos ha tra\u00eddo aqu\u00ed, el que nos obliga a salir a las calles, es que se quiere destruir desde el gobierno \u2013le interrumpi\u00f3 un coro: \u2018el INE no se toca, el INE no se toca\u2019\u2013 es necesario insistir en eso porque significa no s\u00f3lo una agresi\u00f3n a las instituciones existentes, sino a la imposibilidad de procesar nuestra vida pol\u00edtica en un formato democr\u00e1tico\u201d.<\/p>\n<p>Y consider\u00f3 en su cr\u00edtica que\u00a0<q>M\u00e9xico no puede volver a una instituci\u00f3n electoral alineada con el gobierno; nuestro pa\u00eds no merece regresar al pasado, porque lo construido permite elecciones aut\u00e9nticas y es la piedra angular de todo sistema democr\u00e1tico<\/q>.<\/p>\n<p>De ah\u00ed, adujo que\u00a0<q>desde la \u00faltima reforma electoral en 2014, se han disputado en los estados y en la Ciudad de M\u00e9xico 55 mil 336 cargos de elecci\u00f3n popular, entre ellos 55 gubernaturas, 93 legislaturas y 5 mil 932 ayuntamientos. Tan s\u00f3lo el a\u00f1o pasado los institutos electorales registraron 255 mil 424 candidatos locales. Con tales n\u00fameros les pregunto: \u00bfes deseable y posible concentrarse en organizar y administrar ese universo pol\u00edtico en una sola instituci\u00f3n?<\/q><\/p>\n<p><q>Nooooo<\/q>, fue la respuesta.<\/p>\n<p>Y puso sobre la mesa que\u00a0<q>M\u00e9xico no merece una reforma constitucional en materia electoral impulsada por una sola voluntad, por m\u00e1s relevante que sea. Hay importantes lecciones en el pasado, las reformas que fueron fruto de voluntades colectivas fueron forjadas con los m\u00e9todos probados y comprobados del di\u00e1logo y el acuerdo. S\u00f3lo desde el autoritarismo m\u00e1s ciego se puede aspirar a organizar la riqueza de expresiones. Por el contrario, nosotros valoramos esa diversidad. Nuestro futuro no puede ser resultado de la seducci\u00f3n por un pasado que en buena hora fue desterrado<\/q>.<\/p>\n<p>Para las 12:30 la manifestaci\u00f3n termin\u00f3 con una enjundiosa interpretaci\u00f3n del Himno Nacional. Woldenberg se retir\u00f3 r\u00e1pido. Claudio X. Gonz\u00e1lez, uno de los promotores de la convocatoria, se acerc\u00f3 a un costado del templete, salud\u00f3, sonri\u00f3, se tom\u00f3 selfis con cuanta persona lo ped\u00eda y en respuesta a su complaciente actitud le llegaron a prodigar:\u00a0<q>Usted es un baluarte de la democracia, no se doble<\/q>.<\/p>\n<\/div>\n<\/div>\n<div class=\"go gui\">\n<div class=\"go-up\"><\/div>\n<\/div>\n<\/div>\n<div id=\"taboola-below-content-thumbnails\" class=\" trc_related_container trc_spotlight_widget tbl-feed-container tbl-feed-frame-DIVIDER  render-late-effect\" data-feed-container-num=\"1\" data-feed-main-container-id=\"taboola-below-content-thumbnails\" data-parent-placement-name=\"Below Content Thumbnails\" data-pub-lang=\"es\">\n<div class=\" tbl-feed-header tbl-logo-right-position\">\n<div class=\"tbl-feed-header-logo\"><\/div>\n<\/div>\n<\/div>\n","protected":false},"excerpt":{"rendered":"<p>Marchan miles de personas Intenci\u00f3n del gobierno de destruir al INE nos obliga a salir a las calles: Woldenberg Asistentes a la marcha en defensa del INE gritan consignas mientras escuchan el discurso de Jos\u00e9 Woldenberg, ex consejero presidente del IFE, en la explanada del Monumento a la Revoluci\u00f3n. Roberto Gardu\u00f1o La Jornada Familias enteras [&hellip;]<\/p>\n","protected":false},"author":249,"featured_media":30141,"comment_status":"open","ping_status":"closed","sticky":false,"template":"","format":"standard","meta":{"footnotes":""},"categories":[26],"tags":[],"class_list":["post-30140","post","type-post","status-publish","format-standard","has-post-thumbnail","hentry","category-mundo"],"_links":{"self":[{"href":"https:\/\/eloficiodehistoriar.com.mx\/index.php?rest_route=\/wp\/v2\/posts\/30140","targetHints":{"allow":["GET"]}}],"collection":[{"href":"https:\/\/eloficiodehistoriar.com.mx\/index.php?rest_route=\/wp\/v2\/posts"}],"about":[{"href":"https:\/\/eloficiodehistoriar.com.mx\/index.php?rest_route=\/wp\/v2\/types\/post"}],"author":[{"embeddable":true,"href":"https:\/\/eloficiodehistoriar.com.mx\/index.php?rest_route=\/wp\/v2\/users\/249"}],"replies":[{"embeddable":true,"href":"https:\/\/eloficiodehistoriar.com.mx\/index.php?rest_route=%2Fwp%2Fv2%2Fcomments&post=30140"}],"version-history":[{"count":1,"href":"https:\/\/eloficiodehistoriar.com.mx\/index.php?rest_route=\/wp\/v2\/posts\/30140\/revisions"}],"predecessor-version":[{"id":30142,"href":"https:\/\/eloficiodehistoriar.com.mx\/index.php?rest_route=\/wp\/v2\/posts\/30140\/revisions\/30142"}],"wp:featuredmedia":[{"embeddable":true,"href":"https:\/\/eloficiodehistoriar.com.mx\/index.php?rest_route=\/wp\/v2\/media\/30141"}],"wp:attachment":[{"href":"https:\/\/eloficiodehistoriar.com.mx\/index.php?rest_route=%2Fwp%2Fv2%2Fmedia&parent=30140"}],"wp:term":[{"taxonomy":"category","embeddable":true,"href":"https:\/\/eloficiodehistoriar.com.mx\/index.php?rest_route=%2Fwp%2Fv2%2Fcategories&post=30140"},{"taxonomy":"post_tag","embeddable":true,"href":"https:\/\/eloficiodehistoriar.com.mx\/index.php?rest_route=%2Fwp%2Fv2%2Ftags&post=30140"}],"curies":[{"name":"wp","href":"https:\/\/api.w.org\/{rel}","templated":true}]}}