{"id":30143,"date":"2022-11-14T12:36:06","date_gmt":"2022-11-14T18:36:06","guid":{"rendered":"https:\/\/eloficiodehistoriar.com.mx\/?p=30143"},"modified":"2022-11-14T12:36:06","modified_gmt":"2022-11-14T18:36:06","slug":"ricardo-montejano-registro-los-movimientos-sociales-dinamicas-sociales-y-culturales-de-los-indigenas","status":"publish","type":"post","link":"https:\/\/eloficiodehistoriar.com.mx\/?p=30143","title":{"rendered":"Ricardo Montejano registr\u00f3 los movimientos sociales, din\u00e1micas sociales y culturales de los ind\u00edgenas"},"content":{"rendered":"<div id=\"article-cont\" class=\"main-cont article-cont actuality\">\n<div class=\"cabeza\">Ricardo Montejano, guardi\u00e1n\u00a0<q>fortuito<\/q>\u00a0del material sonoro de grandes movimientos sociales<\/div>\n<div class=\"sumarios\">\n<p>El locutor y periodista ha conformado un importante acervo de al menos 5 mil 500 registros en formato anal\u00f3gico y digital de m\u00fasica y lenguas ind\u00edgenas, y de testimonios de l\u00edderes populares del siglo XX mexicano<\/p>\n<\/div>\n<div id=\"article-text\" class=\"text\">\n<div class=\"foto\">\n<div class=\"pie-foto\">Ricardo Montejano es fot\u00f3grafo y camar\u00f3grafo. Desde 1982 es locutor de Radio Educaci\u00f3n.<\/div>\n<div><\/div>\n<\/div>\n<div class=\"col col1\">\n<div class=\"credito-autor\">\u00c1ngel Vargas<\/div>\n<div class=\"credito-titulo\"><\/div>\n<div class=\"hemero\">La Jornada<\/p>\n<\/div>\n<p class=\"s-s\">Una circunstancia fortuita llev\u00f3 a Ricardo Montejano del Valle a incursionar en el registro sonoro de los movimientos sociales del siglo XX mexicano, as\u00ed como de las din\u00e1micas sociales y manifestaciones culturales de los pueblos ind\u00edgenas del pa\u00eds.<\/p>\n<p>Tal circunstancia, seg\u00fan cuenta, fue la invitaci\u00f3n que le hizo a comienzos de la d\u00e9cada de 1980 el productor radiof\u00f3nico Froyl\u00e1n Rasc\u00f3n C\u00f3rdoba para sumarse a su equipo en Radio Educaci\u00f3n, no obstante que es fot\u00f3grafo y camar\u00f3grafo de profesi\u00f3n.<\/p>\n<p>As\u00ed, desde 1982 a la fecha, primero como eventual y desde 1992 como productor de planta en la denominada radio cultural de M\u00e9xico, el tambi\u00e9n locutor y periodista ha logrado conformar un importante acervo sonoro de al menos 5 mil 500 registros en formato anal\u00f3gico y una cantidad que calcula por mucho superior en formato digital, y que se incrementa cada d\u00eda.<\/p>\n<p>Ese material se ha derivado de la investigaci\u00f3n y la grabaci\u00f3n de campo de m\u00fasica tradicional mexicana y lenguas ind\u00edgenas, as\u00ed como de la recuperaci\u00f3n de testimonios de importantes actores sociales e innumerables encuentros y entrevistas con l\u00edderes e integrantes de movimientos sociales, populares e ind\u00edgenas a lo largo de cuatro d\u00e9cadas.<\/p>\n<p>Tal material se encuentra reunido en el Fondo Ricardo Montejano: Movimientos Sociales y Cultura Rural e Ind\u00edgena, que desde finales del pasado sexenio permanece bajo resguardo de la Fonoteca Nacional.<\/p>\n<p>A la fecha, se han digitalizado y catalogado 3 mil 300 de esos documentos sonoros gracias a un apoyo de la Universidad de California en Los \u00c1ngeles, los cuales formar\u00e1n parte de la Biblioteca Digital Mundial de esa instituci\u00f3n educativa estadunidense para su consulta p\u00fablica, adem\u00e1s de estar tambi\u00e9n disponibles en la Fonoteca Nacional de nuestro pa\u00eds.<\/p>\n<p class=\"sumario\">Reconocimiento del Inehrm<\/p>\n<p class=\"s-s\">El Instituto Nacional de Estudios Hist\u00f3ricos de las Revoluciones de M\u00e9xico (Inehrm) reconoci\u00f3 hace unos d\u00edas ese invaluable e incesante trabajo de Ricardo Montejano con el Premio Jos\u00e9 C. Valadez 2022, otorgado a la trayectoria de quienes promueven el rescate de las fuentes para la historia de M\u00e9xico durante los siglos XIX y XX.<\/p>\n<p>En espec\u00edfico, se reconoci\u00f3 el registro que ha realizado sobre el jaramillismo y el zapatismo por medio de\u00a0<q>valiosos testimoniales que han permitido la presencia de fuentes que han enriquecido la investigaci\u00f3n hist\u00f3rica y, con ello, la comprensi\u00f3n profunda de los movimientos sociales y la realidad nacional<\/q>.<\/p>\n<\/div>\n<div class=\"col col2\">\n<p>El inter\u00e9s de este comunicador \u2013nacido en la Ciudad de M\u00e9xico en 1947\u2013 por los pueblos ind\u00edgenas y los movimientos sociales proviene de sus lecturas y militancia pol\u00edtica,\u00a0<q>de pertenecer a un pensamiento socialista, comunista<\/q>\u00a0y desarrollar\u00a0<q>un trabajo con las organizaciones en lucha<\/q>.<\/p>\n<p class=\"sumario\">Siempre del lado de las causas justas<\/p>\n<p class=\"s-s\">Parte sustancial de ese quehacer, explica en entrevista, ha consistido en recoger los testimonios de aquellos que defienden y promueven causas justas o se ven sometidos a injusticias, para darles resonancia a trav\u00e9s de las se\u00f1ales de Radio Educaci\u00f3n, material que ha dado pie al citado acervo sonoro con el paso del tiempo.<\/p>\n<p>Adem\u00e1s de realizar infinidad de grabaciones con integrantes de diversas culturas originarias, entre ellas nahua, zapoteca y mixe, as\u00ed como con\u00a0<em>graniceros\u00a0<\/em>y m\u00fasicos de diferentes g\u00e9neros tradicionales, Ricardo Montejano se dice orgulloso de haber conocido a diversos protagonistas de los movimientos sociales del siglo XX mexicano.<\/p>\n<p>Uno de ellos fue F\u00e9lix Serd\u00e1n N\u00e1jera, brazo derecho de Rub\u00e9n Jaramillo, y con quien escribi\u00f3 un libro autobiogr\u00e1fico:\u00a0<q>\u00c9l fue el encargado de llevar el apoyo de los zapatistas y jaramillistas a la selva Lacandona cuando se dio el levantamiento ind\u00edgena de 1994, y entonces el EZLN le confiri\u00f3 el grado de Mayor Insurgente Honorario<\/q>.<\/p>\n<p>Tambi\u00e9n destaca a M\u00f3nico Rodr\u00edguez G\u00f3mez, personaje de la izquierda y jaramillista que construy\u00f3 junto con Oth\u00f3n Salazar el movimiento magisterial y el movimiento ferrocarrilero, al cual lleg\u00f3 despu\u00e9s Demetrio Vallejo y se convirti\u00f3 en gran dirigente.<\/p>\n<p>\u201cEl constructor de este movimiento fue M\u00f3nico Rodr\u00edguez, al lado de otros viejos comunistas. Tenemos todos esos materiales testimoniales de esos brazos derecho e izquierdo de Rub\u00e9n Jaramillo. Tambi\u00e9n Oth\u00f3n Salazar me dio una grabaci\u00f3n sobre su historia de vida, maravillosa. Lo mismo hizo el dirigente mixe Floriberto D\u00edaz, autor del borrador de la\u00a0<em>Carta de Derechos Humanos de los Pueblos Ind\u00edgenas,<\/em>\u00a0del grupo de trabajo de la Organizaci\u00f3n de las Naciones Unidas para las Poblaciones Ind\u00edgenas, junto con Rigoberta Mench\u00fa y gente de toda Am\u00e9rica.\u201d<\/p>\n<\/div>\n<\/div>\n<div class=\"go gui\">\n<div class=\"go-up\"><\/div>\n<\/div>\n<\/div>\n","protected":false},"excerpt":{"rendered":"<p>Ricardo Montejano, guardi\u00e1n\u00a0fortuito\u00a0del material sonoro de grandes movimientos sociales El locutor y periodista ha conformado un importante acervo de al menos 5 mil 500 registros en formato anal\u00f3gico y digital de m\u00fasica y lenguas ind\u00edgenas, y de testimonios de l\u00edderes populares del siglo XX mexicano Ricardo Montejano es fot\u00f3grafo y camar\u00f3grafo. Desde 1982 es locutor [&hellip;]<\/p>\n","protected":false},"author":249,"featured_media":30144,"comment_status":"open","ping_status":"closed","sticky":false,"template":"","format":"standard","meta":{"footnotes":""},"categories":[26],"tags":[],"class_list":["post-30143","post","type-post","status-publish","format-standard","has-post-thumbnail","hentry","category-mundo"],"_links":{"self":[{"href":"https:\/\/eloficiodehistoriar.com.mx\/index.php?rest_route=\/wp\/v2\/posts\/30143","targetHints":{"allow":["GET"]}}],"collection":[{"href":"https:\/\/eloficiodehistoriar.com.mx\/index.php?rest_route=\/wp\/v2\/posts"}],"about":[{"href":"https:\/\/eloficiodehistoriar.com.mx\/index.php?rest_route=\/wp\/v2\/types\/post"}],"author":[{"embeddable":true,"href":"https:\/\/eloficiodehistoriar.com.mx\/index.php?rest_route=\/wp\/v2\/users\/249"}],"replies":[{"embeddable":true,"href":"https:\/\/eloficiodehistoriar.com.mx\/index.php?rest_route=%2Fwp%2Fv2%2Fcomments&post=30143"}],"version-history":[{"count":1,"href":"https:\/\/eloficiodehistoriar.com.mx\/index.php?rest_route=\/wp\/v2\/posts\/30143\/revisions"}],"predecessor-version":[{"id":30145,"href":"https:\/\/eloficiodehistoriar.com.mx\/index.php?rest_route=\/wp\/v2\/posts\/30143\/revisions\/30145"}],"wp:featuredmedia":[{"embeddable":true,"href":"https:\/\/eloficiodehistoriar.com.mx\/index.php?rest_route=\/wp\/v2\/media\/30144"}],"wp:attachment":[{"href":"https:\/\/eloficiodehistoriar.com.mx\/index.php?rest_route=%2Fwp%2Fv2%2Fmedia&parent=30143"}],"wp:term":[{"taxonomy":"category","embeddable":true,"href":"https:\/\/eloficiodehistoriar.com.mx\/index.php?rest_route=%2Fwp%2Fv2%2Fcategories&post=30143"},{"taxonomy":"post_tag","embeddable":true,"href":"https:\/\/eloficiodehistoriar.com.mx\/index.php?rest_route=%2Fwp%2Fv2%2Ftags&post=30143"}],"curies":[{"name":"wp","href":"https:\/\/api.w.org\/{rel}","templated":true}]}}