{"id":30162,"date":"2022-11-15T13:30:00","date_gmt":"2022-11-15T19:30:00","guid":{"rendered":"https:\/\/eloficiodehistoriar.com.mx\/?p=30162"},"modified":"2022-11-15T13:30:00","modified_gmt":"2022-11-15T19:30:00","slug":"festival-de-teatro-universitario-en-xalapa","status":"publish","type":"post","link":"https:\/\/eloficiodehistoriar.com.mx\/?p=30162","title":{"rendered":"Festival de Teatro Universitario en Xalapa"},"content":{"rendered":"<div>\n<h1 class=\"title\">M\u00e1s cultura en Xalapa!<\/h1>\n<h1 class=\"title\">Inicia la edici\u00f3n 31 del Festival de Teatro Universitario<\/h1>\n<\/div>\n<h3 class=\"subtitle\">Hay nueva imagen e inter\u00e9s de las autoridades universitarias por mejorarlo, dice Mercedes Huerta<\/h3>\n<div class=\"lead-gallery \">\n<div class=\"teaser  owl-carousel owl-theme\">\n<div class=\"owl-wrapper-outer\">\n<div class=\"owl-wrapper\">\n<div class=\"owl-item\">\n<div class=\"img-container picture\">\n<div id=\"standard_1\" class=\"st-placement standard_1 inImage\">\n<div class=\"st-adunit st-adunit-tagged st-reset st-show\">\n<div class=\"st-adunit-ad st-reset\">31\u00aa edici\u00f3n del Festival de Teatro Universitario finaliza el 18 de noviembre<\/div>\n<\/div>\n<\/div>\n<\/div>\n<\/div>\n<\/div>\n<\/div>\n<\/div>\n<\/div>\n<div id=\"affix-share\" class=\"sharing-menu affix\">\n<ul>\n<li>Maribel S\u00e1nchez<\/li>\n<li>Diario de Xalapa<\/li>\n<\/ul>\n<\/div>\n<div class=\"content-body clearfix \">\n<div id=\"content-body-225-9191150\">\n<p>La\u00a0<b>31\u00aa edici\u00f3n del Festival de Teatro Universitario (FTU) de la Universidad Veracruzana arranc\u00f3 en Xalapa con un nuevo rostro\u00a0<\/b>y un nuevo comit\u00e9 organizador en el cual participan representantes de las cinco regiones donde tiene presencia la casa de estudios; la coordinadora es la directora esc\u00e9nica Mercedes Huerta.<\/p>\n<p><i>Tras la preocupaci\u00f3n de si en 2022 habr\u00eda o no festival, expuesta por el ahora excoordinador Ra\u00fal Santamar\u00eda y los actores Alba Dom\u00ednguez y Carlos Ortega, el encuentro ya se desarrolla en distintas sedes de la ciudad, pero no en el formato tradicional de concurso.<\/i><\/p>\n<\/div>\n<\/div>\n<div class=\"advertisment \"><\/div>\n<article class=\"content-continued-body clearfix \">\n<div id=\"content-body-5851641-9191150\">\n<ul>\n<li><\/li>\n<\/ul>\n<p>Al respecto, la maestra de actuaci\u00f3n y promotora cultural\u00a0<b>Mercedes Huerta<\/b>\u00a0expresa que todo es susceptible de cambios, incluidos los festivales y quienes los organizan.\u00a0<b>\u201cEn otros momentos hist\u00f3ricos, el Festival ha sido diferente; me parece un acierto muy pertinente que haya otras actividades y que puedan participar m\u00e1s acad\u00e9micos para mejorarlo<\/b>\u201d, manifest\u00f3 en entrevista.<\/p>\n<section>\n<div class=\"teaser \">\n<div class=\"infographicWrapper\"><iframe loading=\"lazy\" src=\"https:\/\/www.facebook.com\/plugins\/post.php?href=https%3A%2F%2Fwww.facebook.com%2Ffestivaldeteatrouv%2Fposts%2Fpfbid0qdqXchz4aPYad7ZW9zxJxZoGDGCTVW1kMZkQ7vpHgWVCvxdKVmvAQGBnHeNu117bl&amp;show_text=true&amp;width=500\" width=\"500\" height=\"634\" frameborder=\"0\" scrolling=\"no\" allowfullscreen=\"allowfullscreen\" data-mce-fragment=\"1\"><\/iframe><\/div>\n<\/div>\n<\/section>\n<\/div>\n<\/article>\n","protected":false},"excerpt":{"rendered":"<p>M\u00e1s cultura en Xalapa! Inicia la edici\u00f3n 31 del Festival de Teatro Universitario Hay nueva imagen e inter\u00e9s de las autoridades universitarias por mejorarlo, dice Mercedes Huerta 31\u00aa edici\u00f3n del Festival de Teatro Universitario finaliza el 18 de noviembre Maribel S\u00e1nchez Diario de Xalapa La\u00a031\u00aa edici\u00f3n del Festival de Teatro Universitario (FTU) de la Universidad [&hellip;]<\/p>\n","protected":false},"author":249,"featured_media":30163,"comment_status":"open","ping_status":"closed","sticky":false,"template":"","format":"standard","meta":{"footnotes":""},"categories":[26],"tags":[],"class_list":["post-30162","post","type-post","status-publish","format-standard","has-post-thumbnail","hentry","category-mundo"],"_links":{"self":[{"href":"https:\/\/eloficiodehistoriar.com.mx\/index.php?rest_route=\/wp\/v2\/posts\/30162","targetHints":{"allow":["GET"]}}],"collection":[{"href":"https:\/\/eloficiodehistoriar.com.mx\/index.php?rest_route=\/wp\/v2\/posts"}],"about":[{"href":"https:\/\/eloficiodehistoriar.com.mx\/index.php?rest_route=\/wp\/v2\/types\/post"}],"author":[{"embeddable":true,"href":"https:\/\/eloficiodehistoriar.com.mx\/index.php?rest_route=\/wp\/v2\/users\/249"}],"replies":[{"embeddable":true,"href":"https:\/\/eloficiodehistoriar.com.mx\/index.php?rest_route=%2Fwp%2Fv2%2Fcomments&post=30162"}],"version-history":[{"count":1,"href":"https:\/\/eloficiodehistoriar.com.mx\/index.php?rest_route=\/wp\/v2\/posts\/30162\/revisions"}],"predecessor-version":[{"id":30164,"href":"https:\/\/eloficiodehistoriar.com.mx\/index.php?rest_route=\/wp\/v2\/posts\/30162\/revisions\/30164"}],"wp:featuredmedia":[{"embeddable":true,"href":"https:\/\/eloficiodehistoriar.com.mx\/index.php?rest_route=\/wp\/v2\/media\/30163"}],"wp:attachment":[{"href":"https:\/\/eloficiodehistoriar.com.mx\/index.php?rest_route=%2Fwp%2Fv2%2Fmedia&parent=30162"}],"wp:term":[{"taxonomy":"category","embeddable":true,"href":"https:\/\/eloficiodehistoriar.com.mx\/index.php?rest_route=%2Fwp%2Fv2%2Fcategories&post=30162"},{"taxonomy":"post_tag","embeddable":true,"href":"https:\/\/eloficiodehistoriar.com.mx\/index.php?rest_route=%2Fwp%2Fv2%2Ftags&post=30162"}],"curies":[{"name":"wp","href":"https:\/\/api.w.org\/{rel}","templated":true}]}}