{"id":30166,"date":"2022-11-16T13:21:12","date_gmt":"2022-11-16T19:21:12","guid":{"rendered":"https:\/\/eloficiodehistoriar.com.mx\/?p=30166"},"modified":"2022-11-16T13:21:12","modified_gmt":"2022-11-16T19:21:12","slug":"el-mundial-en-qatar-se-acerca-en-ese-marco-el-22-de-noviembre-mexico-enfrentara-a-polonia","status":"publish","type":"post","link":"https:\/\/eloficiodehistoriar.com.mx\/?p=30166","title":{"rendered":"El Mundial en Qatar se acerca, en ese marco, el 22 de noviembre M\u00e9xico enfrentar\u00e1 a Polonia"},"content":{"rendered":"<div id=\"article-cont\" class=\"main-cont article-cont analysis\">\n<div class=\"cabeza\">M\u00e9xico-Polonia: un partido de ultraderecha<\/div>\n<div class=\"sumarios\"><\/div>\n<div class=\"credito-articulo\">H\u00e9ctor Alejandro Quintanar*<\/div>\n<div><\/div>\n<div id=\"article-text\" class=\"text\">\n<div class=\"col col1\">\n<div class=\"inicial\">El Mundial en Qatar se acerca y, como recomendaba Bertrand Russell sobre el futbol, es momento de pensar en los humanos y sus disputas pol\u00edticas. En ese marco, el 22 de noviembre M\u00e9xico enfrentar\u00e1 a Polonia en el debut de ambos equipos en la justa. Momento de recordar enlaces ideol\u00f3gicos en ambos pa\u00edses.<\/div>\n<p>Al igual que lo hizo en d\u00edas recientes para invitar a la marcha\u00a0<q>en defensa del INE<\/q>, el 2 de julio de 2005 Vicente Fox tambi\u00e9n invit\u00f3 a las derechas \u2013tanto a las asumidas como a las vergonzantes\u2013 a copar el \u00c1ngel de la Independencia para festejar\u00a0<q>el d\u00eda de la democracia<\/q>. Disfrazado de remembranza de la alternancia en 2000, el acto fue intento de mostrar fuerza en las calles, pues el obradorismo reci\u00e9n las hab\u00eda desbordado contra el autoritarismo del desafuero, y se acercaba la elecci\u00f3n de 2006. El acto de Fox tuvo como invitado estelar al ex presidente polaco Lech Walesa, timbre del catolicismo tornado en proyecto pol\u00edtico, cuya presencia busc\u00f3 lustrar a un templete dominado por figuras de la ultraderecha mexicana, como Luis Luege o Velasco Arzac.<\/p>\n<p>M\u00e1s que anecdotario, el hecho fue recordatorio. Investigadores y periodistas como Samuel Schmidt, Diego Vel\u00e1zquez, Patricia Campos o Maciek Wisniewski han se\u00f1alado un hecho crucial. A inicios del siglo XX Intermarium fue un proyecto geopol\u00edtico centroeuropeo que pretend\u00eda unir pa\u00edses entre el B\u00e1ltico y el mar Negro, con centralidad en Polonia, para formar un muro ideol\u00f3gico contra la revoluci\u00f3n rusa, con base en un elemento: el anticomunismo geopol\u00edtico de ra\u00edz cat\u00f3lica, que desde el siglo XIX se obsesion\u00f3 contra una presunta conspiraci\u00f3n judeo-comunista para dominar al mundo, obsesi\u00f3n que enmascaraba una cruzada antilaica y antilustrada.<\/p>\n<p>Hace justo 100 a\u00f1os se eligi\u00f3 Papa a P\u00edo XI (antes nuncio en Polonia), emisario de un conservadurismo intransigente y admirador de las tesis del Intermarium polaco, que tambi\u00e9n fueron inspiraci\u00f3n para organizaciones de ultraderecha mexicanas, como Los Tecos y el Yunque. As\u00ed, el catolicismo centroeuropeo \u2013<q>temeroso<\/q>\u00a0de que los jud\u00edos fundaran ah\u00ed su Estado\u2013, y las venas poscristeras mexicanas, opuestas al laicismo constitucional, ten\u00edan vasos comunicantes, unidas ambas por el miedo a la\u00a0<q>conspiraci\u00f3n judeo-comunista<\/q>. Las conexiones no son banales: ya en\u00a0<em>guerra fr\u00eda<\/em>, el Vaticano retom\u00f3 las tesis de Intermarium fomentando grupos reservados en Latinoam\u00e9rica, lo que devino en que esa inercia intolerante tuviera cabida en M\u00e9xico \u2013como fue el caso de Puebla\u2013 y que luego hall\u00f3 espacio en el PAN. De Varsovia a Cholula, la\u00a0<q>amenaza<\/q>\u00a0era una: los judeo-masones-comunistas.<\/p>\n<\/div>\n<div class=\"col col2\">\n<p>Cien a\u00f1os despu\u00e9s del ascenso de P\u00edo XI; 100 a\u00f1os despu\u00e9s del auge de Intermarium, 100 a\u00f1os despu\u00e9s de que la URSS se consolidara (y luego se disolviera), hoy en M\u00e9xico se aviene un c\u00f3nclave: un foro en la Ciudad de M\u00e9xico el 18 y 19 de noviembre organizado por la Conferencia Pol\u00edtica de Acci\u00f3n Conservadora (CPAC), con exposiciones, entre otros, del pinochetista Antonio Kast o el se\u00f1or Javier Milei, energ\u00fameno que representa a ese sector de gente que, incapaz de socializar sanamente con otros, disfraza su antipat\u00eda de una ideolog\u00eda del individualismo exacerbado. El eje de ese foro es predecible: la contracultura reaccionaria contra derechos reproductivos y de minor\u00edas sexuales; entreverar anticomunismo y antipopulismo, y regurgitar conspiraciones geopol\u00edticas, quiz\u00e1 cubanas, venezolanas o incluso de nuevo rusas.<\/p>\n<p>\u00bfQui\u00e9n completar\u00e1 el c\u00f3nclave? Lech Walesa, quien hoy, como hace 17 a\u00f1os, de nuevo estar\u00e1 en M\u00e9xico para lavar la cara a grupos reaccionarios con el prestigio de su Premio Nobel, igual que lo hace Vargas Llosa adulando a D\u00edaz Ayuso en Madrid o instando a votar por Bolsonaro. Con Walesa estar\u00e1 Eduardo Ver\u00e1stegui, actor mexicano devenido en ide\u00f3logo de esta derecha\u00a0<em>posguerra fr\u00eda<\/em>, en un toque de far\u00e1ndula que recuerda a cuando Alicia Villarreal, cantando, dio un discurso mejor y m\u00e1s profundo que el de Fox en aquel encuentro en el \u00c1ngel en julio de 2005.<\/p>\n<p>Las trazas de los conservadurismos intransigentes polaco y mexicano han sido conexas. Mientras en Polonia esa expresi\u00f3n gobierna, en M\u00e9xico yace en una oposici\u00f3n presuntamente diversa pero que cada vez teme menos mostrarse articulada entre s\u00ed encabezada por impresentables (como fue el coctel de\u00a0<q>liberales<\/q>\u00a0marchando con delincuentes electorales para\u00a0<q>salvar<\/q>\u00a0al INE), en tanto que la derecha\u00a0<q>dura<\/q>\u00a0se hace visible tal cual es, como en el foro de la CPAC.<\/p>\n<p>En 100 a\u00f1os mucho del mundo ha cambiado, pero en el partido global de la reacci\u00f3n, sea polaca o mexicana, sus extremos derechos siguen anclados en el siglo XVIII, mientras los que se creen centros o brillantes delanteros no se dan cuenta de que comparten cancha con los retr\u00f3grados m\u00e1s de lo que quisieran. Ojal\u00e1 el campo del que se habla aqu\u00ed no fuera pol\u00edtico, sino de futbol.<\/p>\n<p>*\u00a0<em>Acad\u00e9mico de la Universidad de Hradec Kr\u00e1lov\u00e9, Rep\u00fablica Checa. Autor del libro Las ra\u00edces del Movimiento Regeneraci\u00f3n Nacional<\/em><\/p>\n<p class=\"email\">\n<\/div>\n<\/div>\n<div class=\"go gui\">\n<div class=\"go-up\"><\/div>\n<\/div>\n<\/div>\n","protected":false},"excerpt":{"rendered":"<p>M\u00e9xico-Polonia: un partido de ultraderecha H\u00e9ctor Alejandro Quintanar* El Mundial en Qatar se acerca y, como recomendaba Bertrand Russell sobre el futbol, es momento de pensar en los humanos y sus disputas pol\u00edticas. En ese marco, el 22 de noviembre M\u00e9xico enfrentar\u00e1 a Polonia en el debut de ambos equipos en la justa. Momento de [&hellip;]<\/p>\n","protected":false},"author":249,"featured_media":30167,"comment_status":"open","ping_status":"closed","sticky":false,"template":"","format":"standard","meta":{"footnotes":""},"categories":[26],"tags":[],"class_list":["post-30166","post","type-post","status-publish","format-standard","has-post-thumbnail","hentry","category-mundo"],"_links":{"self":[{"href":"https:\/\/eloficiodehistoriar.com.mx\/index.php?rest_route=\/wp\/v2\/posts\/30166","targetHints":{"allow":["GET"]}}],"collection":[{"href":"https:\/\/eloficiodehistoriar.com.mx\/index.php?rest_route=\/wp\/v2\/posts"}],"about":[{"href":"https:\/\/eloficiodehistoriar.com.mx\/index.php?rest_route=\/wp\/v2\/types\/post"}],"author":[{"embeddable":true,"href":"https:\/\/eloficiodehistoriar.com.mx\/index.php?rest_route=\/wp\/v2\/users\/249"}],"replies":[{"embeddable":true,"href":"https:\/\/eloficiodehistoriar.com.mx\/index.php?rest_route=%2Fwp%2Fv2%2Fcomments&post=30166"}],"version-history":[{"count":1,"href":"https:\/\/eloficiodehistoriar.com.mx\/index.php?rest_route=\/wp\/v2\/posts\/30166\/revisions"}],"predecessor-version":[{"id":30168,"href":"https:\/\/eloficiodehistoriar.com.mx\/index.php?rest_route=\/wp\/v2\/posts\/30166\/revisions\/30168"}],"wp:featuredmedia":[{"embeddable":true,"href":"https:\/\/eloficiodehistoriar.com.mx\/index.php?rest_route=\/wp\/v2\/media\/30167"}],"wp:attachment":[{"href":"https:\/\/eloficiodehistoriar.com.mx\/index.php?rest_route=%2Fwp%2Fv2%2Fmedia&parent=30166"}],"wp:term":[{"taxonomy":"category","embeddable":true,"href":"https:\/\/eloficiodehistoriar.com.mx\/index.php?rest_route=%2Fwp%2Fv2%2Fcategories&post=30166"},{"taxonomy":"post_tag","embeddable":true,"href":"https:\/\/eloficiodehistoriar.com.mx\/index.php?rest_route=%2Fwp%2Fv2%2Ftags&post=30166"}],"curies":[{"name":"wp","href":"https:\/\/api.w.org\/{rel}","templated":true}]}}