{"id":30169,"date":"2022-11-16T13:26:12","date_gmt":"2022-11-16T19:26:12","guid":{"rendered":"https:\/\/eloficiodehistoriar.com.mx\/?p=30169"},"modified":"2022-11-16T13:26:12","modified_gmt":"2022-11-16T19:26:12","slug":"luego-de-tres-meses-sin-jugar-el-delantero-raul-jimenez-podra-tener-actividad-con-la-seleccion-nacional","status":"publish","type":"post","link":"https:\/\/eloficiodehistoriar.com.mx\/?p=30169","title":{"rendered":"Luego de tres meses sin jugar, el delantero Ra\u00fal Jim\u00e9nez podr\u00e1 tener actividad con la selecci\u00f3n nacional"},"content":{"rendered":"<div id=\"article-cont\" class=\"main-cont article-cont actuality\">\n<div class=\"series\">Qatar 2022<\/div>\n<div class=\"sumarios\">\n<p>Tiene m\u00e1s de tres meses sin jugar<\/p>\n<\/div>\n<div class=\"cabeza\">Ra\u00fal Jim\u00e9nez estar\u00e1 disponible para el amistoso contra Suecia<\/div>\n<div class=\"sumarios\">\n<p>Martino calla sobre los cuatro recortados del\u00a0<em>Tri<\/em><\/p>\n<\/div>\n<div id=\"article-text\" class=\"text\">\n<div class=\"foto\">\n<div class=\"pie-foto\">M\u00e9xico se reporta listo para su \u00faltima prueba antes de partir a Qatar.<\/div>\n<div><\/div>\n<div class=\"pie-foto\">Karla Torrijos<\/div>\n<\/div>\n<div class=\"col col1\">\n<div class=\"credito-titulo\"><\/div>\n<div class=\"hemero\">La Jornada<\/p>\n<\/div>\n<p class=\"s-s\">Luego de casi tres meses sin jugar, el delantero Ra\u00fal Jim\u00e9nez podr\u00e1 tener actividad con la selecci\u00f3n nacional este mi\u00e9rcoles ante Suecia, en el \u00faltimo partido amistoso previo al debut mundialista, inform\u00f3 el t\u00e9cnico tricolor, Gerardo\u00a0<em>Tata<\/em>\u00a0Martino, quien adem\u00e1s detall\u00f3 que el delantero participar\u00e1 en Qatar 2022 debido a que se ha recuperado favorablemente de su lesi\u00f3n.<\/p>\n<p>El integrante del Wolverhampton no juega desde el pasado 31 de agosto, cuando su equipo empat\u00f3 sin goles ante el Bournemouth en un duelo de la Liga Premier de Inglaterra, tras padecer una pubalgia.<\/p>\n<p>Pese a que su recuperaci\u00f3n ha sido m\u00e1s lenta de lo esperado, el timonel argentino decidi\u00f3 incluir al atacante en la lista definitiva de 26 jugadores con los que la selecci\u00f3n mexicana competir\u00e1 en la m\u00e1xima justa futbol\u00edstica.<\/p>\n<p>\u201cLa resoluci\u00f3n la tomamos en funci\u00f3n a la evoluci\u00f3n que ha tenido, y a lo que hablamos con \u00e9l y el cuerpo m\u00e9dico. Llegamos a un punto donde s\u00f3lo necesit\u00e1bamos saber c\u00f3mo iba a ser su respuesta a entrenamientos relacionados con lo competitivo.<\/p>\n<p><q>Si bien todav\u00eda no hizo futbol contra otro rival, s\u00ed lo hicimos entre nosotros y sus respuestas fueron muy buenas. Seguramente s\u00ed tendr\u00e1 minutos ante Suecia<\/q>, se\u00f1al\u00f3 el timonel ayer en conferencia de prensa desde Girona, Espa\u00f1a.<\/p>\n<p>Por otra parte, el\u00a0<em>Tata<\/em>\u00a0rechaz\u00f3 explicar su decisi\u00f3n de excluir de la convocatoria final para Qatar 2022 a Santiago Gim\u00e9nez, quien marcha como l\u00edder de goleo en la Liga de Europa con el Feyenoord, de Holanda, as\u00ed como a Diego Lainez, \u00c9rick S\u00e1nchez y Jes\u00fas Angulo, a quienes s\u00f3lo les agradeci\u00f3 por participar cuando fueron requeridos.<\/p>\n<p><q>Un profundo agradecimiento a los cuatro cortados por la predisposici\u00f3n de pelear (por un lugar) sabiendo de sus pocas posibilidades<\/q>, mencion\u00f3.<\/p>\n<\/div>\n<div class=\"col col2\">\n<p>Respecto del partido ante Suecia, el cual se llevar\u00e1 a cabo en el estadio municipal de Montilivi, en Girona, el entrenador estim\u00f3 que dicha selecci\u00f3n podr\u00eda tener algunas similitudes con Polonia, su primer rival en el Mundial; sin embargo, dej\u00f3 en claro que el objetivo principal es poner a tono a los jugadores.<\/p>\n<p><q>Suecia es algo parecido a Polonia en cuanto a las transiciones r\u00e1pidas, podr\u00edan tener rasgos parecidos pero no son exactamente iguales. Trataremos de no dar tanta informaci\u00f3n respecto al debut, pero probablemente en alg\u00fan momento del encuentro y por alg\u00fan tiempo ensayaremos algo, nuestra propuesta ser\u00e1 la de siempre, hacernos due\u00f1os del partido, poder jugar a lo que queremos, y poner a los futbolistas de la mejor forma posible<\/q>, sostuvo.<\/p>\n<p>En tanto, el seleccionador de Polonia, Czeslaw Michniewicz, asegur\u00f3 que no pondr\u00e1 su alineaci\u00f3n base en el duelo de preparaci\u00f3n que su equipo disputar\u00e1 hoy ante Chile, el cual se efectuar\u00e1 en Varsovia.<\/p>\n<p>\u201cNi nosotros ni M\u00e9xico mostraremos todo en el \u00faltimo partido antes del Mundial. En la selecci\u00f3n tricolor espero muchas situaciones que confundan al rival.<\/p>\n<p><q>Nuestra alineaci\u00f3n para el equipo mexicano no ser\u00e1 diferente de c\u00f3mo jugamos antes. Somos capaces de adaptarnos sin problemas al momento del juego. No me apego a una formaci\u00f3n, es nuestra fuerza.<\/q><\/p>\n<p>Asimismo, subray\u00f3 la relevancia del encuentro frente al conjunto chileno, toda vez que su estilo de juego podr\u00eda ser muy parecido al del conjunto tricolor.<\/p>\n<p><q>El partido contra Chile es importante, especialmente porque jugamos en casa y antes del Mundial. El estilo ser\u00e1 similar al de M\u00e9xico, pero no igual<\/q>, concluy\u00f3.<\/p>\n<\/div>\n<\/div>\n<div class=\"go gui\">\n<div class=\"go-up\"><\/div>\n<\/div>\n<\/div>\n<div id=\"taboola-below-content-thumbnails\" class=\" trc_related_container trc_spotlight_widget tbl-feed-container tbl-feed-frame-DIVIDER  render-late-effect\" data-feed-container-num=\"1\" data-feed-main-container-id=\"taboola-below-content-thumbnails\" data-parent-placement-name=\"Below Content Thumbnails\" data-pub-lang=\"es\">\n<div class=\" tbl-feed-header tbl-logo-right-position\">\n<div class=\"tbl-feed-header-logo\"><\/div>\n<\/div>\n<\/div>\n","protected":false},"excerpt":{"rendered":"<p>Qatar 2022 Tiene m\u00e1s de tres meses sin jugar Ra\u00fal Jim\u00e9nez estar\u00e1 disponible para el amistoso contra Suecia Martino calla sobre los cuatro recortados del\u00a0Tri M\u00e9xico se reporta listo para su \u00faltima prueba antes de partir a Qatar. Karla Torrijos La Jornada Luego de casi tres meses sin jugar, el delantero Ra\u00fal Jim\u00e9nez podr\u00e1 tener [&hellip;]<\/p>\n","protected":false},"author":249,"featured_media":30170,"comment_status":"open","ping_status":"closed","sticky":false,"template":"","format":"standard","meta":{"footnotes":""},"categories":[26],"tags":[],"class_list":["post-30169","post","type-post","status-publish","format-standard","has-post-thumbnail","hentry","category-mundo"],"_links":{"self":[{"href":"https:\/\/eloficiodehistoriar.com.mx\/index.php?rest_route=\/wp\/v2\/posts\/30169","targetHints":{"allow":["GET"]}}],"collection":[{"href":"https:\/\/eloficiodehistoriar.com.mx\/index.php?rest_route=\/wp\/v2\/posts"}],"about":[{"href":"https:\/\/eloficiodehistoriar.com.mx\/index.php?rest_route=\/wp\/v2\/types\/post"}],"author":[{"embeddable":true,"href":"https:\/\/eloficiodehistoriar.com.mx\/index.php?rest_route=\/wp\/v2\/users\/249"}],"replies":[{"embeddable":true,"href":"https:\/\/eloficiodehistoriar.com.mx\/index.php?rest_route=%2Fwp%2Fv2%2Fcomments&post=30169"}],"version-history":[{"count":1,"href":"https:\/\/eloficiodehistoriar.com.mx\/index.php?rest_route=\/wp\/v2\/posts\/30169\/revisions"}],"predecessor-version":[{"id":30171,"href":"https:\/\/eloficiodehistoriar.com.mx\/index.php?rest_route=\/wp\/v2\/posts\/30169\/revisions\/30171"}],"wp:featuredmedia":[{"embeddable":true,"href":"https:\/\/eloficiodehistoriar.com.mx\/index.php?rest_route=\/wp\/v2\/media\/30170"}],"wp:attachment":[{"href":"https:\/\/eloficiodehistoriar.com.mx\/index.php?rest_route=%2Fwp%2Fv2%2Fmedia&parent=30169"}],"wp:term":[{"taxonomy":"category","embeddable":true,"href":"https:\/\/eloficiodehistoriar.com.mx\/index.php?rest_route=%2Fwp%2Fv2%2Fcategories&post=30169"},{"taxonomy":"post_tag","embeddable":true,"href":"https:\/\/eloficiodehistoriar.com.mx\/index.php?rest_route=%2Fwp%2Fv2%2Ftags&post=30169"}],"curies":[{"name":"wp","href":"https:\/\/api.w.org\/{rel}","templated":true}]}}