{"id":30172,"date":"2022-11-16T13:38:49","date_gmt":"2022-11-16T19:38:49","guid":{"rendered":"https:\/\/eloficiodehistoriar.com.mx\/?p=30172"},"modified":"2022-11-16T13:38:49","modified_gmt":"2022-11-16T19:38:49","slug":"de-los-832-futbolistas-convocados-a-qatar-2022-el-mexicano-guillermo-ochoa-el-que-mas-ha-jugado","status":"publish","type":"post","link":"https:\/\/eloficiodehistoriar.com.mx\/?p=30172","title":{"rendered":"De los 832 futbolistas convocados a Qatar 2022, el mexicano Guillermo Ochoa, el que m\u00e1s ha jugado"},"content":{"rendered":"<div id=\"article-cont\" class=\"main-cont article-cont actuality\">\n<div class=\"series\">Qatar 2022<\/div>\n<div class=\"cabeza\">Ochoa, el jugador con m\u00e1s minutos disputados rumbo al Mundial<\/div>\n<div class=\"sumarios\"><\/div>\n<div id=\"article-text\" class=\"text\">\n<div class=\"col col1\">\n<div class=\"credito-autor\">De la Redacci\u00f3n<\/div>\n<div><\/div>\n<div class=\"credito-autor\">Afp<\/div>\n<div class=\"credito-titulo\"><\/div>\n<div class=\"hemero\">La Jornada<\/p>\n<\/div>\n<p class=\"s-s\">De los 832 futbolistas convocados a Qatar 2022, el mexicano Guillermo Ochoa, quien participar\u00e1 en su quinta Mundial, es el que m\u00e1s ha jugado en los \u00faltimos tres meses, adem\u00e1s es el cuarto con mayor actividad desde julio de 2021 a octubre de este a\u00f1o, con alrededor de 8 mil 200 minutos disputados.<\/p>\n<p>Seg\u00fan un reporte del sindicato de jugadores FIFPro, el portero de la selecci\u00f3n mexicana, con un acumulado de mil 770 minutos, lidera una lista en la que Harry Kane (mil 736), Heung-Min Son (mil 543), Vin\u00edcius J\u00fanior (mil 527) y Kylian Mbapp\u00e9 (mil 505) completan el\u00a0<em>top<\/em>-5 de m\u00e1s minutos disputados desde agosto.<\/p>\n<p>Aunque a diferencia de los jugadores que militan en Europa, el tambi\u00e9n arquero del Am\u00e9rica empez\u00f3 a tener actividad desde julio, toda vez que el torneo Apertura 2022 de la Liga Mx se adelant\u00f3 por la Copa Mundial; no obstante, ese mes no fue contabilizado por el FIFPro.<\/p>\n<p>Ochoa, al igual que su compatriota Andr\u00e9s Guardado, disputar\u00e1 en Qatar 2022 su quinta justa mundialista, de las cuales, \u00e9sta ser\u00e1 la tercera en la que tenga participaci\u00f3n, pues en Alemania 2006 y Sud\u00e1frica 2010 fue suplente ante la titularidad de Oswaldo S\u00e1nchez y \u00d3scar P\u00e9rez, respectivamente.<\/p>\n<p>A partir de Brasil 2014, y en Rusia 2018, el cancerbero azulcrema ha sido el portero titular del combinado mexicano, y se perfila para serlo tambi\u00e9n en Qatar.<\/p>\n<\/div>\n<div class=\"col col2\">\n<p>Por otro lado, el reporte indica que de los futbolistas participantes en la Copa, los de las selecciones brasile\u00f1a y portuguesa son los que m\u00e1s minutos han disputado desde agosto de 2021.<\/p>\n<p>Desde el inicio de la temporada 2021-2022, cada jugador del equipo luso<q>ha participado una media de 5 mil 200 minutos, el equivalente a 58 partidos completos<\/q>, indica el informe, cuyas estad\u00edsticas\u00a0<q>subrayan la extrema sobrecarga a la que se enfrentan algunos elementos, especialmente los que militan en clubes de Europa y Am\u00e9rica<\/q>.<\/p>\n<p>El secretario general adjunto del FIFPro, Simon Colosimo, citado en el comunicado del sindicato, explic\u00f3 que\u00a0<q>los datos ponen de relie-ve la tensi\u00f3n mental y f\u00edsica a la que se enfrentan muchos futbolistas internacionales por un calendario de partidos congestionado que no tiene en cuenta adecuadamente su salud y su rendimiento<\/q>.<\/p>\n<p>Agreg\u00f3 que\u00a0<q>todas las partes interesadas en el futbol profesional deben reorientar sus prioridades para garantizar que los jugado-res se beneficien de una agenda m\u00e1s equilibrada<\/q>.<\/p>\n<\/div>\n<\/div>\n<div class=\"go gui\">\n<div class=\"go-up\"><\/div>\n<\/div>\n<\/div>\n<div id=\"taboola-below-content-thumbnails\" class=\" trc_related_container trc_spotlight_widget tbl-feed-container tbl-feed-frame-DIVIDER  render-late-effect\" data-feed-container-num=\"1\" data-feed-main-container-id=\"taboola-below-content-thumbnails\" data-parent-placement-name=\"Below Content Thumbnails\" data-pub-lang=\"es\">\n<div class=\" tbl-feed-header tbl-logo-right-position\">\n<div class=\"tbl-feed-header-logo\"><\/div>\n<\/div>\n<\/div>\n","protected":false},"excerpt":{"rendered":"<p>Qatar 2022 Ochoa, el jugador con m\u00e1s minutos disputados rumbo al Mundial De la Redacci\u00f3n Afp La Jornada De los 832 futbolistas convocados a Qatar 2022, el mexicano Guillermo Ochoa, quien participar\u00e1 en su quinta Mundial, es el que m\u00e1s ha jugado en los \u00faltimos tres meses, adem\u00e1s es el cuarto con mayor actividad desde [&hellip;]<\/p>\n","protected":false},"author":249,"featured_media":30173,"comment_status":"open","ping_status":"closed","sticky":false,"template":"","format":"standard","meta":{"footnotes":""},"categories":[26],"tags":[],"class_list":["post-30172","post","type-post","status-publish","format-standard","has-post-thumbnail","hentry","category-mundo"],"_links":{"self":[{"href":"https:\/\/eloficiodehistoriar.com.mx\/index.php?rest_route=\/wp\/v2\/posts\/30172","targetHints":{"allow":["GET"]}}],"collection":[{"href":"https:\/\/eloficiodehistoriar.com.mx\/index.php?rest_route=\/wp\/v2\/posts"}],"about":[{"href":"https:\/\/eloficiodehistoriar.com.mx\/index.php?rest_route=\/wp\/v2\/types\/post"}],"author":[{"embeddable":true,"href":"https:\/\/eloficiodehistoriar.com.mx\/index.php?rest_route=\/wp\/v2\/users\/249"}],"replies":[{"embeddable":true,"href":"https:\/\/eloficiodehistoriar.com.mx\/index.php?rest_route=%2Fwp%2Fv2%2Fcomments&post=30172"}],"version-history":[{"count":1,"href":"https:\/\/eloficiodehistoriar.com.mx\/index.php?rest_route=\/wp\/v2\/posts\/30172\/revisions"}],"predecessor-version":[{"id":30174,"href":"https:\/\/eloficiodehistoriar.com.mx\/index.php?rest_route=\/wp\/v2\/posts\/30172\/revisions\/30174"}],"wp:featuredmedia":[{"embeddable":true,"href":"https:\/\/eloficiodehistoriar.com.mx\/index.php?rest_route=\/wp\/v2\/media\/30173"}],"wp:attachment":[{"href":"https:\/\/eloficiodehistoriar.com.mx\/index.php?rest_route=%2Fwp%2Fv2%2Fmedia&parent=30172"}],"wp:term":[{"taxonomy":"category","embeddable":true,"href":"https:\/\/eloficiodehistoriar.com.mx\/index.php?rest_route=%2Fwp%2Fv2%2Fcategories&post=30172"},{"taxonomy":"post_tag","embeddable":true,"href":"https:\/\/eloficiodehistoriar.com.mx\/index.php?rest_route=%2Fwp%2Fv2%2Ftags&post=30172"}],"curies":[{"name":"wp","href":"https:\/\/api.w.org\/{rel}","templated":true}]}}