{"id":30179,"date":"2022-11-17T13:34:47","date_gmt":"2022-11-17T19:34:47","guid":{"rendered":"https:\/\/eloficiodehistoriar.com.mx\/?p=30179"},"modified":"2022-11-17T13:34:47","modified_gmt":"2022-11-17T19:34:47","slug":"hoy-dia-mundial-de-la-filosofia-por-la-importancia-del-pensamiento-filosofico-para-la-paz-mundial","status":"publish","type":"post","link":"https:\/\/eloficiodehistoriar.com.mx\/?p=30179","title":{"rendered":"Hoy \u00abD\u00eda Mundial de la Filosof\u00eda\u00bb por la importancia del pensamiento filos\u00f3fico para la paz mundial"},"content":{"rendered":"<div id=\"article-cont\" class=\"main-cont article-cont actuality\">\n<div class=\"series\">D\u00eda de la Filosof\u00eda<\/div>\n<div><\/div>\n<div class=\"cabeza\">Propone la Unesco cuestionar el concepto de humanidad<\/div>\n<div class=\"sumarios\"><\/div>\n<div id=\"article-text\" class=\"text\">\n<div class=\"col col1\">\n<div class=\"credito-autor\">M\u00f3nica Mateos-Vega<\/div>\n<div class=\"credito-titulo\"><\/div>\n<div class=\"hemero\">La Jornada<\/p>\n<\/div>\n<p class=\"s-s\">Hoy se celebra el D\u00eda Mundial de la Filosof\u00eda, instituido por la Organizaci\u00f3n de Naciones Unidas para la Educaci\u00f3n, la Ciencia y la Cultura (Unesco) para resaltar la importancia del pensamiento filos\u00f3fico y animar a las personas de todo el mundo a compartir su herencia en este rubro,\u00a0<q>porque la filosof\u00eda es la base para la paz mundial<\/q>, recalc\u00f3 esta instancia.<\/p>\n<p>La filosof\u00eda, a\u00f1adi\u00f3 la Unesco, proporciona las bases conceptuales de los principios y valores que en estos tiempos tienen la capacidad de evitar conflictos: la democracia, los derechos humanos, la justicia y la igualdad.<\/p>\n<p>Entre los objetivos que se persiguen este d\u00eda, adem\u00e1s de promover la investigaci\u00f3n y el an\u00e1lisis filos\u00f3fico sobre los grandes problemas de la humanidad para responder mejor a los desaf\u00edos del mundo contempor\u00e1neo, se propone hacer un balance de la situaci\u00f3n de la ense\u00f1anza de la filosof\u00eda en los estados miembros de este organismo internacional, con el fin de subrayar la importancia de que las generaciones futuras sean educadas en esa disciplina.<\/p>\n<p>Con este prop\u00f3sito, la Unesco organiz\u00f3 el simposio\u00a0<em>La humanidad del futuro<\/em>, que se celebra en su sede de Par\u00eds, Francia, del 16 al 18 de noviembre.<\/p>\n<p><q>En un mundo hipertecnologizado, el concepto de humanidad est\u00e1 en constante evoluci\u00f3n. \u00bfC\u00f3mo llamamos a los humanos hoy? \u00bfC\u00f3mo seguimos llam\u00e1ndonos humanos a pesar de la evidente evoluci\u00f3n hist\u00f3rica y el futuro incierto al que nos enfrentamos? \u00bfEstamos asistiendo a una transfiguraci\u00f3n tan radical que la propia definici\u00f3n, adem\u00e1s del horizonte humanista, queda desfasada? \u00bfC\u00f3mo podemos imaginar las nuevas figuras de lo humano en el futuro?<\/q>, se preguntan los organizadores del encuentro.<\/p>\n<\/div>\n<div class=\"col col2\">\n<p class=\"sumario\">No hay respuestas simples<\/p>\n<p class=\"s-s\">Si bien no hay respuestas simples a estas preguntas, a\u00f1aden,\u00a0<q>la r\u00e1pida digitalizaci\u00f3n sin duda est\u00e1 teniendo un impacto. Es as\u00ed que el sector de ciencias sociales y humanas de la Unesco proporcionar\u00e1 un foro ideal para debatir acerca de estos dilemas \u00e9ticos y epistemol\u00f3gicos, al tiempo que ofrecer\u00e1 una perspectiva multidisciplinaria y multicultural que re\u00fane varios campos del conocimiento<\/q>.<\/p>\n<p>El programa del simposio abarcar\u00e1 los siguientes temas: antropolog\u00eda, ciencias naturales (lo no humano), poscolonialismo, cuestiones tecnol\u00f3gicas, g\u00e9nero, residuos, invenciones ficticias, la perspectiva de largo tiempo y el cosmos. El encuentro se podr\u00e1 seguir en l\u00ednea en\u00a0<a href=\"http:\/\/shorturl.at\/jxCI6\" target=\"_blank\" rel=\"noopener\">shorturl.at\/jxCI6<\/a><\/p>\n<p>En M\u00e9xico, diversas asociaciones acad\u00e9micas se organizaron a fin de presentar un programa de actividades para que\u00a0<q>se escuche la voz de la filosof\u00eda en tiempos cr\u00edticos<\/q>. Las mesas de reflexi\u00f3n comenzaron el 14 de noviembre pasado y concluyen hoy, D\u00eda Mundial de la Filosof\u00eda, a partir de las 10 horas en el Centro de Documentaci\u00f3n en Filosof\u00eda Latinoamericana e Ib\u00e9rica de la Universidad Aut\u00f3noma Metropolitana unidad Iztapalapa. La sesi\u00f3n se puede seguir a trav\u00e9s del canal de YouTube del Observatorio Filos\u00f3fico de M\u00e9xico (<a href=\"https:\/\/www.youtube.com\/channel\/UCmJNzEUJBxJE0SXb-vR98Ww\" target=\"_blank\" rel=\"noopener\">https:\/\/www.youtube.com\/channel\/UCmJNzEUJBxJE0SXb-vR98Ww<\/a>).<\/p>\n<\/div>\n<\/div>\n<div class=\"go gui\">\n<div class=\"go-up\"><\/div>\n<\/div>\n<\/div>\n<div id=\"taboola-below-content-thumbnails\" class=\" trc_related_container trc_spotlight_widget tbl-feed-container tbl-feed-frame-DIVIDER  render-late-effect\" data-feed-container-num=\"1\" data-feed-main-container-id=\"taboola-below-content-thumbnails\" data-parent-placement-name=\"Below Content Thumbnails\" data-pub-lang=\"es\">\n<div class=\" tbl-feed-header tbl-logo-right-position\">\n<div class=\"tbl-feed-header-logo\"><\/div>\n<\/div>\n<\/div>\n","protected":false},"excerpt":{"rendered":"<p>D\u00eda de la Filosof\u00eda Propone la Unesco cuestionar el concepto de humanidad M\u00f3nica Mateos-Vega La Jornada Hoy se celebra el D\u00eda Mundial de la Filosof\u00eda, instituido por la Organizaci\u00f3n de Naciones Unidas para la Educaci\u00f3n, la Ciencia y la Cultura (Unesco) para resaltar la importancia del pensamiento filos\u00f3fico y animar a las personas de todo [&hellip;]<\/p>\n","protected":false},"author":249,"featured_media":30180,"comment_status":"open","ping_status":"closed","sticky":false,"template":"","format":"standard","meta":{"footnotes":""},"categories":[26],"tags":[],"class_list":["post-30179","post","type-post","status-publish","format-standard","has-post-thumbnail","hentry","category-mundo"],"_links":{"self":[{"href":"https:\/\/eloficiodehistoriar.com.mx\/index.php?rest_route=\/wp\/v2\/posts\/30179","targetHints":{"allow":["GET"]}}],"collection":[{"href":"https:\/\/eloficiodehistoriar.com.mx\/index.php?rest_route=\/wp\/v2\/posts"}],"about":[{"href":"https:\/\/eloficiodehistoriar.com.mx\/index.php?rest_route=\/wp\/v2\/types\/post"}],"author":[{"embeddable":true,"href":"https:\/\/eloficiodehistoriar.com.mx\/index.php?rest_route=\/wp\/v2\/users\/249"}],"replies":[{"embeddable":true,"href":"https:\/\/eloficiodehistoriar.com.mx\/index.php?rest_route=%2Fwp%2Fv2%2Fcomments&post=30179"}],"version-history":[{"count":1,"href":"https:\/\/eloficiodehistoriar.com.mx\/index.php?rest_route=\/wp\/v2\/posts\/30179\/revisions"}],"predecessor-version":[{"id":30181,"href":"https:\/\/eloficiodehistoriar.com.mx\/index.php?rest_route=\/wp\/v2\/posts\/30179\/revisions\/30181"}],"wp:featuredmedia":[{"embeddable":true,"href":"https:\/\/eloficiodehistoriar.com.mx\/index.php?rest_route=\/wp\/v2\/media\/30180"}],"wp:attachment":[{"href":"https:\/\/eloficiodehistoriar.com.mx\/index.php?rest_route=%2Fwp%2Fv2%2Fmedia&parent=30179"}],"wp:term":[{"taxonomy":"category","embeddable":true,"href":"https:\/\/eloficiodehistoriar.com.mx\/index.php?rest_route=%2Fwp%2Fv2%2Fcategories&post=30179"},{"taxonomy":"post_tag","embeddable":true,"href":"https:\/\/eloficiodehistoriar.com.mx\/index.php?rest_route=%2Fwp%2Fv2%2Ftags&post=30179"}],"curies":[{"name":"wp","href":"https:\/\/api.w.org\/{rel}","templated":true}]}}