{"id":30182,"date":"2022-11-17T13:39:48","date_gmt":"2022-11-17T19:39:48","guid":{"rendered":"https:\/\/eloficiodehistoriar.com.mx\/?p=30182"},"modified":"2022-11-17T13:39:48","modified_gmt":"2022-11-17T19:39:48","slug":"el-tri-naufraga-antes-del-mundial-cae-en-el-ultimo-ensayo-ante-suecia","status":"publish","type":"post","link":"https:\/\/eloficiodehistoriar.com.mx\/?p=30182","title":{"rendered":"El\u00a0Tri\u00a0naufraga antes del Mundial; cae en el \u00faltimo ensayo ante Suecia"},"content":{"rendered":"<div id=\"article-cont\" class=\"main-cont article-cont actuality\">\n<div class=\"sumarios\">\n<p>Los suecos ganan 2-1 en el regreso de Jim\u00e9nez<\/p>\n<\/div>\n<div class=\"cabeza\">El\u00a0<em>Tri<\/em>\u00a0naufraga antes del Mundial; cae en el \u00faltimo ensayo ante Suecia<\/div>\n<div class=\"sumarios\">\n<p>No imagino que el partido ante Polonia sea diferente: Martino<\/p>\n<\/div>\n<div id=\"article-text\" class=\"text\">\n<div class=\"foto\">\n<div class=\"pie-foto\">Luis Ch\u00e1vez fue uno de los jugadores m\u00e1s activos del Tricolor, pero nada pudo hacer para evitar el tropiezo.<\/div>\n<div><\/div>\n<\/div>\n<div class=\"col col1\">\n<div class=\"credito-autor\">De la Redacci\u00f3n<\/div>\n<div class=\"credito-titulo\"><\/div>\n<div class=\"hemero\">La Jornada<\/p>\n<\/div>\n<p class=\"s-s\">Con m\u00e1s incertidumbres que certezas, la selecci\u00f3n mexicana cerr\u00f3 de forma amarga su preparaci\u00f3n rumbo al Mundial de Qatar al caer 2-1 ante Suecia, ayer en el \u00faltimo ensayo previo a su debut en la m\u00e1xima justa futbol\u00edstica ante Polonia, el pr\u00f3ximo martes 22 de noviembre.<\/p>\n<p><q>Creo que mucho del primer partido, a lo mejor con otro formato t\u00e1ctico, lo habremos visto esta noche; con un rival que tambi\u00e9n te penaliza en los errores de salida, que es decisivo yendo al espacio y saliendo r\u00e1pido al contragolpe. No imagino que el partido ante Polonia sea tan diferente al de hoy<\/q>, se\u00f1al\u00f3 el t\u00e9cnico tricolor, Gerardo\u00a0<em>Tata<\/em>\u00a0Martino, al t\u00e9rmino del encuentro disputado en el estadio Montilivi en Girona, Espa\u00f1a.<\/p>\n<p class=\"sumario\">Guardado impone r\u00e9cord<\/p>\n<p class=\"s-s\">La derrota opac\u00f3 el regreso de Ra\u00fal Jim\u00e9nez a las canchas, luego de casi tres meses sin jugar, as\u00ed como el r\u00e9cord de Andr\u00e9s Guardado, quien se convirti\u00f3 en el futbolista con m\u00e1s partidos disputados con el\u00a0<em>Tri<\/em>, con 178.<\/p>\n<p>Con el triunfo (4-0) de la semana pasada ante Irak, en el pen\u00faltimo duelo de preparaci\u00f3n, parec\u00eda que la selecci\u00f3n nacional llegar\u00eda a la justa mundialista con el \u00e1nimo a tope tras romper una racha de malos resultados, toda vez que en sus \u00faltimos tres encuentros amistosos, correspondientes a la fecha FIFA de septiembre, perdi\u00f3 1-0 ante Paraguay, venci\u00f3 por la m\u00ednima diferencia (1-0) a Per\u00fa y cay\u00f3 3-2 ante Colombia.<\/p>\n<p>No obstante, el descalabro ante los suecos, que no clasificaron a Qatar 2022 despu\u00e9s de que hace cuatro a\u00f1os alcanzaron los cuartos de final en Rusia 2018, cay\u00f3 como un balde de agua fr\u00eda en el combinado tricolor, que lejos de mostrar un buen desempe\u00f1o, evidenci\u00f3 que a s\u00f3lo unos d\u00edas del estreno en el torneo internacional muchos de sus jugadores a\u00fan no est\u00e1n en su mejor nivel.<\/p>\n<p>En el encuentro de ayer, M\u00e9xico luci\u00f3 superior durante los primeros minutos, en los cuales gener\u00f3 dos acciones de peligro desde fuera del \u00e1rea.<\/p>\n<p>Alexis Vega, al minuto 6, amag\u00f3 con un potente disparo directo al arco, y s\u00f3lo unos instantes despu\u00e9s, al 8, Luis Ch\u00e1vez se anim\u00f3 a rematar desde media distancia; sin embargo, ambos intentos fueron atajados por el portero Kristoffer Nordfeldt.<\/p>\n<p>Suecia respondi\u00f3 al minuto 21, cuando Anthony Elanga aprovech\u00f3 un descuido de la defensa tricolor para acercarse por la banda derecha y cederle el esf\u00e9rico a Mattias Svanberg, cuyo disparo pas\u00f3 por un costado del poste derecho del arco protegido por Guillermo Ochoa.<\/p>\n<\/div>\n<div class=\"col col2\">\n<p>Tras dicha jugada, los europeos comenzaron a complicarle el juego a los tricolores, quienes pudieron acercase nuevamente al \u00e1rea rival hasta el minuto 43, cuando Uriel Antuna solt\u00f3 un zurdazo desde el centro que se fue por enci-ma del travesa\u00f1o.<\/p>\n<p>En el segundo tiempo, en el que ingres\u00f3 Ra\u00fal Jim\u00e9nez, quien dio notables muestras de su falta de ritmo tras no jugar desde agosto pasado, los mexicanos volvieron a tener dos oportunidades para abrir el marcador por conducto de Ch\u00e1vez; sin embargo, sus remates resultaron infructuosos.<\/p>\n<p>Fue al minuto 54 cuando Suecia sorprendi\u00f3 al\u00a0<em>Tri<\/em>, pues en un contragolpe, Svanberg filtr\u00f3 el esf\u00e9rico al \u00e1rea chica, y \u00e9ste qued\u00f3 al alcance de Marcus Rohden, quien sin dudarlo conect\u00f3 para poner el 1-0.<\/p>\n<p>M\u00e9xico no tard\u00f3 en reaccionar y logr\u00f3 emparejar al 60, luego de que H\u00e9ctor Herrera envi\u00f3 un servicio para Vega, quien tras superar a dos defensas, ingres\u00f3 a la zona rival y defini\u00f3 con un disparo cruzado el 1-1 ante la salida de Nordfeldt.<\/p>\n<p>Cuando parec\u00eda que el partido quedar\u00eda empatado, los suecos sellaron la victoria 2-1 al minuto 84 con un tiro raso de Svanberg, tras un rechace en un tiro de esquina.<\/p>\n<p>Pese al descalabro, Martino asegur\u00f3 que el\u00a0<em>Tri<\/em>\u00a0est\u00e1 listo para su debut mundialista.\u00a0<q>Me voy con la sensaci\u00f3n de que vamos a competir bien, los jugadores est\u00e1n preparados, m\u00e1s all\u00e1 de la derrota, yo entr\u00e9 al vestuario y vi al equipo hablando del partido. Se super\u00f3 al rival y debimos de haber ganado<\/q>, mencion\u00f3.<\/p>\n<p>Asimismo, afirm\u00f3 que Jim\u00e9nez cada vez est\u00e1 en mejores condiciones, por lo que podr\u00eda tener minutos ante Polonia.\u00a0<q>Lo m\u00e1s importantes es que se sinti\u00f3 bien en el aspecto f\u00edsico. Hizo 45 minutos de futbol despu\u00e9s de mucho tiempo, entre lo que hicimos en la semana y este partido, ha podido juntar una buena cantidad de minutos y sobre todo superar mentalmente la lesi\u00f3n<\/q>, asever\u00f3.<\/p>\n<p>El\u00a0<em>Tri<\/em>\u00a0viajar\u00e1 hoy rumbo a Doha, y el martes se medir\u00e1 ante Polonia en la primera jornada del Grupo C, que completan Argentina y Arabia Saudita.<\/p>\n<\/div>\n<\/div>\n<div class=\"go gui\">\n<div class=\"go-up\"><\/div>\n<\/div>\n<\/div>\n<div id=\"taboola-below-content-thumbnails\" class=\" trc_related_container trc_spotlight_widget tbl-feed-container tbl-feed-frame-DIVIDER  render-late-effect\" data-feed-container-num=\"1\" data-feed-main-container-id=\"taboola-below-content-thumbnails\" data-parent-placement-name=\"Below Content Thumbnails\" data-pub-lang=\"es\">\n<div class=\" tbl-feed-header tbl-logo-right-position\">\n<div class=\"tbl-feed-header-logo\"><\/div>\n<\/div>\n<\/div>\n","protected":false},"excerpt":{"rendered":"<p>Los suecos ganan 2-1 en el regreso de Jim\u00e9nez El\u00a0Tri\u00a0naufraga antes del Mundial; cae en el \u00faltimo ensayo ante Suecia No imagino que el partido ante Polonia sea diferente: Martino Luis Ch\u00e1vez fue uno de los jugadores m\u00e1s activos del Tricolor, pero nada pudo hacer para evitar el tropiezo. De la Redacci\u00f3n La Jornada Con [&hellip;]<\/p>\n","protected":false},"author":249,"featured_media":30183,"comment_status":"open","ping_status":"closed","sticky":false,"template":"","format":"standard","meta":{"footnotes":""},"categories":[26],"tags":[],"class_list":["post-30182","post","type-post","status-publish","format-standard","has-post-thumbnail","hentry","category-mundo"],"_links":{"self":[{"href":"https:\/\/eloficiodehistoriar.com.mx\/index.php?rest_route=\/wp\/v2\/posts\/30182","targetHints":{"allow":["GET"]}}],"collection":[{"href":"https:\/\/eloficiodehistoriar.com.mx\/index.php?rest_route=\/wp\/v2\/posts"}],"about":[{"href":"https:\/\/eloficiodehistoriar.com.mx\/index.php?rest_route=\/wp\/v2\/types\/post"}],"author":[{"embeddable":true,"href":"https:\/\/eloficiodehistoriar.com.mx\/index.php?rest_route=\/wp\/v2\/users\/249"}],"replies":[{"embeddable":true,"href":"https:\/\/eloficiodehistoriar.com.mx\/index.php?rest_route=%2Fwp%2Fv2%2Fcomments&post=30182"}],"version-history":[{"count":1,"href":"https:\/\/eloficiodehistoriar.com.mx\/index.php?rest_route=\/wp\/v2\/posts\/30182\/revisions"}],"predecessor-version":[{"id":30184,"href":"https:\/\/eloficiodehistoriar.com.mx\/index.php?rest_route=\/wp\/v2\/posts\/30182\/revisions\/30184"}],"wp:featuredmedia":[{"embeddable":true,"href":"https:\/\/eloficiodehistoriar.com.mx\/index.php?rest_route=\/wp\/v2\/media\/30183"}],"wp:attachment":[{"href":"https:\/\/eloficiodehistoriar.com.mx\/index.php?rest_route=%2Fwp%2Fv2%2Fmedia&parent=30182"}],"wp:term":[{"taxonomy":"category","embeddable":true,"href":"https:\/\/eloficiodehistoriar.com.mx\/index.php?rest_route=%2Fwp%2Fv2%2Fcategories&post=30182"},{"taxonomy":"post_tag","embeddable":true,"href":"https:\/\/eloficiodehistoriar.com.mx\/index.php?rest_route=%2Fwp%2Fv2%2Ftags&post=30182"}],"curies":[{"name":"wp","href":"https:\/\/api.w.org\/{rel}","templated":true}]}}