{"id":30196,"date":"2022-11-18T13:05:39","date_gmt":"2022-11-18T19:05:39","guid":{"rendered":"https:\/\/eloficiodehistoriar.com.mx\/?p=30196"},"modified":"2022-11-18T13:05:39","modified_gmt":"2022-11-18T19:05:39","slug":"al-grito-de-mexico-mexico-y-entonando-el-cielito-lindo-recibieron-a-la-seleccion-al-llegar-a-qatar","status":"publish","type":"post","link":"https:\/\/eloficiodehistoriar.com.mx\/?p=30196","title":{"rendered":"Al grito de\u00a0M\u00e9xico, M\u00e9xico\u00a0y entonando el\u00a0Cielito lindo, recibieron a la selecci\u00f3n al llegar a Qatar ."},"content":{"rendered":"<div id=\"article-cont\" class=\"main-cont article-cont actuality\">\n<div class=\"series\">Qatar 2022<\/div>\n<div><\/div>\n<div class=\"cabeza\">Dan c\u00e1lido recibimiento al Tricolor<\/div>\n<div class=\"sumarios\"><\/div>\n<div id=\"article-text\" class=\"text\">\n<div class=\"foto\">\n<div class=\"pie-foto\">El equipo mexicano lleg\u00f3 a tierras mundialistas procedente de Girona, Espa\u00f1a, despu\u00e9s de perder ante Suecia en el cierre de su preparaci\u00f3n para el torneo de Qatar 2022.<\/div>\n<div><\/div>\n<\/div>\n<div class=\"col col1\">\n<div class=\"credito-autor\">De La Redacci\u00f3n<\/div>\n<div class=\"credito-titulo\"><\/div>\n<div class=\"hemero\">La Jornada<\/p>\n<\/div>\n<p class=\"s-s\">El ambiente de pesadumbre en el Tricolor se disip\u00f3 un poco al arribar la noche del jueves a Qatar para participar en el Mundial 2022. Al grito de\u00a0<q>M\u00e9xico, M\u00e9xico<\/q>\u00a0y entonando el\u00a0<em>Cielito lindo<\/em>, decenas de aficionados recibieron a la selecci\u00f3n al llegar al hotel donde se hospedar\u00e1, el cual se encuentra a poco m\u00e1s de 40 kil\u00f3metros al norte del centro del pa\u00eds.<\/p>\n<p><q>\u00a1Tierra firme! \u00a1Ya estamos en territorio mundialista!<\/q>, public\u00f3 la cuenta oficial de la selecci\u00f3n en Twi-tter junto con un video donde desfilaban Edson \u00c1lvarez, Uriel Antuna, Alfredo Talavera y Johan V\u00e1squez.<\/p>\n<p>El grupo de\u00a0<em>sparrings<\/em>, integrado por los juveniles Jorge Ruvalcaba, Fidel Ambriz, Santiago Trigos, Karel Campos, Emilio Mart\u00ednez, Sebasti\u00e1n P\u00e9rez Bouquet y Arturo Mart\u00ednez tambi\u00e9n lleg\u00f3 a Qatar, tras dejar con el equipo mayor el campamento en Girona, Espa\u00f1a.<\/p>\n<p>Los tricolores se hospedar\u00e1n en el lujoso resort Simaisma A Murwab, que se ubica a 40 minutos de Doha. El hotel tiene 52 villas y ofrece una variedad de amenidades como gimnasio, spa, alberca, cancha de tenis e incluso una zona de playa privada.<\/p>\n<p>El c\u00e1lido recibimiento de la afici\u00f3n es un b\u00e1lsamo para el Tricolor despu\u00e9s del funesto cierre de preparaci\u00f3n. A diferencia de Argentina y Polonia que vencieron a sus rivales en duelos amistosos, M\u00e9xico fue derrotado el mi\u00e9rcoles por Suecia; antes perdi\u00f3 ante Paraguay y Colombia, consiguiendo el triunfo s\u00f3lo frente a Irak y Per\u00fa.<\/p>\n<\/div>\n<div class=\"col col2\">\n<p>La lista definitiva del t\u00e9cnico Gerardo Martino tambi\u00e9n desat\u00f3 cr\u00edticas ante la ausencia de Santiago Gim\u00e9nez, quien destaca como goleador con el Feyenoord, al decantarse por los lesionados Ra\u00fal Jim\u00e9nez y Rogelio Funes Mori.<\/p>\n<p>Respecto de la pol\u00e9mica, el ex seleccionado y naturalizado Gabriel Caballero, quien es cercano a la familia Gim\u00e9nez, asegur\u00f3 que\u00a0<em>Santi<\/em>\u00a0tom\u00f3 con tranquilidad la noticia al tiempo que defendi\u00f3 a Funes Mori.<\/p>\n<p><q>Gim\u00e9nez est\u00e1 en ese proceso de consolidarse como futbolista. Tom\u00f3 bien la noticia. Duele, quer\u00edamos que estuviera, s\u00f3lo queda motivarlo, est\u00e1 en un proceso donde tambi\u00e9n se encuentran (Diego) Lainez, (Erik) S\u00e1nchez, (Carlos) Acevedo, quienes son los pr\u00f3ximos seleccionados<\/q>, dijo a la cadena ESPN.<\/p>\n<p><q>Funes Mori, es un jugador m\u00e1s y no estar\u00e1 \u00e9l solo. Para que haga goles le deben dar balones. Le cargamos la mano, pero es uno m\u00e1s<\/q>, se\u00f1al\u00f3.<\/p>\n<p>Despu\u00e9s de un viaje desde Varsovia y con algunos retrasos tras haber sido acompa\u00f1ados por la fuerza a\u00e9rea debido al conflicto entre Rusia y Ucrania, la selecci\u00f3n de Polonia, primer rival de M\u00e9xico en Qatar, tambi\u00e9n lleg\u00f3 a Doha.<\/p>\n<p><q>\u00a1Fuimos escoltados hasta la frontera sur de Polonia por aviones F16! \u00a1Gracias y saludos a los pilotos!<\/q>, publicaron en Twitter.<\/p>\n<p>Con el arribo de Polonia y M\u00e9xico, el Grupo C est\u00e1 completo en Qatar, debido a que Argentina y Arabia Saudita llegaron desde el mi\u00e9rcoles a la sede del certamen.<\/p>\n<\/div>\n<\/div>\n<div class=\"go gui\">\n<div class=\"go-up\"><\/div>\n<\/div>\n<\/div>\n<div id=\"taboola-below-content-thumbnails\" class=\" trc_related_container trc_spotlight_widget tbl-feed-container tbl-feed-frame-DIVIDER  render-late-effect\" data-feed-container-num=\"1\" data-feed-main-container-id=\"taboola-below-content-thumbnails\" data-parent-placement-name=\"Below Content Thumbnails\" data-pub-lang=\"es\">\n<div class=\" tbl-feed-header tbl-logo-right-position\">\n<div class=\"tbl-feed-header-logo\"><\/div>\n<\/div>\n<\/div>\n","protected":false},"excerpt":{"rendered":"<p>Qatar 2022 Dan c\u00e1lido recibimiento al Tricolor El equipo mexicano lleg\u00f3 a tierras mundialistas procedente de Girona, Espa\u00f1a, despu\u00e9s de perder ante Suecia en el cierre de su preparaci\u00f3n para el torneo de Qatar 2022. De La Redacci\u00f3n La Jornada El ambiente de pesadumbre en el Tricolor se disip\u00f3 un poco al arribar la noche [&hellip;]<\/p>\n","protected":false},"author":249,"featured_media":30197,"comment_status":"open","ping_status":"closed","sticky":false,"template":"","format":"standard","meta":{"footnotes":""},"categories":[26],"tags":[],"class_list":["post-30196","post","type-post","status-publish","format-standard","has-post-thumbnail","hentry","category-mundo"],"_links":{"self":[{"href":"https:\/\/eloficiodehistoriar.com.mx\/index.php?rest_route=\/wp\/v2\/posts\/30196","targetHints":{"allow":["GET"]}}],"collection":[{"href":"https:\/\/eloficiodehistoriar.com.mx\/index.php?rest_route=\/wp\/v2\/posts"}],"about":[{"href":"https:\/\/eloficiodehistoriar.com.mx\/index.php?rest_route=\/wp\/v2\/types\/post"}],"author":[{"embeddable":true,"href":"https:\/\/eloficiodehistoriar.com.mx\/index.php?rest_route=\/wp\/v2\/users\/249"}],"replies":[{"embeddable":true,"href":"https:\/\/eloficiodehistoriar.com.mx\/index.php?rest_route=%2Fwp%2Fv2%2Fcomments&post=30196"}],"version-history":[{"count":1,"href":"https:\/\/eloficiodehistoriar.com.mx\/index.php?rest_route=\/wp\/v2\/posts\/30196\/revisions"}],"predecessor-version":[{"id":30198,"href":"https:\/\/eloficiodehistoriar.com.mx\/index.php?rest_route=\/wp\/v2\/posts\/30196\/revisions\/30198"}],"wp:featuredmedia":[{"embeddable":true,"href":"https:\/\/eloficiodehistoriar.com.mx\/index.php?rest_route=\/wp\/v2\/media\/30197"}],"wp:attachment":[{"href":"https:\/\/eloficiodehistoriar.com.mx\/index.php?rest_route=%2Fwp%2Fv2%2Fmedia&parent=30196"}],"wp:term":[{"taxonomy":"category","embeddable":true,"href":"https:\/\/eloficiodehistoriar.com.mx\/index.php?rest_route=%2Fwp%2Fv2%2Fcategories&post=30196"},{"taxonomy":"post_tag","embeddable":true,"href":"https:\/\/eloficiodehistoriar.com.mx\/index.php?rest_route=%2Fwp%2Fv2%2Ftags&post=30196"}],"curies":[{"name":"wp","href":"https:\/\/api.w.org\/{rel}","templated":true}]}}