{"id":30200,"date":"2022-11-19T15:38:02","date_gmt":"2022-11-19T21:38:02","guid":{"rendered":"https:\/\/eloficiodehistoriar.com.mx\/?p=30200"},"modified":"2022-11-19T15:38:02","modified_gmt":"2022-11-19T21:38:02","slug":"inicio-la-decimo-segunda-edicion-de-el-buen-fin","status":"publish","type":"post","link":"https:\/\/eloficiodehistoriar.com.mx\/?p=30200","title":{"rendered":"Inici\u00f3 la d\u00e9cimo segunda edici\u00f3n de El Buen Fin."},"content":{"rendered":"<div id=\"article-cont\" class=\"main-cont article-cont actuality\">\n<div class=\"cabeza\">Cancela promoci\u00f3n El Palacio de Hierro y suma 885 quejas en El Buen Fin<\/div>\n<div class=\"sumarios\"><\/div>\n<div id=\"article-text\" class=\"text\">\n<div class=\"col\">\n<div class=\"credito-autor\">Alejandro Alegr\u00eda<\/div>\n<div class=\"credito-titulo\"><\/div>\n<div class=\"hemero\">La Jornada<\/p>\n<\/div>\n<p class=\"s-s\">Con un llamado de la Secretar\u00eda de Turismo (Sectur) a no adquirir paquetes de viaje a trav\u00e9s de redes sociales y al menos 885 quejas contra El Palacio de Hierro por incumplimiento en sus ofertas, inici\u00f3 la d\u00e9cimo segunda edici\u00f3n de El Buen Fin.<\/p>\n<p>Miguel Torruco Marqu\u00e9s, titular de la Sectur, se\u00f1al\u00f3 que en el tercer fin de semana m\u00e1s largo en materia de turismo habr\u00e1 una derrama de 2 mil 705 millones de pesos, pues se desplazar\u00e1n por todo el pa\u00eds 4 millones de turistas y la recuperaci\u00f3n significar\u00e1 99.7 por ciento respecto al mismo periodo del 2019.<\/p>\n<p><q>En estas pr\u00f3ximas vacaciones de invierno no acudan a las redes sociales con seudo agencias de viajes, acudan a las debidamente registradas para evitar disgustos y que los timen<\/q>, dijo tras resaltar la importancia de adquirir art\u00edculos de primera necesidad en El Buen Fin.<\/p>\n<p><q>Ha habido muchos fraudes, estamos en contacto con la Procuradur\u00eda Federal del Consumidor (Profeco), por ello vayan a las agencias de viajes establecidas, son los aut\u00e9nticos asesores<\/q>, agreg\u00f3.<\/p>\n<p>El funcionario tambi\u00e9n pidi\u00f3 a los consumidores que adquieran artesan\u00edas para ayudar a la econom\u00eda de familias de los creadores y se\u00f1al\u00f3 que este a\u00f1o se va a superar\u00a0<q>el r\u00e9cord hist\u00f3rico de m\u00e1s de 26 mil millones de d\u00f3lares&#8230; Seguiremos trabajando para bien del turismo y para bien de M\u00e9xico<\/q>.<\/p>\n<p class=\"sumario\">Pifias en precios<\/p>\n<p class=\"s-s\">Por otra parte, la Profeco inform\u00f3 que El Palacio de Hierro acumul\u00f3 885 quejas por incumpliendo de ofertas, pues los consumidores reportaron que sus compras fueron canceladas.<\/p>\n<p>En su p\u00e1gina de Internet la tienda departamental public\u00f3 un paquete de un refrigerador de 29 pies c\u00fabicos y una pantalla de 32 pulgadas en 9 mil 969 pesos, cuando el valor real era de 149 mil 999 mil pesos.<\/p>\n<p>En el mismo medio ofreci\u00f3 en 11 mil 189 pesos un centro de lavado Samsung, cuando su valor original era de 66 mil 699 pesos.<\/p>\n<p>Del primer caso existen 697 quejas, mientras por el segundo 188.<\/p>\n<p>Oficialmente, en el primer d\u00eda de El Buen Fin la Profeco recibi\u00f3 72 reclamaciones que a\u00fan no se formalizan como quejas. Los motivos principales fueron cancelaci\u00f3n de compra, incumplimiento de ofertas o promociones y entrega de producto equivocado. Los proveedores con m\u00e1s reclamaciones fueron Walmart, Sams Club, Bodega Aurrer\u00e1 y los productos con mayores reclamos fueron juguetes, videojuegos y equipo de computo.<\/p>\n<\/div>\n<\/div>\n<div class=\"go gui\">\n<div class=\"go-next\"><\/div>\n<div class=\"go-up\"><\/div>\n<\/div>\n<\/div>\n<div id=\"taboola-below-content-thumbnails\" class=\" trc_related_container trc_spotlight_widget tbl-feed-container tbl-feed-frame-DIVIDER  render-late-effect\" data-feed-container-num=\"1\" data-feed-main-container-id=\"taboola-below-content-thumbnails\" data-parent-placement-name=\"Below Content Thumbnails\" data-pub-lang=\"es\">\n<div class=\" tbl-feed-header tbl-logo-right-position\">\n<div class=\"tbl-feed-header-logo\"><\/div>\n<\/div>\n<\/div>\n","protected":false},"excerpt":{"rendered":"<p>Cancela promoci\u00f3n El Palacio de Hierro y suma 885 quejas en El Buen Fin Alejandro Alegr\u00eda La Jornada Con un llamado de la Secretar\u00eda de Turismo (Sectur) a no adquirir paquetes de viaje a trav\u00e9s de redes sociales y al menos 885 quejas contra El Palacio de Hierro por incumplimiento en sus ofertas, inici\u00f3 la [&hellip;]<\/p>\n","protected":false},"author":249,"featured_media":30201,"comment_status":"open","ping_status":"closed","sticky":false,"template":"","format":"standard","meta":{"footnotes":""},"categories":[26],"tags":[],"class_list":["post-30200","post","type-post","status-publish","format-standard","has-post-thumbnail","hentry","category-mundo"],"_links":{"self":[{"href":"https:\/\/eloficiodehistoriar.com.mx\/index.php?rest_route=\/wp\/v2\/posts\/30200","targetHints":{"allow":["GET"]}}],"collection":[{"href":"https:\/\/eloficiodehistoriar.com.mx\/index.php?rest_route=\/wp\/v2\/posts"}],"about":[{"href":"https:\/\/eloficiodehistoriar.com.mx\/index.php?rest_route=\/wp\/v2\/types\/post"}],"author":[{"embeddable":true,"href":"https:\/\/eloficiodehistoriar.com.mx\/index.php?rest_route=\/wp\/v2\/users\/249"}],"replies":[{"embeddable":true,"href":"https:\/\/eloficiodehistoriar.com.mx\/index.php?rest_route=%2Fwp%2Fv2%2Fcomments&post=30200"}],"version-history":[{"count":1,"href":"https:\/\/eloficiodehistoriar.com.mx\/index.php?rest_route=\/wp\/v2\/posts\/30200\/revisions"}],"predecessor-version":[{"id":30202,"href":"https:\/\/eloficiodehistoriar.com.mx\/index.php?rest_route=\/wp\/v2\/posts\/30200\/revisions\/30202"}],"wp:featuredmedia":[{"embeddable":true,"href":"https:\/\/eloficiodehistoriar.com.mx\/index.php?rest_route=\/wp\/v2\/media\/30201"}],"wp:attachment":[{"href":"https:\/\/eloficiodehistoriar.com.mx\/index.php?rest_route=%2Fwp%2Fv2%2Fmedia&parent=30200"}],"wp:term":[{"taxonomy":"category","embeddable":true,"href":"https:\/\/eloficiodehistoriar.com.mx\/index.php?rest_route=%2Fwp%2Fv2%2Fcategories&post=30200"},{"taxonomy":"post_tag","embeddable":true,"href":"https:\/\/eloficiodehistoriar.com.mx\/index.php?rest_route=%2Fwp%2Fv2%2Ftags&post=30200"}],"curies":[{"name":"wp","href":"https:\/\/api.w.org\/{rel}","templated":true}]}}