{"id":30203,"date":"2022-11-19T15:42:52","date_gmt":"2022-11-19T21:42:52","guid":{"rendered":"https:\/\/eloficiodehistoriar.com.mx\/?p=30203"},"modified":"2022-11-19T15:42:52","modified_gmt":"2022-11-19T21:42:52","slug":"el-festival-corona-capital-2022-es-como-probablemente-nunca-antes-se-habia-visto","status":"publish","type":"post","link":"https:\/\/eloficiodehistoriar.com.mx\/?p=30203","title":{"rendered":"El Festival Corona Capital 2022 es, como probablemente nunca antes se hab\u00eda visto"},"content":{"rendered":"<div class=\"series\">Al cierre<\/div>\n<div class=\"cabeza\">Viaje en el tiempo de 85 mil almas en primer d\u00eda del Corona Capital<\/div>\n<div class=\"sumarios\"><\/div>\n<div id=\"article-text\" class=\"text\">\n<div class=\"foto\">\n<div class=\"pie-foto\">El Aut\u00f3dromo Hermanos Rodr\u00edguez aloj\u00f3 cinco escenarios donde se presentaron las bandas extranjeras.<\/div>\n<div><\/div>\n<\/div>\n<div class=\"col col1\">\n<div class=\"credito-autor\">Juan Ibarra<\/div>\n<div class=\"credito-titulo\"><\/div>\n<div class=\"hemero\">La Jornada<\/p>\n<\/div>\n<p class=\"s-s\">La personalidad del primer d\u00eda del Festival Corona Capital 2022 es, como probablemente nunca antes se hab\u00eda visto, emo. Como si de un viaje en el tiempo a los primeros a\u00f1os de este siglo se tratara, una buena parte de los asistentes decidi\u00f3 vestir como lo hicieran tantos\u00a0<em>millennials<\/em>\u00a0en una no tan lejana adolescencia.<\/p>\n<p>La explicaci\u00f3n a la indumentaria se encuentra probablemente en el acto estelar del primer d\u00eda del festival, los estampados en las camisetas delataban las preferencias de los asistentes. Con el regreso de My Chemical Romance, que apenas antes de la pandemia hab\u00eda logrado reintegrarse como banda, y tras casi 15 a\u00f1os desde su \u00faltima vez en M\u00e9xico, la expectativa era alta en el retorno de los estadunidenses.<\/p>\n<p>La agrupaci\u00f3n liderada por Gerard Way fue durante la primera d\u00e9cada de 2000 un \u00edcono de una de las tribus urbanas m\u00e1s extendidas por entonces y sus canciones se consolidaron como himnos que la multitud de j\u00f3venes en el Corona ansiaba escuchar. La nostalgia no s\u00f3lo era palpable, se hac\u00eda visible.<\/p>\n<p>Por escenarios y corredores se pod\u00eda ver a hombres y mujeres con un maquillaje que probablemente hac\u00eda a\u00f1os no usaban, que acompa\u00f1aban con vestimenta negra para transitar desde la tarde del viernes entre uno y otro de los cinco escenarios instalados en el Aut\u00f3dromo Hermanos Rodr\u00edguez.<\/p>\n<\/div>\n<div class=\"col col2\">\n<p>M\u00fasicos y agrupaciones como Wallows, Hope Tala, LS Dunes y Free Nationals fueron de los primeros en presentarse ante un p\u00fablico que comenzaba a llegar, el cual se tomaba fotos, buscaba bebidas y comida y se pon\u00eda de acuerdo con sus acompa\u00f1antes sobre las m\u00faltiples opciones disponibles.<\/p>\n<p>La tarde fue tambi\u00e9n un buen momento para darse una oportunidad de conocer nueva m\u00fasica. La afluencia de personas frente a los escenarios permite al p\u00fablico sentarse, detenerse a escuchar o preguntar a otras personas sobre las canciones que suenan.<\/p>\n<p>Al llegar la noche la energ\u00eda cambia. La din\u00e1mica se volv\u00eda la de un constante ir y venir, que era guiado por los horarios y las bandas. Entre los grupos de amigos, parejas y familias se aplaude, se baila, se canta, se mueve la cabeza o se salta. Como es costumbre, los m\u00e1s esperados fueron dejados para el final. Cigarettes After Sex, White Lies, Marina, Cuco, Kacey Musgraves y My Chemical Romance.<\/p>\n<p>Antes de las 11:30, el escenario m\u00e1s grande del festival, el Corona, ya s\u00f3lo era visible desde la lejan\u00eda. Miles de cuerpos uniformados de negro atestiguaron el tan anhelado regreso de My Chemical Romance.<\/p>\n<p>Al final, el primer d\u00eda del Corona Capital alberg\u00f3 85 mil almas \u00e1vidas de experimentar nuevamente la m\u00fasica de su no tan lejana juventud.<\/p>\n<\/div>\n<\/div>\n","protected":false},"excerpt":{"rendered":"<p>Al cierre Viaje en el tiempo de 85 mil almas en primer d\u00eda del Corona Capital El Aut\u00f3dromo Hermanos Rodr\u00edguez aloj\u00f3 cinco escenarios donde se presentaron las bandas extranjeras. Juan Ibarra La Jornada La personalidad del primer d\u00eda del Festival Corona Capital 2022 es, como probablemente nunca antes se hab\u00eda visto, emo. Como si de [&hellip;]<\/p>\n","protected":false},"author":249,"featured_media":30204,"comment_status":"open","ping_status":"closed","sticky":false,"template":"","format":"standard","meta":{"footnotes":""},"categories":[26],"tags":[],"class_list":["post-30203","post","type-post","status-publish","format-standard","has-post-thumbnail","hentry","category-mundo"],"_links":{"self":[{"href":"https:\/\/eloficiodehistoriar.com.mx\/index.php?rest_route=\/wp\/v2\/posts\/30203","targetHints":{"allow":["GET"]}}],"collection":[{"href":"https:\/\/eloficiodehistoriar.com.mx\/index.php?rest_route=\/wp\/v2\/posts"}],"about":[{"href":"https:\/\/eloficiodehistoriar.com.mx\/index.php?rest_route=\/wp\/v2\/types\/post"}],"author":[{"embeddable":true,"href":"https:\/\/eloficiodehistoriar.com.mx\/index.php?rest_route=\/wp\/v2\/users\/249"}],"replies":[{"embeddable":true,"href":"https:\/\/eloficiodehistoriar.com.mx\/index.php?rest_route=%2Fwp%2Fv2%2Fcomments&post=30203"}],"version-history":[{"count":1,"href":"https:\/\/eloficiodehistoriar.com.mx\/index.php?rest_route=\/wp\/v2\/posts\/30203\/revisions"}],"predecessor-version":[{"id":30205,"href":"https:\/\/eloficiodehistoriar.com.mx\/index.php?rest_route=\/wp\/v2\/posts\/30203\/revisions\/30205"}],"wp:featuredmedia":[{"embeddable":true,"href":"https:\/\/eloficiodehistoriar.com.mx\/index.php?rest_route=\/wp\/v2\/media\/30204"}],"wp:attachment":[{"href":"https:\/\/eloficiodehistoriar.com.mx\/index.php?rest_route=%2Fwp%2Fv2%2Fmedia&parent=30203"}],"wp:term":[{"taxonomy":"category","embeddable":true,"href":"https:\/\/eloficiodehistoriar.com.mx\/index.php?rest_route=%2Fwp%2Fv2%2Fcategories&post=30203"},{"taxonomy":"post_tag","embeddable":true,"href":"https:\/\/eloficiodehistoriar.com.mx\/index.php?rest_route=%2Fwp%2Fv2%2Ftags&post=30203"}],"curies":[{"name":"wp","href":"https:\/\/api.w.org\/{rel}","templated":true}]}}