{"id":30212,"date":"2022-11-19T16:00:50","date_gmt":"2022-11-19T22:00:50","guid":{"rendered":"https:\/\/eloficiodehistoriar.com.mx\/?p=30212"},"modified":"2022-11-19T16:00:50","modified_gmt":"2022-11-19T22:00:50","slug":"qatar-2022-ecuador-y-qatar-seran-los-primeros-en-liberar-la-presion","status":"publish","type":"post","link":"https:\/\/eloficiodehistoriar.com.mx\/?p=30212","title":{"rendered":"Qatar 2022 &#8211;  Ecuador y Qatar ser\u00e1n los primeros en liberar la presi\u00f3n"},"content":{"rendered":"<div id=\"article-cont\" class=\"main-cont article-cont actuality\">\n<div class=\"series\">Qatar 2022<\/div>\n<div><\/div>\n<div class=\"cabeza\">Ecuador y Qatar ser\u00e1n los primeros en liberar la presi\u00f3n<\/div>\n<div class=\"sumarios\"><\/div>\n<div id=\"article-text\" class=\"text\">\n<div class=\"col col1\">\n<div class=\"credito-autor\">Afp, Ap y Reuters<\/div>\n<div class=\"credito-titulo\"><\/div>\n<div class=\"hemero\">La Jornada<\/p>\n<\/div>\n<p class=\"s-s\">Doha.<\/p>\n<p class=\"s-s\">Ecuador iniciar\u00e1 su andadura mundialista este domingo contra el anfitri\u00f3n Qatar con el objetivo de al menos igualar su mejor participaci\u00f3n, los octavos de final de Alemania 2006, para lo que cuenta con los goles de su capit\u00e1n, el veterano Enner Valencia.<\/p>\n<p>El delantero del Fenerbahce turco es, a sus 33 a\u00f1os, el jugador m\u00e1s experimentado del plantel formado por el argentino Gustavo Alfaro para afrontar este Mundial, que ser\u00e1 la cuarta participaci\u00f3n de los sudamericanos en la mayor cita futbol\u00edstica, luego de Corea-Jap\u00f3n 2002, Alemania 2006 y Brasil 2014.<\/p>\n<p><q>So\u00f1amos con la mejor Copa de la historia de Ecuador, espero que el grupo pueda trascender<\/q>, declar\u00f3 Valencia en una reciente entrevista al portal de la FIFA.<\/p>\n<p>Como capit\u00e1n, Valencia cargar\u00e1 con la responsabilidad de ser el principal referente ofensivo de un equipo que atraviesa una sequ\u00eda goleadora, con s\u00f3lo dos tantos anotados en los seis partidos de preparaci\u00f3n previos a Qatar 2022.<\/p>\n<p><q>Tenemos que ir paso a paso, debemos pensar en nuestro primer partido, que ser\u00e1 contra Qatar (en el estadio Al Bayt de Doha), y despu\u00e9s en los siguientes. Sabemos que tenemos con qu\u00e9 luchar<\/q>, asegur\u00f3.<\/p>\n<p>Por su parte, Qatar por fin correr\u00e1 el velo del Mundial y debe-r\u00e1 mostrar que tiene la capacidad de organizar la competencia, luego de 12 a\u00f1os de pol\u00e9micas por los derechos laborales y sus estrictas leyes, y m\u00e1s de 200 mil millo-nes de d\u00f3lares gastados, posiblemente m\u00e1s que los 21 torneos anteriores combinados.<\/p>\n<p>Los problemas empezaron a acumularse en diciembre de 2010, cuando se anunci\u00f3 que Qatar organizar\u00eda el torneo, el cual tuvo que cambiar de fecha debido al abrasador verano en la regi\u00f3n, por lo que se jugar\u00e1 por primera vez a finales de a\u00f1o.<\/p>\n<\/div>\n<div class=\"col col2\">\n<p>La construcci\u00f3n de los nuevos estadios tambi\u00e9n sum\u00f3 numerosas controversias en relaci\u00f3n con los derechos laborales, as\u00ed como las estrictas leyes islamistas con-tra los derechos LGBT+ o el consumo de alcohol.<\/p>\n<p>En lo futbol\u00edstico, Qatar ser\u00e1 el primer equipo, desde Italia en 1934, que participar\u00e1 de un Mundial como anfitri\u00f3n sin haberse clasificado previamente para el torneo.<\/p>\n<p>El conjunto catar\u00ed se ha sometido a una exhaustiva preparaci\u00f3n para la justa. Comenz\u00f3 en 2017 con el nombramiento del t\u00e9cnico espa\u00f1ol F\u00e9lix S\u00e1nchez, quien ayu-d\u00f3 a conseguir el t\u00edtulo de la Copa de Asia 2019.<\/p>\n<p>El proceso continu\u00f3 en la Copa Am\u00e9rica 2019, donde termin\u00f3 \u00faltimo de su grupo tras las derrotas frente a Colombia y Argentina y el empate ante Paraguay.<\/p>\n<p>El a\u00f1o pasado particip\u00f3 en la Copa Oro de la Concacaf, donde demostr\u00f3 su mejor\u00eda al quedar primero de grupo y vencer a El Salvador en cuartos de final, antes de perder 1-0 ante Estados Unidos en semifinales.<\/p>\n<p class=\"sumario\">Silbante italiano<\/p>\n<p class=\"s-s\">Adem\u00e1s, el equipo estar\u00e1 bajo la presi\u00f3n de los aficionados para conseguir los resultados deseados en casa, sobre todo despu\u00e9s de la decisi\u00f3n de la federaci\u00f3n local de no permitir que los seleccionados jueguen con sus clubes nacionales desde el comienzo de la actual temporada para dedicarse a la preparaci\u00f3n del Mundial.<\/p>\n<p>En tanto, el ente rector del futbol mundial anunci\u00f3 ayer que el italiano Daniele Orsato dirigir\u00e1 el partido inaugural entre Qatar y Ecuador, por el Grupo A.<\/p>\n<\/div>\n<\/div>\n<div class=\"go gui\">\n<div class=\"go-up\"><\/div>\n<\/div>\n<\/div>\n<div id=\"taboola-below-content-thumbnails\" class=\" trc_related_container trc_spotlight_widget tbl-feed-container tbl-feed-frame-DIVIDER  render-late-effect\" data-feed-container-num=\"1\" data-feed-main-container-id=\"taboola-below-content-thumbnails\" data-parent-placement-name=\"Below Content Thumbnails\" data-pub-lang=\"es\">\n<div class=\" tbl-feed-header tbl-logo-right-position\">\n<div class=\"tbl-feed-header-logo\"><\/div>\n<\/div>\n<\/div>\n","protected":false},"excerpt":{"rendered":"<p>Qatar 2022 Ecuador y Qatar ser\u00e1n los primeros en liberar la presi\u00f3n Afp, Ap y Reuters La Jornada Doha. Ecuador iniciar\u00e1 su andadura mundialista este domingo contra el anfitri\u00f3n Qatar con el objetivo de al menos igualar su mejor participaci\u00f3n, los octavos de final de Alemania 2006, para lo que cuenta con los goles de [&hellip;]<\/p>\n","protected":false},"author":249,"featured_media":30213,"comment_status":"open","ping_status":"closed","sticky":false,"template":"","format":"standard","meta":{"footnotes":""},"categories":[26],"tags":[],"class_list":["post-30212","post","type-post","status-publish","format-standard","has-post-thumbnail","hentry","category-mundo"],"_links":{"self":[{"href":"https:\/\/eloficiodehistoriar.com.mx\/index.php?rest_route=\/wp\/v2\/posts\/30212","targetHints":{"allow":["GET"]}}],"collection":[{"href":"https:\/\/eloficiodehistoriar.com.mx\/index.php?rest_route=\/wp\/v2\/posts"}],"about":[{"href":"https:\/\/eloficiodehistoriar.com.mx\/index.php?rest_route=\/wp\/v2\/types\/post"}],"author":[{"embeddable":true,"href":"https:\/\/eloficiodehistoriar.com.mx\/index.php?rest_route=\/wp\/v2\/users\/249"}],"replies":[{"embeddable":true,"href":"https:\/\/eloficiodehistoriar.com.mx\/index.php?rest_route=%2Fwp%2Fv2%2Fcomments&post=30212"}],"version-history":[{"count":1,"href":"https:\/\/eloficiodehistoriar.com.mx\/index.php?rest_route=\/wp\/v2\/posts\/30212\/revisions"}],"predecessor-version":[{"id":30214,"href":"https:\/\/eloficiodehistoriar.com.mx\/index.php?rest_route=\/wp\/v2\/posts\/30212\/revisions\/30214"}],"wp:featuredmedia":[{"embeddable":true,"href":"https:\/\/eloficiodehistoriar.com.mx\/index.php?rest_route=\/wp\/v2\/media\/30213"}],"wp:attachment":[{"href":"https:\/\/eloficiodehistoriar.com.mx\/index.php?rest_route=%2Fwp%2Fv2%2Fmedia&parent=30212"}],"wp:term":[{"taxonomy":"category","embeddable":true,"href":"https:\/\/eloficiodehistoriar.com.mx\/index.php?rest_route=%2Fwp%2Fv2%2Fcategories&post=30212"},{"taxonomy":"post_tag","embeddable":true,"href":"https:\/\/eloficiodehistoriar.com.mx\/index.php?rest_route=%2Fwp%2Fv2%2Ftags&post=30212"}],"curies":[{"name":"wp","href":"https:\/\/api.w.org\/{rel}","templated":true}]}}