{"id":30219,"date":"2022-11-20T14:13:40","date_gmt":"2022-11-20T20:13:40","guid":{"rendered":"https:\/\/eloficiodehistoriar.com.mx\/?p=30219"},"modified":"2022-11-20T14:13:40","modified_gmt":"2022-11-20T20:13:40","slug":"bonafini-un-ama-de-casa-de-la-ciudad-de-la-plata-se-convirtio-en-activista-de-derechos-humanos","status":"publish","type":"post","link":"https:\/\/eloficiodehistoriar.com.mx\/?p=30219","title":{"rendered":"Bonafini, un ama de casa de la ciudad de La Plata, se convirti\u00f3 en activista de derechos humanos"},"content":{"rendered":"<h2 id=\"article-title-tts\" class=\"title title-default\">Muere Hebe de Bonafini, cofundadora de la asociaci\u00f3n Madres de Plaza de Mayo<\/h2>\n<div class=\"article-info\"><a class=\"author\" href=\"https:\/\/www.jornada.com.mx\/author\/reuters.html\">Reuters<\/a> .<\/div>\n<div id=\"article-content-images\" class=\"content-items-media\"><\/div>\n<div class=\"article-row\">\n<div class=\"social-links right\">\n<div id=\"content-sintesis-audio\" class=\"sintesis-audio\">\n<div class=\"speak-cont btn-group\">\n<form><em>Buenos Aires.<\/em><\/p>\n<p>Hebe de Bonafini, cofundadora de la Asociaci\u00f3n Madres de Plaza de Mayo y ac\u00e9rrima luchadora contra las violaciones a los derechos humanos cometidos durante la \u00faltima dictadura militar argentina, muri\u00f3 el domingo a los 93 a\u00f1os.<\/p>\n<\/form>\n<\/div>\n<\/div>\n<\/div>\n<div class=\"article-main\">\n<div class=\"\">\n<div id=\"article-content-tts\" class=\"article-content ljn-nota-contenido\">\n<div id=\"content_nitf\">\n<p>Bonafini, un ama de casa de la ciudad de La Plata, se convirti\u00f3 en una de las activistas por los derechos humanos m\u00e1s renombradas del pa\u00eds, despu\u00e9s de que ella y otras 13 mujeres comenzaran la b\u00fasqueda de sus hijos secuestrados por las fuerzas de seguridad entre las d\u00e9cadas de 1970 y 1980.<\/p>\n<p>En su caso, Bonafini sufri\u00f3 la p\u00e9rdida de sus dos hijos varones durante el r\u00e9gimen militar argentino en el que miles de activistas, acad\u00e9micos y disidentes pol\u00edticos fueron asesinados o desaparecidos por la fuerza. Ninguno de sus hijos apareci\u00f3 y se presume que est\u00e1n muertos.<\/p>\n<p>Desde su primera protesta el 30 de abril de 1977, las Madres de Plaza de Mayo, grupo identificado por llevar pa\u00f1uelos blancos y marchar semanalmente frente a la casa de Gobierno, desempe\u00f1aron un rol crucial en la defensa de los derechos humanos en el pa\u00eds.<\/p>\n<p>La agrupaci\u00f3n de mujeres tuvo que afrontar amenazas de muerte y algunas fueron secuestradas y asesinadas.<\/p>\n<p>\u00abNos arrestaron, nos golpearon, vinimos con pelucas para que no pudieran identificarnos\u00bb, coment\u00f3 Bonafini a Reuters en 2007.<\/p>\n<p>Se estima que unas 30.000 personas desaparecieron durante la \u00faltima dictadura militar (1976-1983), de acuerdo a grupos de derechos humanos. Muchos de los cuerpos de los secuestrados nunca han sido encontrados.<\/p>\n<p>\u00abQuerid\u00edsima Hebe, Madre de Plaza de Mayo, s\u00edmbolo mundial de la lucha por los Derechos Humanos, orgullo de la Argentina. Dios te llam\u00f3 el d\u00eda de la Soberan\u00eda Nacional (un celebraci\u00f3n nacional argentina festejada el 20 de noviembre)\u2026 no debe ser casualidad. Simplemente gracias y hasta siempre\u00bb, escribi\u00f3 la vicepresidente Cristina Fern\u00e1ndez de Kirchner en su cuenta de Twitter.<\/p>\n<p>Al regreso de la democracia, debido a diferencias ideol\u00f3gicas sobre cuestiones pol\u00edticas, las Madres se dividieron en diferentes grupos y Bonafini, quien ten\u00eda admiradores y detractores por sus comentarios directos y sin miramientos, dedic\u00f3 parte de su vida a la ayuda social.<\/p>\n<p>La activista lleg\u00f3 a decir que se puso feliz por el ataque del 11 de septiembre en Estados Unidos o expresar que el Papa Juan Pablo II arder\u00eda en el infierno por manifestar su solidaridad con las madres de los separatistas de la agrupaci\u00f3n vasca ETA encarcelados.<\/p>\n<p>Hebe -como se la conoce en el pa\u00eds sin necesidad de nombrar su apellido- dio discursos alrededor del mundo, comparti\u00f3 escenarios con los fallecidos presidentes de Cuba y Venezuela, Fidel Castro y Hugo Ch\u00e1vez, respectivamente, y tuvo gran participaci\u00f3n pol\u00edtica, convirti\u00e9ndose en una fiel defensora de los expresidentes N\u00e9stor Kirchner y Cristina Fern\u00e1ndez.<\/p>\n<p>En 2011, un esc\u00e1ndalo de corrupci\u00f3n sobre una organizaci\u00f3n que se encargaba de la creaci\u00f3n de viviendas para personas de escasos recursos y formaba parte de la Fundaci\u00f3n de Madres de Plaza de Mayo golpe\u00f3 la imagen p\u00fablica de Bonafini y llev\u00f3 a la Justicia a investigar su participaci\u00f3n.<\/p>\n<p>Durante ese proceso judicial, la activista se mostr\u00f3 reacia ante la Justicia, no acudiendo a las citaciones pese a ser buscada con fuerzas de seguridad, alegando que ya hab\u00eda presentado la documentaci\u00f3n pertinente para la investigaci\u00f3n.<\/p>\n<p>M\u00e1s de 40 a\u00f1os despu\u00e9s de su primera marcha, las ahora ancianas \u00abMadres de Plaza de Mayo\u00bb contin\u00faan con sus movilizaciones pac\u00edficas y simb\u00f3licas para saber qu\u00e9 ocurri\u00f3 con sus hijos y como forma de presi\u00f3n para que se contin\u00fae juzgando a los oficiales militares que actuaron en la dictadura.<\/p>\n<p>El Gobierno argentino anunci\u00f3 poco despu\u00e9s de la muerte de Hebe tres d\u00edas de duelo nacional.<\/p>\n<p>\u00abEl gobierno y el pueblo argentino reconocemos en ella un s\u00edmbolo internacional de la b\u00fasqueda de memoria, verdad y justicia por los treinta mil desaparecidos. Como fundadora de Madres de Plaza de Mayo puso luz en medio de la oscura noche de la dictadura militar\u00bb, se\u00f1al\u00f3 un comunicado emitido por la presidencia argentina.<\/p>\n<\/div>\n<\/div>\n<\/div>\n<\/div>\n<\/div>\n","protected":false},"excerpt":{"rendered":"<p>Muere Hebe de Bonafini, cofundadora de la asociaci\u00f3n Madres de Plaza de Mayo Reuters . Buenos Aires. Hebe de Bonafini, cofundadora de la Asociaci\u00f3n Madres de Plaza de Mayo y ac\u00e9rrima luchadora contra las violaciones a los derechos humanos cometidos durante la \u00faltima dictadura militar argentina, muri\u00f3 el domingo a los 93 a\u00f1os. Bonafini, un [&hellip;]<\/p>\n","protected":false},"author":249,"featured_media":30220,"comment_status":"open","ping_status":"closed","sticky":false,"template":"","format":"standard","meta":{"footnotes":""},"categories":[26],"tags":[],"class_list":["post-30219","post","type-post","status-publish","format-standard","has-post-thumbnail","hentry","category-mundo"],"_links":{"self":[{"href":"https:\/\/eloficiodehistoriar.com.mx\/index.php?rest_route=\/wp\/v2\/posts\/30219","targetHints":{"allow":["GET"]}}],"collection":[{"href":"https:\/\/eloficiodehistoriar.com.mx\/index.php?rest_route=\/wp\/v2\/posts"}],"about":[{"href":"https:\/\/eloficiodehistoriar.com.mx\/index.php?rest_route=\/wp\/v2\/types\/post"}],"author":[{"embeddable":true,"href":"https:\/\/eloficiodehistoriar.com.mx\/index.php?rest_route=\/wp\/v2\/users\/249"}],"replies":[{"embeddable":true,"href":"https:\/\/eloficiodehistoriar.com.mx\/index.php?rest_route=%2Fwp%2Fv2%2Fcomments&post=30219"}],"version-history":[{"count":1,"href":"https:\/\/eloficiodehistoriar.com.mx\/index.php?rest_route=\/wp\/v2\/posts\/30219\/revisions"}],"predecessor-version":[{"id":30221,"href":"https:\/\/eloficiodehistoriar.com.mx\/index.php?rest_route=\/wp\/v2\/posts\/30219\/revisions\/30221"}],"wp:featuredmedia":[{"embeddable":true,"href":"https:\/\/eloficiodehistoriar.com.mx\/index.php?rest_route=\/wp\/v2\/media\/30220"}],"wp:attachment":[{"href":"https:\/\/eloficiodehistoriar.com.mx\/index.php?rest_route=%2Fwp%2Fv2%2Fmedia&parent=30219"}],"wp:term":[{"taxonomy":"category","embeddable":true,"href":"https:\/\/eloficiodehistoriar.com.mx\/index.php?rest_route=%2Fwp%2Fv2%2Fcategories&post=30219"},{"taxonomy":"post_tag","embeddable":true,"href":"https:\/\/eloficiodehistoriar.com.mx\/index.php?rest_route=%2Fwp%2Fv2%2Ftags&post=30219"}],"curies":[{"name":"wp","href":"https:\/\/api.w.org\/{rel}","templated":true}]}}