{"id":30222,"date":"2022-11-20T14:20:48","date_gmt":"2022-11-20T20:20:48","guid":{"rendered":"https:\/\/eloficiodehistoriar.com.mx\/?p=30222"},"modified":"2022-11-20T14:20:48","modified_gmt":"2022-11-20T20:20:48","slug":"siete-mil-elementos-de-la-sedena-semar-y-gn-participaron-en-la-conmemoracion-dela-revolucion-mexicana","status":"publish","type":"post","link":"https:\/\/eloficiodehistoriar.com.mx\/?p=30222","title":{"rendered":"Siete mil elementos de la Sedena, Semar y GN participaron en la conmemoraci\u00f3n dela Revoluci\u00f3n Mexicana"},"content":{"rendered":"<h2 id=\"article-title-tts\" class=\"title title-default\">Siete mil elementos de las FA desfilar\u00e1n por aniversario de la Revoluci\u00f3n<\/h2>\n<div class=\"article-info\"><a class=\"author\" href=\"https:\/\/www.jornada.com.mx\/author\/por-eduardo-murillo-cesar-arellano-y-alonso-urrutia.html\">Por Eduardo Murillo, C\u00e9sar Arellano y Alonso Urrutia<\/a> .<\/div>\n<div id=\"article-content-images\" class=\"content-items-media\"><\/div>\n<div class=\"article-row\">\n<div class=\"social-links right\">\n<div id=\"content-sintesis-audio\" class=\"sintesis-audio\">\n<div class=\"speak-cont btn-group\">\n<form><em>Ciudad de M\u00e9xico.<\/em><\/p>\n<p>M\u00e1s de siete mil elementos de las secretar\u00edas de la Defensa Nacional (Sedena), Marina (Semar) y la Guardia Nacional (GN) participar\u00e1n en el desfile conmemorativo de 112 aniversario de la Revoluci\u00f3n Mexicana, que partir\u00e1 de la Plaza de la Constituci\u00f3n y recorrer\u00e1 el Paseo de la Reforma hasta el Campo Marte.<\/p>\n<\/form>\n<\/div>\n<\/div>\n<\/div>\n<div class=\"article-main\">\n<div class=\"\">\n<div id=\"article-content-tts\" class=\"article-content ljn-nota-contenido\">\n<div id=\"content_nitf\">\n<p>En la plancha del Z\u00f3calo se instalaron en exhibici\u00f3n dos biplanos Stearman, en recuerdo a los primeros aviones que se utilizaron en batalla.<\/p>\n<p>Adem\u00e1s, personal de las fuerzas armadas vestidos como Adelitas y soldados revolucionarios escenificar\u00e1n cap\u00edtulos del movimiento armado que culmin\u00f3 con la Constituci\u00f3n de 1917.<\/p>\n<p>Como parte de la tradicional ceremonia protocolaria se condecorar\u00e1 a 13 jefes, 4 oficiales y 3 elementos de tropa del Ej\u00e9rcito.<\/p>\n<p>Adem\u00e1s, dos jefes y 10 oficiales de la Fuerza A\u00e9rea Mexicana, y 9 oficiales y 1 de la escala b\u00e1sica de la GN.<\/p>\n<p>De igual manera, en entregar\u00e1n reconocimientos a deportistas de alto rendimiento, siete del Ej\u00e9rcito y dos de la Semar.<\/p>\n<p>Entre los condecorados est\u00e1n el General de Divisi\u00f3n Diplomado de Estado Mayor, Ernesto Jos\u00e9 Zapata P\u00e9rez, comandante de la primera regi\u00f3n militar.<\/p>\n<p>El Almirante de cuerpo general diplomado del Estado Mayor Jos\u00e9 Barradas, comandante de la quinta regi\u00f3n naval.<\/p>\n<p>El General de Divisi\u00f3n diplomado de Estado Mayor, Maximiliano Cruz Ramos, comandante de la quinta regi\u00f3n militar.<\/p>\n<p>El Almirante de cuerpo general diplomado de Estado Mayor Alfredo Hern\u00e1ndez Su\u00e1rez, jefe de la Unidad de Inteligencia naval.<\/p>\n<p>El General de Divisi\u00f3n, diplomado de Estado Mayor Ricardo Flores Gonz\u00e1lez, comandante de la Novena Regi\u00f3n militar.<\/p>\n<p>El General de Divisi\u00f3n diplomado de Estado Mayor, Salvador Fernando Cervantes, director general de ingenieros .<\/p>\n<p>El Almirante de cuerpo general diplomado de Estado Mayor, Vicente Andrade Morales, rector de la Universidad Naval.<\/p>\n<p>Y el general de Divisi\u00f3n Diplomado de Estado Mayor, Miguel Angel Hern\u00e1ndez Mart\u00ednez, comandante de la 36 zona Militar.<\/p>\n<\/div>\n<\/div>\n<\/div>\n<div class=\"article-meta\"><\/div>\n<\/div>\n<\/div>\n","protected":false},"excerpt":{"rendered":"<p>Siete mil elementos de las FA desfilar\u00e1n por aniversario de la Revoluci\u00f3n Por Eduardo Murillo, C\u00e9sar Arellano y Alonso Urrutia . Ciudad de M\u00e9xico. M\u00e1s de siete mil elementos de las secretar\u00edas de la Defensa Nacional (Sedena), Marina (Semar) y la Guardia Nacional (GN) participar\u00e1n en el desfile conmemorativo de 112 aniversario de la Revoluci\u00f3n [&hellip;]<\/p>\n","protected":false},"author":249,"featured_media":30223,"comment_status":"open","ping_status":"closed","sticky":false,"template":"","format":"standard","meta":{"footnotes":""},"categories":[26],"tags":[],"class_list":["post-30222","post","type-post","status-publish","format-standard","has-post-thumbnail","hentry","category-mundo"],"_links":{"self":[{"href":"https:\/\/eloficiodehistoriar.com.mx\/index.php?rest_route=\/wp\/v2\/posts\/30222","targetHints":{"allow":["GET"]}}],"collection":[{"href":"https:\/\/eloficiodehistoriar.com.mx\/index.php?rest_route=\/wp\/v2\/posts"}],"about":[{"href":"https:\/\/eloficiodehistoriar.com.mx\/index.php?rest_route=\/wp\/v2\/types\/post"}],"author":[{"embeddable":true,"href":"https:\/\/eloficiodehistoriar.com.mx\/index.php?rest_route=\/wp\/v2\/users\/249"}],"replies":[{"embeddable":true,"href":"https:\/\/eloficiodehistoriar.com.mx\/index.php?rest_route=%2Fwp%2Fv2%2Fcomments&post=30222"}],"version-history":[{"count":1,"href":"https:\/\/eloficiodehistoriar.com.mx\/index.php?rest_route=\/wp\/v2\/posts\/30222\/revisions"}],"predecessor-version":[{"id":30224,"href":"https:\/\/eloficiodehistoriar.com.mx\/index.php?rest_route=\/wp\/v2\/posts\/30222\/revisions\/30224"}],"wp:featuredmedia":[{"embeddable":true,"href":"https:\/\/eloficiodehistoriar.com.mx\/index.php?rest_route=\/wp\/v2\/media\/30223"}],"wp:attachment":[{"href":"https:\/\/eloficiodehistoriar.com.mx\/index.php?rest_route=%2Fwp%2Fv2%2Fmedia&parent=30222"}],"wp:term":[{"taxonomy":"category","embeddable":true,"href":"https:\/\/eloficiodehistoriar.com.mx\/index.php?rest_route=%2Fwp%2Fv2%2Fcategories&post=30222"},{"taxonomy":"post_tag","embeddable":true,"href":"https:\/\/eloficiodehistoriar.com.mx\/index.php?rest_route=%2Fwp%2Fv2%2Ftags&post=30222"}],"curies":[{"name":"wp","href":"https:\/\/api.w.org\/{rel}","templated":true}]}}