{"id":30225,"date":"2022-11-20T14:35:03","date_gmt":"2022-11-20T20:35:03","guid":{"rendered":"https:\/\/eloficiodehistoriar.com.mx\/?p=30225"},"modified":"2022-11-20T14:35:03","modified_gmt":"2022-11-20T20:35:03","slug":"la-lucha-libre-es-del-pueblo-dice-tinieblas-previo-a-su-homenaje-en-el-bjx-film-fest","status":"publish","type":"post","link":"https:\/\/eloficiodehistoriar.com.mx\/?p=30225","title":{"rendered":"La lucha libre es del pueblo, dice Tinieblas, previo a su homenaje en el BJX Film Fest"},"content":{"rendered":"<div id=\"article-cont\" class=\"main-cont article-cont actuality\">\n<div class=\"cabeza\">La lucha libre es del pueblo, dice Tinieblas, previo a su homenaje en el BJX Film Fest<\/div>\n<div class=\"sumarios\"><\/div>\n<div id=\"article-text\" class=\"text\">\n<div class=\"foto\">\n<div class=\"pie-foto\">Manuel Leal Pe\u00f1a cuenta que nunca pens\u00f3 que <em>Las momias de Guanajuato<\/em> ser\u00eda un gran filme a escala mundial.<\/div>\n<div><\/div>\n<\/div>\n<div class=\"col col1\">\n<div class=\"credito-autor\">Sergio Ra\u00fal L\u00f3pez<\/div>\n<div class=\"credito-titulo\"><\/div>\n<div class=\"hemero\">La Jornada<\/p>\n<\/div>\n<p class=\"s-s\">En 1971, hace m\u00e1s de medio siglo, el fisicoculturista, actor y luchador Manuel Leal Pe\u00f1a, tuvo su debut cinematogr\u00e1fico con el personaje que le dar\u00eda fama y gloria: Tinieblas el Gigante, en la pel\u00edcula\u00a0<em>Los campeones justicieros<\/em><em>,\u00a0<\/em>dirigida por Federico Curiel, al lado de Blue Demon, Mil M\u00e1scaras, El M\u00e9dico Asesino y Black Shadow.<\/p>\n<p>El sue\u00f1o del atleta de aparecer en una pel\u00edcula no s\u00f3lo se hab\u00eda cumplido, sino que le despert\u00f3 el apetito por continuar trabajando en el set, as\u00ed que al finalizar el rodaje, le consult\u00f3 al productor y argumentista Rogelio Agras\u00e1nchez cu\u00e1ndo ser\u00eda la siguiente producci\u00f3n.<\/p>\n<p><q>En cuatro meses, ah\u00ed s\u00ed entras<\/q>, le respondi\u00f3 el fundador de Producciones F\u00edlmicas Agras\u00e1nchez.<\/p>\n<p>Tinieblas, que ya hab\u00eda participado en otros filmes, aunque sin el personaje del luchador ciego y sin ojos que le hab\u00eda creado el periodista y editor Valente P\u00e9rez, como Franquestain en\u00a0<em>Santo el Enmascarado de Plata<\/em><em>\u00a0y\u00a0<\/em><em>Blue Demon vs los monstruos<\/em>\u00a0(1970, de Gilberto Mart\u00ednez Solares) y como parte de\u00a0<em>Los campeones justicieros\u00a0<\/em>y\u00a0<em>Superzam el invencible<\/em><em>\u00a0<\/em>(1971, tambi\u00e9n de la dupla Curiel-Agras\u00e1nchez), le interrog\u00f3 sobre la pel\u00edcula que har\u00edan sobre las momias de Guanajuato con Santo, Blue Demon y Mil M\u00e1scaras.<\/p>\n<p>El productor, tras pens\u00e1rselo dos veces, le hizo una de las propuestas arriesgadas que suelen caracterizar su filmograf\u00eda: \u201cS\u00ed, pero no entras ah\u00ed. Ah, pero hay un personaje, es Sat\u00e1n, es una momia gigante.<\/p>\n<p>As\u00ed fue como se acord\u00f3 su participaci\u00f3n en una de las m\u00e1s m\u00edticas y emblem\u00e1ticas cintas del mexican\u00edsimo g\u00e9nero del cine de luchadores:\u00a0<em>Las momias de Guanajuato,<\/em>\u00a0de Curiel y Agras\u00e1nchez, que el pr\u00f3ximo jueves 24 de noviembre se proyectar\u00e1 en la explanada de la Alh\u00f3ndiga de Granaditas en conmemoraci\u00f3n del cincuentenario de su estreno en la cartelera comercial, como parte de las actividades del segundo Festival Internacional de Cine del Baj\u00edo (BJX Film Fest).<\/p>\n<\/div>\n<div class=\"col col2\">\n<p><q>No pens\u00e9 que llegara a ser una gran pel\u00edcula a escala mundial y que en realidad ya sea algo muy especial para el cine mexicano. So\u00f1aba, de hace mucho tiempo, llegar a Guanajuato y acordarme de la pel\u00edcula que hice all\u00e1 en ese lugar, porque hay veces que las cosas salen sin querer. Gracias al cine mexicano es que este deporte se dio a conocer en todo el mundo y se han creado personajes mucho muy importantes. L\u00e1stima que ahora ya no se siguen haciendo pel\u00edculas del g\u00e9nero, pero hay mucho material, porque la lucha libre es del pueblo<\/q>, explica Tinieblas.<\/p>\n<p>El \u00e9xito de la cinta fue tan espectacular que hasta la fecha esta figura de los encordados no s\u00f3lo vende su emblem\u00e1tica m\u00e1scara dorada con el rostro negro, sino tambi\u00e9n la de la Momia Sat\u00e1n, creaci\u00f3n de Valente P\u00e9rez, con gran popularidad y recuerdos de los espectadores.<\/p>\n<p>\u201cYo no empec\u00e9 desde abajo, sino desde arriba, luchando contra el Santo, y tambi\u00e9n hice otra pel\u00edcula que se llam\u00f3\u00a0<em>El L\u00e1tigo Negro contra las momias asesinas\u00a0<\/em>(1980), que filmamos en Guatemala, y la serie televisiva\u00a0<em>Las aventuras de Capulina\u00a0<\/em>(1989). Para m\u00ed era algo incre\u00edble, creo que para llegar a ser un actor e interpretar a un personaje, hay que sentirlo. Extra\u00f1o el cine, ojal\u00e1 que los productores sigan haciendo este tipo de filmes de calidad\u201d, remata.<\/p>\n<p>El BJX Film Fest se celebrar\u00e1 en la capital guanajuatense del 23 al 27 de noviembre. Rendir\u00e1 homenaje a Tinieblas, Dami\u00e1n Alc\u00e1zar, al cr\u00edtico Jorge Ayala Blanco, a las figuras cubanas Mirtha Ibarra, Eslinda N\u00fa\u00f1ez y Manuel Herrera, y al promotor queretano Gabriel H\u00f6rner.<\/p>\n<\/div>\n<\/div>\n<div class=\"go gui\">\n<div class=\"go-up\"><\/div>\n<\/div>\n<\/div>\n","protected":false},"excerpt":{"rendered":"<p>La lucha libre es del pueblo, dice Tinieblas, previo a su homenaje en el BJX Film Fest Manuel Leal Pe\u00f1a cuenta que nunca pens\u00f3 que Las momias de Guanajuato ser\u00eda un gran filme a escala mundial. Sergio Ra\u00fal L\u00f3pez La Jornada En 1971, hace m\u00e1s de medio siglo, el fisicoculturista, actor y luchador Manuel Leal [&hellip;]<\/p>\n","protected":false},"author":249,"featured_media":30226,"comment_status":"open","ping_status":"closed","sticky":false,"template":"","format":"standard","meta":{"footnotes":""},"categories":[26],"tags":[],"class_list":["post-30225","post","type-post","status-publish","format-standard","has-post-thumbnail","hentry","category-mundo"],"_links":{"self":[{"href":"https:\/\/eloficiodehistoriar.com.mx\/index.php?rest_route=\/wp\/v2\/posts\/30225","targetHints":{"allow":["GET"]}}],"collection":[{"href":"https:\/\/eloficiodehistoriar.com.mx\/index.php?rest_route=\/wp\/v2\/posts"}],"about":[{"href":"https:\/\/eloficiodehistoriar.com.mx\/index.php?rest_route=\/wp\/v2\/types\/post"}],"author":[{"embeddable":true,"href":"https:\/\/eloficiodehistoriar.com.mx\/index.php?rest_route=\/wp\/v2\/users\/249"}],"replies":[{"embeddable":true,"href":"https:\/\/eloficiodehistoriar.com.mx\/index.php?rest_route=%2Fwp%2Fv2%2Fcomments&post=30225"}],"version-history":[{"count":1,"href":"https:\/\/eloficiodehistoriar.com.mx\/index.php?rest_route=\/wp\/v2\/posts\/30225\/revisions"}],"predecessor-version":[{"id":30227,"href":"https:\/\/eloficiodehistoriar.com.mx\/index.php?rest_route=\/wp\/v2\/posts\/30225\/revisions\/30227"}],"wp:featuredmedia":[{"embeddable":true,"href":"https:\/\/eloficiodehistoriar.com.mx\/index.php?rest_route=\/wp\/v2\/media\/30226"}],"wp:attachment":[{"href":"https:\/\/eloficiodehistoriar.com.mx\/index.php?rest_route=%2Fwp%2Fv2%2Fmedia&parent=30225"}],"wp:term":[{"taxonomy":"category","embeddable":true,"href":"https:\/\/eloficiodehistoriar.com.mx\/index.php?rest_route=%2Fwp%2Fv2%2Fcategories&post=30225"},{"taxonomy":"post_tag","embeddable":true,"href":"https:\/\/eloficiodehistoriar.com.mx\/index.php?rest_route=%2Fwp%2Fv2%2Ftags&post=30225"}],"curies":[{"name":"wp","href":"https:\/\/api.w.org\/{rel}","templated":true}]}}