{"id":30232,"date":"2022-11-21T15:25:55","date_gmt":"2022-11-21T21:25:55","guid":{"rendered":"https:\/\/eloficiodehistoriar.com.mx\/?p=30232"},"modified":"2022-11-21T15:25:55","modified_gmt":"2022-11-21T21:25:55","slug":"mircea-cartarescu-ganador-del-premio-fil-de-literatura-en-lenguas-romances-2022","status":"publish","type":"post","link":"https:\/\/eloficiodehistoriar.com.mx\/?p=30232","title":{"rendered":"Mircea C?rt?rescu, ganador del Premio FIL de Literatura en Lenguas Romances 2022"},"content":{"rendered":"<h1 class=\"ljs-merri\">Premio FIL de Literatura en Lenguas Romances 2022.<\/h1>\n<h1 class=\"ljs-merri\">Mircea C?rt?rescu y la cartograf\u00eda de la memoria<\/h1>\n<p><span class=\"sem-autor\">Alejandro Garc\u00eda Abreu<\/span><\/p>\n<div id=\"carouselSemControls\" class=\"carousel slide\" data-ride=\"carousel\">\n<div class=\"carousel-inner\">\n<div class=\"carousel-item active\">\n<div class=\"ljs-nota-img\">\n<p class=\"ljs-nota-pie\">Mircea C?rt?rescu en entrevista con &#8216;La Jornada&#8217; sobre su libro &#8216;Solenoide&#8217;, 21 de noviembre de 2017. &#8216;La Jornada&#8217;\/ Guillermo Sologuren<\/p>\n<\/div>\n<\/div>\n<\/div>\n<\/div>\n<div class=\"ljs-nota-descripcion\">Celebramos a Mircea C?rt?rescu (Bucarest, 1956), ganador del Premio FIL de Literatura en Lenguas Romances 2022. Considerado como el escritor rumano m\u00e1s importante de nuestro tiempo, es autor de libros esenciales como &#8216;El Levante&#8217; (1990), &#8216;Nostalgia&#8217; (1993), la trilog\u00eda &#8216;Cegador&#8217; (1996-2007) y &#8216;Solenoide&#8217; (2015).<\/div>\n<div class=\"ljs-nota-cuerpo\">\n<p>&nbsp;<\/p>\n<p><b>Los recuerdos<\/b><\/p>\n<p>Navegante del mundo on\u00edrico, devoto de Mnemosyne, Mircea C?rt?rescu (Bucarest, 1956) ha desarrollado una obra exquisita, depositaria de sue\u00f1os y de recuerdos. El escritor rumano fue galardonado con el Premio FIL de Literatura en Lenguas Romances 2022.<\/p>\n<p>De su obra destacan\u00a0<i>El Levante\u00a0<\/i>(1990),<i>\u00a0Nostalgia\u00a0<\/i>(1993),\u00a0<i>Lulu<\/i>\u00a0(1994), la trilog\u00eda\u00a0<i>Cegador\u00a0<\/i>(1996-2007),<i>\u00a0Las Bellas Extranjeras\u00a0<\/i>(2010),\u00a0<i>El ojo casta\u00f1o de nuestro amor\u00a0<\/i>(2012) y<i>\u00a0Solenoide<\/i>\u00a0(2015), libros publicados en espa\u00f1ol por Impedimenta \u2013editorial madrile\u00f1a\u2013 y traducidos por Marian Ochoa de Eribe.<\/p>\n<p>&nbsp;<\/p>\n<p><b>El mundo on\u00edrico<\/b><\/p>\n<p>En el ensayo \u201cMircea C?rt?rescu et la carte de la m\u00e9moire et des r\u00eaves\u201d [Mircea C?rt?rescu y el mapa de la memoria y de los sue\u00f1os], la cart\u00f3grafa e historiadora Nathalie des Palmes cit\u00f3 el siguiente pasaje del acta del jurado del Premio Formentor de las Letras 2018: \u201cEn su obra [C?rt?rescu] evidencia la realidad de la cartograf\u00eda de la memoria, la libertad de la imaginaci\u00f3n y la pulsi\u00f3n de los deseos.\u201d Des Palmes traz\u00f3 un mapa mental del escritor rumano. La autora sabe, como me dijo C?rt?rescu en una ocasi\u00f3n, que primero \u201cdeber\u00edamos vincular la memoria con el sue\u00f1o. Nuestros recuerdos m\u00e1s remotos se parecen a los sue\u00f1os. Tienen la misma ra\u00edz.<br \/>\nLos poetas intentan recuperar esa memoria<br \/>\nprimordial.\u201d<\/p>\n<p>&nbsp;<\/p>\n<p><b>Una conversaci\u00f3n<\/b><\/p>\n<p>Durante una entrevista que sostuve con Mircea C?rt?rescu, su obra se ilumin\u00f3. Reproduzco cuatro fragmentos.<\/p>\n<p>\u2013\u201c<b>Luego partiremos hacia el Levante. He hablado con Irina y ya hemos decidido lo que vamos a hacer\u201d, escribiste casi al final de\u00a0<\/b><i><b>Solenoide<\/b><\/i><b>. \u00bfQu\u00e9 significa la partida hacia el Oriente?<\/b><\/p>\n<p>\u2013La partida hacia el Oriente es la renuncia a la salvaci\u00f3n individual del protagonista. \u00c9l prefiere compartir el destino de sus seres queridos. Y en general el destino de la humanidad, aunque sea un destino tr\u00e1gico.<\/p>\n<p>&nbsp;<\/p>\n<p>\u2013<b>En\u00a0<\/b><i><b>El Levante<\/b><\/i><b>\u00a0y en\u00a0<\/b><i><b>Solenoide<\/b><\/i><b>\u00a0la \u00faltima p\u00e1gina queda mojada con l\u00e1grimas. \u00bfCu\u00e1l es el motivo del llanto final en los dos libros?<\/b><\/p>\n<p>\u2013Es el llanto del autor. El mio, personal. Acabar un libro es un evento extremadamente traumatizante. Conclu\u00ed los libros con l\u00e1grimas en los ojos porque yo escribo para vivir en ellos, por eso tambi\u00e9n los escribo tan extensos para poder vivir ah\u00ed cuanto m\u00e1s tiempo sea posible. Finalizar un libro es similar a la expulsi\u00f3n del para\u00edso.<\/p>\n<p>&nbsp;<\/p>\n<p>\u2013<b>\u00bfEntras en una etapa de duelo?<\/b><\/p>\n<p>\u2013Cuando acabo un libro entro en un per\u00edodo en el que ya no puedo escribir, de desgaste total. Es muy complicado para m\u00ed atravesar esos desiertos. Felizmente hasta ahora tambi\u00e9n he encontrado oasis en esos desiertos y espero que los siga hallando en el futuro.<\/p>\n<p>&nbsp;<\/p>\n<p>\u2013<b>Borges es uno de tus autores predilectos, como Nabokov. \u00bfQui\u00e9nes conforman tu canon personal?<\/b><\/p>\n<p>\u2013Lo conforman aquellos escritores a los que yo considero los m\u00e1s grandes y los m\u00e1s verdaderos: Dostoievski, Kafka, S\u00e1bato. Los grandes cl\u00e1sicos: Dante, Homero, Shakespeare. Esos son los escritores que no ascendieron a la ciudadela de la literatura, sino que nacieron en ella.<\/p>\n<p>&nbsp;<\/p>\n<p><b>Poes\u00eda y Naturphilosophie<\/b><\/p>\n<p>D\u00edas despu\u00e9s del anuncio del galard\u00f3n, recib\u00ed una carta de la bot\u00e1nica Camille Arroyo, investigadora, como Adri\u00e0 Casinos, del marco hist\u00f3rico-cultural en el que se desarrollaron Georges Cuvier \u2013considerado fundador de la anatom\u00eda comparada\u2013 y el fil\u00f3sofo Georg Wilhelm Friedrich Hegel, y del fen\u00f3meno de conexi\u00f3n que estableci\u00f3 entre ellos la Naturphilosophie.<\/p>\n<p>En la misiva reprodujo fragmentos de poemas de Mircea C?rt?rescu \u2013uno de ellos dedicado a Cuvier, referido por Arroyo como \u201cel anhelo de las flores y de las plantas\u201d\u2013, incluidos en\u00a0<i>Poes\u00eda esencial<\/i>\u00a0(traducci\u00f3n de Marian Ochoa de Eribe y Eta Hrubaru, Impedimenta, Madrid, 2021), antolog\u00eda realizada por el propio autor de sus poemas escritos durante la primera etapa de su oficio. En\u00a0<i>Todo<\/i>\u00a0(1985) se lee: \u201cqu\u00e9date a mi lado, piensa en m\u00ed,\/ tr\u00e1tame con ternura [\u2026]. qu\u00e9date a mi lado, ap\u00f3yame.\/\/ compr\u00e9ndeme, \u00e1mame [\u2026], s\u00e9 mi amada permanente.\/ olvidemos las reglas del juego, olvidemos que el sexo es una jungla.\/ acerqu\u00e9monos, lleguemos a un equilibrio\u201d. Y en\u00a0<i>Amor\u00a0<\/i>(1994) escribi\u00f3: \u201cs\u00f3lo distingo el mundo\/ como desde el remolino de Borges.\/ me he despertado del sue\u00f1o en el que\/\u00a0<i>los colores hablaban<\/i>\/\u00a0<i>los olores iluminaban<\/i>\/\u00a0<i>y el mundo era\/ una estructura de cristal y turr\u00f3n<\/i>\/<i>\u00a0una v\u00e9rtebra de terciopelo<\/i>\/ descubierta por un Cuvier vegetal\u201d.<\/p>\n<p>A sus treinta y ocho a\u00f1os de edad, Mircea C?rt?rescu constat\u00f3 en un poema que su destino ser\u00eda el laberinto de Borges, despu\u00e9s de estudiar a un naturalista franc\u00e9s del siglo XVIII y la Naturphilosophie, y de comprender la poes\u00eda que ata\u00f1e al extraordinario mundo de los seres fotosint\u00e9ticos y aut\u00f3trofos.<\/p>\n<\/div>\n","protected":false},"excerpt":{"rendered":"<p>Premio FIL de Literatura en Lenguas Romances 2022. Mircea C?rt?rescu y la cartograf\u00eda de la memoria Alejandro Garc\u00eda Abreu Mircea C?rt?rescu en entrevista con &#8216;La Jornada&#8217; sobre su libro &#8216;Solenoide&#8217;, 21 de noviembre de 2017. &#8216;La Jornada&#8217;\/ Guillermo Sologuren Celebramos a Mircea C?rt?rescu (Bucarest, 1956), ganador del Premio FIL de Literatura en Lenguas Romances 2022. [&hellip;]<\/p>\n","protected":false},"author":249,"featured_media":30233,"comment_status":"open","ping_status":"closed","sticky":false,"template":"","format":"standard","meta":{"footnotes":""},"categories":[26],"tags":[],"class_list":["post-30232","post","type-post","status-publish","format-standard","has-post-thumbnail","hentry","category-mundo"],"_links":{"self":[{"href":"https:\/\/eloficiodehistoriar.com.mx\/index.php?rest_route=\/wp\/v2\/posts\/30232","targetHints":{"allow":["GET"]}}],"collection":[{"href":"https:\/\/eloficiodehistoriar.com.mx\/index.php?rest_route=\/wp\/v2\/posts"}],"about":[{"href":"https:\/\/eloficiodehistoriar.com.mx\/index.php?rest_route=\/wp\/v2\/types\/post"}],"author":[{"embeddable":true,"href":"https:\/\/eloficiodehistoriar.com.mx\/index.php?rest_route=\/wp\/v2\/users\/249"}],"replies":[{"embeddable":true,"href":"https:\/\/eloficiodehistoriar.com.mx\/index.php?rest_route=%2Fwp%2Fv2%2Fcomments&post=30232"}],"version-history":[{"count":1,"href":"https:\/\/eloficiodehistoriar.com.mx\/index.php?rest_route=\/wp\/v2\/posts\/30232\/revisions"}],"predecessor-version":[{"id":30234,"href":"https:\/\/eloficiodehistoriar.com.mx\/index.php?rest_route=\/wp\/v2\/posts\/30232\/revisions\/30234"}],"wp:featuredmedia":[{"embeddable":true,"href":"https:\/\/eloficiodehistoriar.com.mx\/index.php?rest_route=\/wp\/v2\/media\/30233"}],"wp:attachment":[{"href":"https:\/\/eloficiodehistoriar.com.mx\/index.php?rest_route=%2Fwp%2Fv2%2Fmedia&parent=30232"}],"wp:term":[{"taxonomy":"category","embeddable":true,"href":"https:\/\/eloficiodehistoriar.com.mx\/index.php?rest_route=%2Fwp%2Fv2%2Fcategories&post=30232"},{"taxonomy":"post_tag","embeddable":true,"href":"https:\/\/eloficiodehistoriar.com.mx\/index.php?rest_route=%2Fwp%2Fv2%2Ftags&post=30232"}],"curies":[{"name":"wp","href":"https:\/\/api.w.org\/{rel}","templated":true}]}}