{"id":30235,"date":"2022-11-21T15:31:23","date_gmt":"2022-11-21T21:31:23","guid":{"rendered":"https:\/\/eloficiodehistoriar.com.mx\/?p=30235"},"modified":"2022-11-21T15:31:23","modified_gmt":"2022-11-21T21:31:23","slug":"trabaja-ve-a-cubrir-el-festival-rock-y-ruedas-en-avandaro-pasaras-la-noche-a-la-intemperie-abrigate-ve","status":"publish","type":"post","link":"https:\/\/eloficiodehistoriar.com.mx\/?p=30235","title":{"rendered":"\u201cTrabaja. Ve a cubrir el Festival Rock y Ruedas en Av\u00e1ndaro. Pasar\u00e1s la noche a la intemperie. Abr\u00edgate. Ve.\u201d"},"content":{"rendered":"<h1 class=\"ljs-merri\">Un hombre inolvidable<\/h1>\n<h1 class=\"ljs-merri\">Miguel Reyes Razo<\/h1>\n<p><span class=\"sem-autor\">Miguel Reyes Razo<\/span><\/p>\n<div id=\"carouselSemControls\" class=\"carousel slide\" data-ride=\"carousel\">\n<div class=\"carousel-inner\">\n<div class=\"carousel-item active\">\n<div class=\"ljs-nota-img\">\n<p class=\"ljs-nota-pie\">Ra\u00fal E. Puga entrevistando al boxeador Memo Diez<\/p>\n<p>\u201cTrabaja. Produce m\u00e1s. Series, reportajes. Te pagar\u00e9 m\u00e1s\u201d, recomend\u00f3, sugiri\u00f3, tent\u00f3 don Ra\u00fal E. Puga. Pon\u00eda a prueba el tes\u00f3n, la vocaci\u00f3n de un reportero. \u201cVe a cubrir el Festival Rock y Ruedas en Av\u00e1ndaro. Pasar\u00e1s la noche a la intemperie. Abr\u00edgate. Ve.\u201d<\/p>\n<\/div>\n<\/div>\n<\/div>\n<\/div>\n<div class=\"ljs-nota-cuerpo\">\n<p>Meses atr\u00e1s, cuando celebraba a los que comision\u00f3 para la cobertura del Mundial M\u00e9xico 70, el director de\u00a0<i>Diario de la Tarde<\/i>\u00a0me particip\u00f3 de su pl\u00e1tica y al final de esa celebraci\u00f3n me invit\u00f3 a trabajar a su lado.<\/p>\n<p>A madrugar se ha dicho. El peri\u00f3dico nac\u00eda la v\u00edspera de su aparici\u00f3n. Desde el mediod\u00eda y la tarde-noche se procuraba la informaci\u00f3n. La \u201cfuente\u201d polic\u00edaca recorr\u00eda entre las 5 y las 7 de la ma\u00f1ana las delegaciones, donde revisaba actas recientes. Delitos frescos eran la nota fuerte.<\/p>\n<p>Don Ra\u00fal E. Puga madrugaba m\u00e1s que ninguno de los integrantes de la plantilla de informadores. Hombre de sonrisa amable y modales muy educados, refinados para tratar a sus colaboradores. Animaba la acci\u00f3n. Instru\u00eda sin vanidad. Le apasionaba el saber. Se\u00f1or reposado, no mudaba su templanza. Jam\u00e1s le escuch\u00e9 ufanarse de su cultura o deturpar \u2013por ignorancia\u2013a ninguno.<\/p>\n<p>Muchos a\u00f1os despu\u00e9s lament\u00e9 y lamento no haber procurado su amistad y consejo. Ese tiempo sirvi\u00f3 y es \u00fatil\u00a0hoy para decir que don Ra\u00fal E. Puga fue un ser humano ejemplar e inolvidable, un gu\u00eda en el bello oficio period\u00edstico, que nunca regate\u00f3 opini\u00f3n o ayuda. Nadie podr\u00e1 decir que no lo escuch\u00f3 con educado inter\u00e9s. Supo acudir en auxilio de quien a su puerta llam\u00f3.<\/p>\n<p>Mi familia, Susana, mi esposa, y nuestros hijos Gendebien Susana, Miguel Alfonso y Claudia Amaranta, recuerdan con absoluta nitidez los telefonemas que proced\u00edan de don Ra\u00fal E. Puga.<\/p>\n<p>\u201cLuis R. Botello \u2013me comunic\u00f3 don Ra\u00fal\u2013 se ir\u00e1 de vacaciones. T\u00fa cubrir\u00e1s la Presidencia de la Rep\u00fablica. Ve a Palacio Nacional, busca a Mauro Jim\u00e9nez Lazcano. Ve.\u201d<\/p>\n<p>Sent\u00ed el peso de aquella orden. Viv\u00ed en Tlatelolco el 2 de octubre. Antes, en septiembre la entrada \u2013toma\u2013 del Ej\u00e9rcito Mexicano a Ciudad Universitaria. Empero, nunca hab\u00eda informado de la tarea de un presidente de la Rep\u00fablica.<\/p>\n<p>Segu\u00ed las instrucciones de don Ra\u00fal e inform\u00e9 de la visita a M\u00e9xico del presidente Jos\u00e9 Figueres, de Costa Rica. Encuentro con Luis Echeverr\u00eda. Reuni\u00f3n en Yucat\u00e1n.<\/p>\n<p>En M\u00e9rida, en CORDEMEX lo entrevist\u00e9. Compa\u00f1eros de\u00a0<i>El Gr\u00e1fico<\/i>,\u00a0<i>El Sol de Mediod\u00eda<\/i>\u00a0y de\u00a0<i>\u00daltimas Noticias\u00a0<\/i>de\u00a0<i>Exc\u00e9lsior<\/i>, me presionaron: \u201cComparte, danos lo que lograste. Es la costumbre. As\u00ed jalamos todos.\u201d \u201cPues yo prefiero perder todas y ganar una, que salir igual que ustedes\u201d, respond\u00ed. Recurrieron entonces al grabador oficial de la Presidencia de la Rep\u00fablica. As\u00ed libraron el escollo.<\/p>\n<p>A mi vuelta, don Ra\u00fal me recibi\u00f3 sensiblemente satisfecho de mi trabajo.<\/p>\n<p>\u201cMereces un premio y te lo dar\u00e9 ahora mismo. Te invito a mi casa, con tu esposa a comer en mi casa. Vendr\u00e1n a mi mesa. Vivo en Tlacopac\u2026 San \u00c1ngel.\u201d<br \/>\nY Susana y yo fuimos a casa de don Ra\u00fal. Siempre lo agradecimos.<\/p>\n<p>En mi carrera period\u00edstica don Ra\u00fal E. Puga destaca por su afabilidad, ejemplo, sencillez y elevada estatura intelectual. Todas las ma\u00f1anas nos regalaba una sonrisa en\u00a0<i>Diario de la Tarde<\/i>. Su ejemplo nutre carreras y aptitudes.<\/p>\n<p>A iniciativa de Jaime Andr\u00e9s Arroyo hoy lo recordamos con el gusto que nos dio conocer a un hombre inolvidable.<\/p>\n<\/div>\n","protected":false},"excerpt":{"rendered":"<p>Un hombre inolvidable Miguel Reyes Razo Miguel Reyes Razo Ra\u00fal E. Puga entrevistando al boxeador Memo Diez \u201cTrabaja. Produce m\u00e1s. Series, reportajes. Te pagar\u00e9 m\u00e1s\u201d, recomend\u00f3, sugiri\u00f3, tent\u00f3 don Ra\u00fal E. Puga. Pon\u00eda a prueba el tes\u00f3n, la vocaci\u00f3n de un reportero. \u201cVe a cubrir el Festival Rock y Ruedas en Av\u00e1ndaro. Pasar\u00e1s la noche [&hellip;]<\/p>\n","protected":false},"author":249,"featured_media":30236,"comment_status":"open","ping_status":"closed","sticky":false,"template":"","format":"standard","meta":{"footnotes":""},"categories":[26],"tags":[],"class_list":["post-30235","post","type-post","status-publish","format-standard","has-post-thumbnail","hentry","category-mundo"],"_links":{"self":[{"href":"https:\/\/eloficiodehistoriar.com.mx\/index.php?rest_route=\/wp\/v2\/posts\/30235","targetHints":{"allow":["GET"]}}],"collection":[{"href":"https:\/\/eloficiodehistoriar.com.mx\/index.php?rest_route=\/wp\/v2\/posts"}],"about":[{"href":"https:\/\/eloficiodehistoriar.com.mx\/index.php?rest_route=\/wp\/v2\/types\/post"}],"author":[{"embeddable":true,"href":"https:\/\/eloficiodehistoriar.com.mx\/index.php?rest_route=\/wp\/v2\/users\/249"}],"replies":[{"embeddable":true,"href":"https:\/\/eloficiodehistoriar.com.mx\/index.php?rest_route=%2Fwp%2Fv2%2Fcomments&post=30235"}],"version-history":[{"count":1,"href":"https:\/\/eloficiodehistoriar.com.mx\/index.php?rest_route=\/wp\/v2\/posts\/30235\/revisions"}],"predecessor-version":[{"id":30237,"href":"https:\/\/eloficiodehistoriar.com.mx\/index.php?rest_route=\/wp\/v2\/posts\/30235\/revisions\/30237"}],"wp:featuredmedia":[{"embeddable":true,"href":"https:\/\/eloficiodehistoriar.com.mx\/index.php?rest_route=\/wp\/v2\/media\/30236"}],"wp:attachment":[{"href":"https:\/\/eloficiodehistoriar.com.mx\/index.php?rest_route=%2Fwp%2Fv2%2Fmedia&parent=30235"}],"wp:term":[{"taxonomy":"category","embeddable":true,"href":"https:\/\/eloficiodehistoriar.com.mx\/index.php?rest_route=%2Fwp%2Fv2%2Fcategories&post=30235"},{"taxonomy":"post_tag","embeddable":true,"href":"https:\/\/eloficiodehistoriar.com.mx\/index.php?rest_route=%2Fwp%2Fv2%2Ftags&post=30235"}],"curies":[{"name":"wp","href":"https:\/\/api.w.org\/{rel}","templated":true}]}}