{"id":30238,"date":"2022-11-21T15:35:16","date_gmt":"2022-11-21T21:35:16","guid":{"rendered":"https:\/\/eloficiodehistoriar.com.mx\/?p=30238"},"modified":"2022-11-21T15:35:16","modified_gmt":"2022-11-21T21:35:16","slug":"raul-e-puga-escribia-mucho-y-sobre-los-mas-variados-temas-pero-usaba-seudonimos-para-firmar-sus-textos","status":"publish","type":"post","link":"https:\/\/eloficiodehistoriar.com.mx\/?p=30238","title":{"rendered":"Ra\u00fal E. Puga escrib\u00eda mucho y sobre los m\u00e1s variados temas, pero usaba seud\u00f3nimos para firmar sus textos."},"content":{"rendered":"<h1 class=\"ljs-merri\">Un diario diferente: Ra\u00fal E. Puga y su concepci\u00f3n del periodismo<\/h1>\n<p><span class=\"sem-autor\">Luis R. Botello<\/span><\/p>\n<div id=\"carouselSemControls\" class=\"carousel slide\" data-ride=\"carousel\">\n<div class=\"carousel-inner\">\n<div class=\"carousel-item active\">\n<div class=\"ljs-nota-img\">\n<p class=\"ljs-nota-pie\">Ra\u00fal E. Puga<\/p>\n<\/div>\n<\/div>\n<\/div>\n<\/div>\n<div class=\"ljs-nota-descripcion\">Recuerdo entra\u00f1able de la colaboraci\u00f3n con un periodista de bajo perfil y alta calidad moral y profesional, director de &#8216;Diario de la Tarde&#8217;, de &#8216;Novedades&#8217; (1963), pero tambi\u00e9n de publicaciones dedicadas al deporte y los espect\u00e1culos; cronista y cr\u00edtico de toreo y de box, de quien se afirma aqu\u00ed: \u201cPuga escrib\u00eda mucho y sobre los m\u00e1s variados temas, pero usaba seud\u00f3nimos para firmar sus textos.\u201d<\/div>\n<div class=\"ljs-nota-cuerpo\">\n<p>Durante los a\u00f1os sesenta y setenta del siglo anterior prevalec\u00eda en M\u00e9xico un estricto control de la prensa, que ven\u00eda de tiempo atr\u00e1s y no requer\u00eda de procedimientos inquisitoriales ni de una censura directa. Las propias empresas period\u00edsticas, en su mayor\u00eda comprometidas econ\u00f3mica y pol\u00edticamente con el gobierno en turno, se encargaban de vigilar el apego riguroso a los lineamientos oficiales mediante la autocensura.<\/p>\n<p>Los reporteros conoc\u00edamos muy bien las reglas no escritas, sab\u00edamos que cualquier texto que las infringiera no ser\u00eda publicado y tendr\u00edamos que atenernos a las consecuencias, desde una reprimenda hasta el despido.<\/p>\n<p>Ra\u00fal E. Puga lleg\u00f3 a la Direcci\u00f3n del Diario de la Tarde, de Novedades, a principios de 1963 y no desconoc\u00eda las limitaciones existentes; ten\u00eda ya una larga trayectoria y recientemente hab\u00eda sido jefe de redacci\u00f3n en el matutino y el vespertino de la misma casa editorial. Por eso no dej\u00f3 de sorprender que en una pl\u00e1tica con varios reporteros, el nuevo director nos dijera: \u201cDesde que empez\u00f3 la era del periodismo moderno con El Imparcial, de Rafael Reyes Sp\u00edndola, en el porfiriato, los peri\u00f3dicos han estado al servicio de los poderosos del gobierno y de la iniciativa privada. Vamos a intentar otro enfoque, tratemos de servir a la gente com\u00fan, atendamos sus inquietudes y necesidades.\u201d<\/p>\n<p>De acuerdo con esta idea, se impulsaron entrevistas y reportajes de inter\u00e9s general en m\u00faltiples aspectos de la vida social. La mayor\u00eda de las veces no hubo problema, pero en ciertos asuntos resultaba inevitable denunciar abusos y atropellos de autoridades.<\/p>\n<p>El caso m\u00e1s relevante que me toc\u00f3 fue el Movimiento M\u00e9dico 1964-1965, que cubr\u00ed desde su inicio. Al principio era un problema menor en un hospital del ISSSTE, pero la cerraz\u00f3n oficial provoc\u00f3 que se extendiera con rapidez a todo el sistema hospitalario y se desat\u00f3 la represi\u00f3n del gobierno de Gustavo D\u00edaz Ordaz con ceses y persecuci\u00f3n judicial.<\/p>\n<p>En los d\u00edas cr\u00edticos se orquest\u00f3 una feroz campa\u00f1a en los diarios para acusar de comunistas y subversivos a muchos m\u00e9dicos, entre ellos algunos muy destacados. Diario de la Tarde no se hizo eco de esa campa\u00f1a: sigui\u00f3 publicando noticias sobre lo que ocurr\u00eda. Hubo presiones muy fuertes, pero don Ra\u00fal las resisti\u00f3 y en todo momento sent\u00ed su apoyo.<\/p>\n<p>Ra\u00fal E. Puga era un periodista singular: modesto, sencillo, discreto; enemigo del protagonismo, se manten\u00eda lejos de los reflectores y prefer\u00eda pasar inadvertido. De honradez intachable, repudiaba con energ\u00eda cualquier forma de corrupci\u00f3n y jam\u00e1s quiso estar cerca del poder p\u00fablico. Inteligente y culto, Puga escrib\u00eda mucho y sobre los m\u00e1s variados temas, pero usaba seud\u00f3nimos para firmar sus textos. Por su bajo perfil era poco conocido fuera de su c\u00edrculo cercano. Destacaba por su esp\u00edritu innovador y la destreza y buen gusto en la edici\u00f3n de diarios y revistas, en lo que ten\u00eda una vasta experiencia. Como directivo de publicaciones especializadas en deportes y espect\u00e1culos dominaba esos temas, y fue cronista y cr\u00edtico de toreo y pugilismo. En la empresa de Novedades concibi\u00f3, fund\u00f3 y dirigi\u00f3 el muy le\u00eddo Magazine Dominical.<\/p>\n<p>Sobre todo fue un magn\u00edfico jefe y admirable ser humano. Siempre sereno y amable, a todos trataba con respeto y cuando ten\u00eda que llamar la atenci\u00f3n lo hac\u00eda con tacto y suavidad, sin ofensas. Adem\u00e1s procuraba estimular a los j\u00f3venes para superarse y les brindaba las mayores oportunidades. De \u00e9l se pod\u00eda aprender mucho tanto en el oficio period\u00edstico como en su comportamiento.<\/p>\n<p>No alcanz\u00f3 fama, porque en ning\u00fan momento la busc\u00f3. Por sus caracter\u00edsticas personales fue poco conocido, pero quienes trabajamos con \u00e9l lo recordaremos siempre con cari\u00f1o y nostalgia. Los a\u00f1os en que estuve bajo su direcci\u00f3n fueron los mejores de mi vida period\u00edstica.<\/p>\n<\/div>\n","protected":false},"excerpt":{"rendered":"<p>Un diario diferente: Ra\u00fal E. Puga y su concepci\u00f3n del periodismo Luis R. Botello Ra\u00fal E. Puga Recuerdo entra\u00f1able de la colaboraci\u00f3n con un periodista de bajo perfil y alta calidad moral y profesional, director de &#8216;Diario de la Tarde&#8217;, de &#8216;Novedades&#8217; (1963), pero tambi\u00e9n de publicaciones dedicadas al deporte y los espect\u00e1culos; cronista y [&hellip;]<\/p>\n","protected":false},"author":249,"featured_media":30239,"comment_status":"open","ping_status":"closed","sticky":false,"template":"","format":"standard","meta":{"footnotes":""},"categories":[26],"tags":[],"class_list":["post-30238","post","type-post","status-publish","format-standard","has-post-thumbnail","hentry","category-mundo"],"_links":{"self":[{"href":"https:\/\/eloficiodehistoriar.com.mx\/index.php?rest_route=\/wp\/v2\/posts\/30238","targetHints":{"allow":["GET"]}}],"collection":[{"href":"https:\/\/eloficiodehistoriar.com.mx\/index.php?rest_route=\/wp\/v2\/posts"}],"about":[{"href":"https:\/\/eloficiodehistoriar.com.mx\/index.php?rest_route=\/wp\/v2\/types\/post"}],"author":[{"embeddable":true,"href":"https:\/\/eloficiodehistoriar.com.mx\/index.php?rest_route=\/wp\/v2\/users\/249"}],"replies":[{"embeddable":true,"href":"https:\/\/eloficiodehistoriar.com.mx\/index.php?rest_route=%2Fwp%2Fv2%2Fcomments&post=30238"}],"version-history":[{"count":1,"href":"https:\/\/eloficiodehistoriar.com.mx\/index.php?rest_route=\/wp\/v2\/posts\/30238\/revisions"}],"predecessor-version":[{"id":30240,"href":"https:\/\/eloficiodehistoriar.com.mx\/index.php?rest_route=\/wp\/v2\/posts\/30238\/revisions\/30240"}],"wp:featuredmedia":[{"embeddable":true,"href":"https:\/\/eloficiodehistoriar.com.mx\/index.php?rest_route=\/wp\/v2\/media\/30239"}],"wp:attachment":[{"href":"https:\/\/eloficiodehistoriar.com.mx\/index.php?rest_route=%2Fwp%2Fv2%2Fmedia&parent=30238"}],"wp:term":[{"taxonomy":"category","embeddable":true,"href":"https:\/\/eloficiodehistoriar.com.mx\/index.php?rest_route=%2Fwp%2Fv2%2Fcategories&post=30238"},{"taxonomy":"post_tag","embeddable":true,"href":"https:\/\/eloficiodehistoriar.com.mx\/index.php?rest_route=%2Fwp%2Fv2%2Ftags&post=30238"}],"curies":[{"name":"wp","href":"https:\/\/api.w.org\/{rel}","templated":true}]}}