{"id":30245,"date":"2022-11-22T11:47:32","date_gmt":"2022-11-22T17:47:32","guid":{"rendered":"https:\/\/eloficiodehistoriar.com.mx\/?p=30245"},"modified":"2022-11-22T11:47:32","modified_gmt":"2022-11-22T17:47:32","slug":"pablo-milanes-fue-una-de-las-voces-mas-reconocidas-de-la-trova-cubana-y-artifice-de-temas-inmortales","status":"publish","type":"post","link":"https:\/\/eloficiodehistoriar.com.mx\/?p=30245","title":{"rendered":"Pablo Milan\u00e9s fue una de las voces m\u00e1s reconocidas de la trova cubana y art\u00edfice de temas inmortales."},"content":{"rendered":"<div class=\"sumarios\">\n<p>Hospitalizado desde el d\u00eda 13<\/p>\n<\/div>\n<div class=\"cabeza\">Muri\u00f3 el cantautor cubano Pablo Milan\u00e9s<\/div>\n<div class=\"sumarios\">\n<p>Fue emblema de la trova cubana y art\u00edfice de temas inmortales<\/p>\n<\/div>\n<div id=\"article-text\" class=\"text tbl-forkorts-article\">\n<div class=\"foto\">\n<div class=\"pie-foto\"><\/div>\n<\/div>\n<div class=\"col\">\n<div class=\"credito-autor\">Redacci\u00f3n y Ana M. Rodr\u00edguez<\/div>\n<div class=\"credito-titulo\"><\/div>\n<div class=\"hemero\">La Jornada<\/div>\n<div><\/div>\n<div class=\"hemero\">El cantautor cubano Pablo Milan\u00e9s falleci\u00f3 ayer a los 79 a\u00f1os en Madrid, Espa\u00f1a. La noticia la confirm\u00f3 el portal oficial Cubadebate, que se\u00f1al\u00f3 que el artista fue una de las voces m\u00e1s reconocidas de la trova cubana y art\u00edfice de temas inmortales.<\/div>\n<p>El pasado 13 de noviembre, Milan\u00e9s fue hospitalizado en Madrid, donde viv\u00eda desde 2017 y recib\u00eda tratamiento m\u00e9dico para la enfermedad oncohematol\u00f3gica que padec\u00eda hace algunos a\u00f1os y que se vio agravada en meses recientes.<\/p>\n<p>Su \u00faltimo concierto en La Habana fue en la Ciudad Deportiva, donde cientos de cubanos compartieron fragmentos de las canciones que eligi\u00f3 para esa noche.<\/p>\n<p>Naci\u00f3 el 24 de febrero de 1943 en la oriental ciudad de Bayamo, estudi\u00f3 m\u00fasica en el Conservatorio Municipal de La Habana.<\/p>\n<p>A finales de los 60, junto con Silvio Rodr\u00edguez y Noel Nicola (1946-2005) fund\u00f3 el movimiento conocido como nueva trova cubana.<\/p>\n<p>El padre de temas popularmente conocidos como Yolanda, Para vivir, Yo me quedo o El amor de mi vida, tambi\u00e9n musicaliz\u00f3 poemas de Nicol\u00e1s Guill\u00e9n en canciones como De qu\u00e9 callada manera y los Versos sencillos, del h\u00e9roe nacional de Cuba, Jos\u00e9 Mart\u00ed.<\/p>\n<p>En Cuba inici\u00f3 sus estudios de piano en 1952, y tuvo de maestros a Candito Ruiz, y al declamador y pianista Luis Carbonell. Comenz\u00f3 su carrera art\u00edstica con el Cuarteto del Rey, donde fue voz prima y tuvo un aprendizaje decisivo para su desarrollo, entre 1959 y 1963.<\/p>\n<p>Milan\u00e9s Arias trabaj\u00f3 con el grupo Los Bucaneros hasta 1966, y se adentr\u00f3 en el bolero y el son, considerados pilares en su carrera como compositor e int\u00e9rprete. Despu\u00e9s, devino su etapa como creador de canciones de contenido social, acorde con los acontecimientos sociales y pol\u00edticos que se viv\u00edan en Am\u00e9rica Latina y el Caribe, produci\u00e9ndose as\u00ed el movimiento de la nueva trova, que se concret\u00f3 con el Encuentro de la Canci\u00f3n Protesta, en 1967.<\/p>\n<p>Tambi\u00e9n fund\u00f3 el Grupo de Experimentaci\u00f3n Sonora del ICAIC, (1969), al que pertenecieron, entre otros, Silvio Rodr\u00edguez, Eduardo Ramos, Sergio Vitier, Leonardo Acosta, Emiliano Salvador y Sara Gonz\u00e1lez.<\/p>\n<p>En la d\u00e9cada de 1980 actu\u00f3 en M\u00e9xico, Brasil, Ecuador, Argentina y Espa\u00f1a, regresando al pa\u00eds ib\u00e9rico en 1996, donde, junto con el cantante asturiano V\u00edctor Manuel, efectu\u00f3 25 presentaciones. Luego actu\u00f3 en Portugal e Italia. Se present\u00f3 en el Lincoln Center de Nueva York, en 1997.<\/p>\n<p>En 2006, particip\u00f3 en un homenaje por el cumplea\u00f1os 80 de Fidel Castro en el concierto Todas las Voces Todas. Felicidades, Fidel, dijo Milan\u00e9s antes de comenzar su actuaci\u00f3n con la simb\u00f3lica Canci\u00f3n por la unidad latinoamericana.<\/p>\n<p>A principios de 2022, Milan\u00e9s recibi\u00f3 un duro golpe: su hija Suy\u00adl\u00e9n Milan\u00e9s falleci\u00f3 tras un edema cerebral a los 50 a\u00f1os. Suyl\u00e9n era una de las tres hijas del compositor.<\/p>\n<p>Durante a\u00f1os embajador musical de la revoluci\u00f3n cubana, lleg\u00f3 a ser diputado de la Asamblea Nacional del Poder Popular, pero la ca\u00edda de la Uni\u00f3n Sovi\u00e9tica y la posterior crisis econ\u00f3mica que gener\u00f3 en la isla lo hicieron tomar distancia pol\u00edtica, primero en silencio y despu\u00e9s p\u00fablicamente.<\/p>\n<p>M\u00faltiples premios y reconocimientos recibi\u00f3 en su carrera: fue nominado al Premio Grammy Latino por Vengo naciendo, como mejor \u00e1lbum de m\u00fasica pop en 2000. Obtuvo dos Grammy Latinos en 2006, y en Cuba tras efectuar una gira de car\u00e1cter internacional, le fue otorgada la R\u00e9plica de la Pluma del Cucalamb\u00e9 en 2011. Entre otros, en 2015, recibi\u00f3 un Grammy a la Excelencia Musical.<\/p>\n<p>En 2021, Milan\u00e9s present\u00f3 Antolog\u00eda personal, \u00e1lbum recopilatorio de toda su carrera \u2013m\u00e1s de 400 canciones\u2013, con algunos de sus temas m\u00e1s conocidos.<\/p>\n<\/div>\n<\/div>\n","protected":false},"excerpt":{"rendered":"<p>Hospitalizado desde el d\u00eda 13 Muri\u00f3 el cantautor cubano Pablo Milan\u00e9s Fue emblema de la trova cubana y art\u00edfice de temas inmortales Redacci\u00f3n y Ana M. Rodr\u00edguez La Jornada El cantautor cubano Pablo Milan\u00e9s falleci\u00f3 ayer a los 79 a\u00f1os en Madrid, Espa\u00f1a. La noticia la confirm\u00f3 el portal oficial Cubadebate, que se\u00f1al\u00f3 que el [&hellip;]<\/p>\n","protected":false},"author":249,"featured_media":30246,"comment_status":"open","ping_status":"closed","sticky":false,"template":"","format":"standard","meta":{"footnotes":""},"categories":[26],"tags":[],"class_list":["post-30245","post","type-post","status-publish","format-standard","has-post-thumbnail","hentry","category-mundo"],"_links":{"self":[{"href":"https:\/\/eloficiodehistoriar.com.mx\/index.php?rest_route=\/wp\/v2\/posts\/30245","targetHints":{"allow":["GET"]}}],"collection":[{"href":"https:\/\/eloficiodehistoriar.com.mx\/index.php?rest_route=\/wp\/v2\/posts"}],"about":[{"href":"https:\/\/eloficiodehistoriar.com.mx\/index.php?rest_route=\/wp\/v2\/types\/post"}],"author":[{"embeddable":true,"href":"https:\/\/eloficiodehistoriar.com.mx\/index.php?rest_route=\/wp\/v2\/users\/249"}],"replies":[{"embeddable":true,"href":"https:\/\/eloficiodehistoriar.com.mx\/index.php?rest_route=%2Fwp%2Fv2%2Fcomments&post=30245"}],"version-history":[{"count":1,"href":"https:\/\/eloficiodehistoriar.com.mx\/index.php?rest_route=\/wp\/v2\/posts\/30245\/revisions"}],"predecessor-version":[{"id":30247,"href":"https:\/\/eloficiodehistoriar.com.mx\/index.php?rest_route=\/wp\/v2\/posts\/30245\/revisions\/30247"}],"wp:featuredmedia":[{"embeddable":true,"href":"https:\/\/eloficiodehistoriar.com.mx\/index.php?rest_route=\/wp\/v2\/media\/30246"}],"wp:attachment":[{"href":"https:\/\/eloficiodehistoriar.com.mx\/index.php?rest_route=%2Fwp%2Fv2%2Fmedia&parent=30245"}],"wp:term":[{"taxonomy":"category","embeddable":true,"href":"https:\/\/eloficiodehistoriar.com.mx\/index.php?rest_route=%2Fwp%2Fv2%2Fcategories&post=30245"},{"taxonomy":"post_tag","embeddable":true,"href":"https:\/\/eloficiodehistoriar.com.mx\/index.php?rest_route=%2Fwp%2Fv2%2Ftags&post=30245"}],"curies":[{"name":"wp","href":"https:\/\/api.w.org\/{rel}","templated":true}]}}