{"id":30251,"date":"2022-11-22T12:24:44","date_gmt":"2022-11-22T18:24:44","guid":{"rendered":"https:\/\/eloficiodehistoriar.com.mx\/?p=30251"},"modified":"2022-11-22T12:24:44","modified_gmt":"2022-11-22T18:24:44","slug":"santa-cecilia-de-roma-universalmente-reconocida-como-patrona-de-la-musica","status":"publish","type":"post","link":"https:\/\/eloficiodehistoriar.com.mx\/?p=30251","title":{"rendered":"Santa Cecilia de Roma.  Universalmente reconocida como patrona de la m\u00fasica,"},"content":{"rendered":"<p>Una de las santas m\u00e1s conocidas y veneradas a lo largo de la historia cristiana ha sido\u00a0<strong>Cecilia de Roma<\/strong>.<\/p>\n<p>Universalmente reconocida como patrona de la m\u00fasica, esta m\u00e1rtir primitiva ya ten\u00eda una amplia veneraci\u00f3n y reconocimiento por parte de la\u00a0<strong>comunidad cristiana en el siglo IV<\/strong>\u00a0de nuestra era, y posteriormente se la ha conmemorado tanto en Oriente como en Occidente.<\/p>\n<p>Su nombre tambi\u00e9n es de los que figuran entre las santas mujeres m\u00e1rtires conmemoradas en el Canon de la Misa.<\/p>\n<p>Pero, \u00bfsabemos realmente qui\u00e9n fue esta m\u00e1rtir tan reverenciada?<\/p>\n<p><strong>La Iglesia Cat\u00f3lica conmemora el 22 de noviembre, la muerte de Santa Cecilia<\/strong>, una mujer de familia noble que falleci\u00f3 en un a\u00f1o indeterminado entre el 180 y el 230 de nuestra era despu\u00e9s de ser torturada por su conversi\u00f3n al cristianismo.<\/p>\n<p>En 1594, el papa\u00a0<strong>Gregorio XIII<\/strong>\u00a0la nombr\u00f3 patrona de la m\u00fasica, y as\u00ed sigue siendo hasta hoy.<\/p>\n<p>Al parecer, buena parte de su historia se conoce gracias a la aparici\u00f3n a mediados del siglo V de unos textos llamados \u2018<strong>Actas del martirio de Santa Cecilia<\/strong>\u2019.<\/p>\n<p>En ellos se indica que la joven se convirti\u00f3 al cristianismo y que sus padres la casaron con un noble pagano al que, en la misma noche de bodas, la novia hace saber que se ha entregado a Dios.<\/p>\n<p>Con esto quiere decir que guarda su virginidad para \u00c9l y que \u00e9sta es custodiada por un \u00e1ngel.<\/p>\n<p>Como es natural, el extra\u00f1ado novio quiere ver al ser alado, y Cecilia le convence de que s\u00f3lo se le aparecer\u00e1 si se bautiza, cosa que acaba por suceder y el hombre acaba convertido a la fe de su amada esposa.<\/p>\n<p>No corr\u00edan buenos tiempos en Roma para los cristianos y fueron condenados a morir de formas aberrantes.<\/p>\n<p>En el caso de Cecilia, primero lo intentaron en las termas de su propia casa, tratando de ahogarla con el vapor sin conseguirlo.<\/p>\n<p>Luego, llamaron a un verdugo para que le cortara la cabeza: la historia dice que \u00e9ste dej\u00f3 caer tres veces su hacha sobre ella sin conseguirlo, con lo que huy\u00f3 despavorido abandonando a la joven ensangrentada pero viva.<\/p>\n<p>Aunque qued\u00f3 maltrecha y muri\u00f3 finalmente tres d\u00edas despu\u00e9s.<\/p>\n<p>De ah\u00ed que en algunas obras de arte se la represente ya cad\u00e1ver con un tajo en su cuello, como en\u00a0<strong>la escultura en m\u00e1rmol de St\u00e9fano Maderno (1576-1636)<\/strong>, que se encuentra en en la iglesia de Santa Cecilia en Roma, donde supuestamente reposan sus restos.<\/p>\n<p>En muchos cuadros se la ve, sin embargo, entre instrumentos musicales, com\u00fanmente tocando un \u00f3rgano.<\/p>\n<p>Pero\u2026 \u00bfsab\u00eda tocar santa Cecilia?<\/p>\n<p>\u00bfPor qu\u00e9 es la patrona de los m\u00fasicos?<\/p>\n<p>Una explicaci\u00f3n se basa en que, seg\u00fan dicen, la chica se dedic\u00f3 internamente a cantar a Dios mientras los m\u00fasicos tocaban en su boda, acordada por sus padres, aunque parece una explicaci\u00f3n insuficiente.<\/p>\n<p>El Papa que la nombr\u00f3 patrona, dijo que hab\u00eda \u201cdemostrado u<strong>na atracci\u00f3n irresistible hacia los acordes melodiosos de los instrumentos<\/strong>. Su esp\u00edritu sensible y apasionado por este arte convirti\u00f3 as\u00ed su nombre en s\u00edmbolo de la m\u00fasica\u201d.<\/p>\n<p>Pero el director de orquesta venezolano y profesor de historia de la m\u00fasica Jes\u00fas Ignacio P\u00e9rez-Perazzo apunta los que a su juicio son los dos argumentos m\u00e1s plausibles para ello.<\/p>\n<p>En primer lugar, \u201cel hecho m\u00e1s probable para que se le relacione con la m\u00fasica es que desde muy joven, y de acuerdo con las costumbres y tradiciones de las familias patricias romanas,\u00a0<strong>Cecilia debi\u00f3 iniciarse y tocar alg\u00fan instrumento musical<\/strong>, probablemente la lira, la c\u00edtara o alg\u00fan tipo de arpa de las utilizadas por las damas de la sociedad romana\u201d.<\/p>\n<p>Y a esto le a\u00f1ade que en las citadas \u2018Actas del martirio\u2019 est\u00e1 escrito \u2018<strong>Cand\u00e9ntibus \u00f3rganis C\u00e6cilia D\u00f3mino decant\u00e1bat dicens\u2026<\/strong>\u2019, lo que quiere decir: \u2018Mientras estaba el horno al rojo vivo (las termas de su casa donde intentaron asfixiarla), Cecilia cantaba al Se\u00f1or diciendo\u2026\u2019.<\/p>\n<p><strong>La tesis de P\u00e9rez-Perazzo<\/strong>\u00a0es que en alg\u00fan momento la persona que realiz\u00f3 la trascripci\u00f3n \u201ctradujo la palabra \u2018\u00f3rgano\u2019 \u2013que por aquel entonces, en el siglo III, se empleaba para referirse a una especie de fuelle, herramienta o utensilio para hacer insuflar algo, por el neologismo que nombra al instrumento musical actual que deriv\u00f3 del \u2018hydraulis\u2019 utilizado por los romanos para animar las festividades del circo romano\u201d.<\/p>\n<p>De ah\u00ed los numerosos cuadros que la muestran tocando el \u00f3rgano.<\/p>\n<p>Es una hip\u00f3tesis.<\/p>\n<p>En cualquier caso, el 22 de noviembre, los m\u00fasicos seguir\u00e1n celebrando el d\u00eda de su patrona.<\/p>\n","protected":false},"excerpt":{"rendered":"<p>Una de las santas m\u00e1s conocidas y veneradas a lo largo de la historia cristiana ha sido\u00a0Cecilia de Roma. Universalmente reconocida como patrona de la m\u00fasica, esta m\u00e1rtir primitiva ya ten\u00eda una amplia veneraci\u00f3n y reconocimiento por parte de la\u00a0comunidad cristiana en el siglo IV\u00a0de nuestra era, y posteriormente se la ha conmemorado tanto en [&hellip;]<\/p>\n","protected":false},"author":249,"featured_media":30252,"comment_status":"open","ping_status":"closed","sticky":false,"template":"","format":"standard","meta":{"footnotes":""},"categories":[26],"tags":[],"class_list":["post-30251","post","type-post","status-publish","format-standard","has-post-thumbnail","hentry","category-mundo"],"_links":{"self":[{"href":"https:\/\/eloficiodehistoriar.com.mx\/index.php?rest_route=\/wp\/v2\/posts\/30251","targetHints":{"allow":["GET"]}}],"collection":[{"href":"https:\/\/eloficiodehistoriar.com.mx\/index.php?rest_route=\/wp\/v2\/posts"}],"about":[{"href":"https:\/\/eloficiodehistoriar.com.mx\/index.php?rest_route=\/wp\/v2\/types\/post"}],"author":[{"embeddable":true,"href":"https:\/\/eloficiodehistoriar.com.mx\/index.php?rest_route=\/wp\/v2\/users\/249"}],"replies":[{"embeddable":true,"href":"https:\/\/eloficiodehistoriar.com.mx\/index.php?rest_route=%2Fwp%2Fv2%2Fcomments&post=30251"}],"version-history":[{"count":1,"href":"https:\/\/eloficiodehistoriar.com.mx\/index.php?rest_route=\/wp\/v2\/posts\/30251\/revisions"}],"predecessor-version":[{"id":30253,"href":"https:\/\/eloficiodehistoriar.com.mx\/index.php?rest_route=\/wp\/v2\/posts\/30251\/revisions\/30253"}],"wp:featuredmedia":[{"embeddable":true,"href":"https:\/\/eloficiodehistoriar.com.mx\/index.php?rest_route=\/wp\/v2\/media\/30252"}],"wp:attachment":[{"href":"https:\/\/eloficiodehistoriar.com.mx\/index.php?rest_route=%2Fwp%2Fv2%2Fmedia&parent=30251"}],"wp:term":[{"taxonomy":"category","embeddable":true,"href":"https:\/\/eloficiodehistoriar.com.mx\/index.php?rest_route=%2Fwp%2Fv2%2Fcategories&post=30251"},{"taxonomy":"post_tag","embeddable":true,"href":"https:\/\/eloficiodehistoriar.com.mx\/index.php?rest_route=%2Fwp%2Fv2%2Ftags&post=30251"}],"curies":[{"name":"wp","href":"https:\/\/api.w.org\/{rel}","templated":true}]}}