{"id":30259,"date":"2022-11-23T11:46:25","date_gmt":"2022-11-23T17:46:25","guid":{"rendered":"https:\/\/eloficiodehistoriar.com.mx\/?p=30259"},"modified":"2022-11-23T11:46:25","modified_gmt":"2022-11-23T17:46:25","slug":"lideres-politicos-intelectuales-activistas-y-religiosos-de-extrema-derecha-se-reunieron-en-mexico","status":"publish","type":"post","link":"https:\/\/eloficiodehistoriar.com.mx\/?p=30259","title":{"rendered":"L\u00edderes pol\u00edticos, intelectuales, activistas y religiosos de extrema derecha se reunieron en M\u00e9xico"},"content":{"rendered":"<div id=\"article-cont\" class=\"main-cont article-cont analysis\">\n<div class=\"cabeza\">El c\u00f3nclave en M\u00e9xico de la ultraderecha internacional<\/div>\n<div class=\"sumarios\"><\/div>\n<div class=\"credito-articulo\">Bernardo Barranco V.<\/div>\n<div><\/div>\n<div id=\"article-text\" class=\"text\">\n<div class=\"col col1\">\n<div class=\"inicial\">L\u00edderes pol\u00edticos, intelectuales, activistas y religiosos de extrema derecha se reunieron en M\u00e9xico durante dos d\u00edas el pasado fin de semana. El evento fue organizado por la Conferencia Pol\u00edtica de Acci\u00f3n Conservadora (CPAC) ante la manifiesta preocupaci\u00f3n de que la izquierda ha venido ganando terreno en Am\u00e9rica Latina.<\/div>\n<p>El c\u00f3nclave ultraconservador se realiz\u00f3 en un exclusivo hotel de la zona de Santa Fe. Fue un marat\u00f3n de ponencias y posicionamientos de personajes de derecha que, sin complejos ideol\u00f3gicos, pugnan por conquistar el poder para instaurar gobiernos conservadores.<\/p>\n<p>Algunos personajes destacados como el ex presidente polaco Lech Walesa; Eduardo Bolsonaro, hijo del a\u00fan presidente brasile\u00f1o, Jair Messias Bolsonaro; v\u00eda teleconferencia, Donald Trump y su estratega estrella Steve Bannon; Santiago Abascal dirigente del partido espa\u00f1ol neocolonialista Vox; Zury R\u00edos, hija del general Efra\u00edn R\u00edos Montt, presidente evang\u00e9lico de Guatemala mediante golpe militar; Ramfis Dom\u00ednguez-Trujillo, nieto del dictador de Rep\u00fablica Dominicana Rafael L\u00e9onidas Trujillo; Christopher Landau, ex embajador de Estados Unidos en M\u00e9xico; el senador republicano Ted Cruz y Javier Milei, l\u00edder de La Libertad Avanza en Argentina. La t\u00f3nica fue repetitiva: la libertad religiosa, el anticomunismo y antisocialismo, los populismos. Los sistemas electorales torcidos; los posicionamientos contra la ideolog\u00eda de g\u00e9nero, el feminismo, la comunidad LGBT y los medios de comunicaci\u00f3n globales.<\/p>\n<p>En el mundo y en M\u00e9xico no hay una derecha, sino varias derechas. En Am\u00e9rica Latina existen diversas vertientes ultraconservadoras que han despuntado. Entre otras, podr\u00edamos identificar la primera que es la hist\u00f3rica, la derecha cat\u00f3lica que tiene diversos linajes. La segunda es una derecha hipercapitalista de corte secular abanderada por empresarios. Y la tercera, es una nueva ultraderecha pentecostal, cargada de fundamentalismos.<\/p>\n<p>\u00bfPor qu\u00e9 se hizo este encuentro en M\u00e9xico? \u00bfTiene que ver con la disputa por la Presidencia en 2024? \u00bfM\u00e9xico es clave en la controversia ideol\u00f3gica del continente? La presencia del Yunque en el encuentro mexicano, aunque discreto, fue palpable.<\/p>\n<p>Hay que recordar que\u00a0<em>Wikileaks<\/em>, asociada a cuatro medios en el mundo, entre ellos\u00a0<em>Contral\u00ednea<\/em>, de M\u00e9xico, desnud\u00f3 ante la opini\u00f3n p\u00fablica dos organizaciones de ultraderecha con asiento originario en el Yunque de M\u00e9xico y Espa\u00f1a y con ramificaciones en 50 pa\u00edses, se trata de Hazte O\u00edr y Citizen Go, organizaciones civiles imbricadas al partido Vox. Los 17 mil archivos compuestos por correos electr\u00f3nicos, cartas y testimonios de las organizaciones ultraderechistas revelaron a los principales donantes, agendas y sus estrategias de penetraci\u00f3n en las sociedades y los gobiernos de 50 naciones. M\u00e9xico aparece no s\u00f3lo como el pa\u00eds de origen, a trav\u00e9s del Yunque, sino como uno de los principales centros de operaciones, formaci\u00f3n de cuadros y de captaci\u00f3n de recursos v\u00eda importantes empresarios. Ah\u00ed se exponen secretos de la organizaci\u00f3n y develan deplorables complots pol\u00edticos-religiosos. El Yunque\/Vox est\u00e1 instalado en sectores del PAN y otros partidos, en la jerarqu\u00eda eclesi\u00e1stica, pero sobre todo en asociaciones civiles como Yo Influyo, la Red Familia, as\u00ed como en medios y l\u00edderes de opini\u00f3n.<\/p>\n<\/div>\n<div class=\"col col2\">\n<p>Me llam\u00f3 la atenci\u00f3n el discurso Eduardo Ver\u00e1stegui sobre la necesidad de constituir en el pa\u00eds una derecha real y no la\u00a0<q>derechita cobarde<\/q>\u00a0o\u00a0<q>timorata<\/q>\u00a0que ha resultado ser el PAN. Los partidos de la derecha han cobrado fuerza electoral en pa\u00edses como Italia, Francia, Brasil y desde luego Espa\u00f1a. Ver\u00e1stegui provoca al PAN. \u00bfLe conviene al partido salir del cl\u00f3set ideol\u00f3gico en ha estado metido en los \u00faltimos 50 a\u00f1os? Ante el desgaste de los Serrano Lim\u00f3n, Ardav\u00edn, Arzac y hermanos Aranda. Eduardo Ver\u00e1stegui emerge no s\u00f3lo como un colaborador latino de Trump, sino como un delf\u00edn pol\u00edtico de la ultraderecha internacional. \u00bfEncabezar\u00e1 la construcci\u00f3n de un partido pol\u00edtico en M\u00e9xico?<\/p>\n<p>En la ultraderecha en M\u00e9xico predomina el conservadurismo cat\u00f3lico. Busca instaurar un orden social cristiano. Es heredera de lo que el soci\u00f3logo franc\u00e9s Emile Poulat denomin\u00f3 el catolicismo social intransigente, cuyas ra\u00edces se remontan al rechazo de los valores y sistemas sociales construidos por la modernidad que se sustentan en la racionalidad y en la noci\u00f3n de progreso e individuo. Esta ultraderecha cat\u00f3lica es depositaria del radical pensamiento cristero, rabiosamente anticomunista, antiliberal, antimas\u00f3nico y antijud\u00edo. Ahora su bandera tambi\u00e9n es la ideolog\u00eda de g\u00e9nero. Pablo Casanova, en su cl\u00e1sico libro\u00a0<em>La democracia en M\u00e9xico<\/em>\u00a0alertaba con preocupaci\u00f3n sobre la reactivaci\u00f3n de estos grupos en 1961, que adem\u00e1s de exaltar campa\u00f1as anticomunistas,\u00a0<q>cristianismo s\u00ed, comunismo no<\/q>, manifestaban preocupaci\u00f3n por la\u00a0<q>profanaci\u00f3n de las costumbres<\/q>\u00a0que atentan contra la estabilidad de la familia tradicional. Esta estrategia de miedo en Brasil tuvo una particular eficacia en las \u00faltimas elecciones. La operaci\u00f3n, se le denomin\u00f3\u00a0<q>el p\u00e1nico moral<\/q>. Esa misma matriz intransigente ha llevado a la violencia a grupos de la ultraderecha cat\u00f3lica que fue ingeniosamente caricaturizada por el periodista Manuel Buend\u00eda, a la que llam\u00f3 la\u00a0<q>Santa Mafia<\/q>.<\/p>\n<p>La derecha cat\u00f3lica, m\u00e1s all\u00e1 de las sociedades semisecretas como el Yunque, Pro Vida y tantas otras inspiradas en la\u00a0<em>guerra fr\u00eda<\/em>, busca instaurar un orden social muy alejado de la actual doctrina de la Iglesia y del papa Francisco, es decir, tienen un corte teocr\u00e1tico. Hay herencia de un catolicismo revanchista, cuyas ra\u00edces se remontan al rechazo de los valores y sistemas sociales construidos por la modernidad en su vertiente secular. Pese a ello, ahora sustentan el\u00a0<q>neoliberalismo bautizado<\/q>\u00a0y una globalizaci\u00f3n bendecida, como el estadio ideal. Debo advertir que no debemos despreciar dicha corriente que viene creciendo de manera acechante. Ser\u00eda un error grav\u00edsimo.<\/p>\n<p class=\"email\">\n<\/div>\n<\/div>\n<div class=\"go gui\">\n<div class=\"go-up\"><\/div>\n<\/div>\n<\/div>\n<div id=\"taboola-below-content-thumbnails\" class=\" trc_related_container trc_spotlight_widget tbl-feed-container tbl-feed-frame-DIVIDER  render-late-effect\" data-feed-container-num=\"1\" data-feed-main-container-id=\"taboola-below-content-thumbnails\" data-parent-placement-name=\"Below Content Thumbnails\" data-pub-lang=\"es\">\n<div class=\" tbl-feed-header tbl-logo-right-position\">\n<div class=\"tbl-feed-header-logo\"><\/div>\n<\/div>\n<\/div>\n","protected":false},"excerpt":{"rendered":"<p>El c\u00f3nclave en M\u00e9xico de la ultraderecha internacional Bernardo Barranco V. L\u00edderes pol\u00edticos, intelectuales, activistas y religiosos de extrema derecha se reunieron en M\u00e9xico durante dos d\u00edas el pasado fin de semana. El evento fue organizado por la Conferencia Pol\u00edtica de Acci\u00f3n Conservadora (CPAC) ante la manifiesta preocupaci\u00f3n de que la izquierda ha venido ganando [&hellip;]<\/p>\n","protected":false},"author":249,"featured_media":30260,"comment_status":"open","ping_status":"closed","sticky":false,"template":"","format":"standard","meta":{"footnotes":""},"categories":[26],"tags":[],"class_list":["post-30259","post","type-post","status-publish","format-standard","has-post-thumbnail","hentry","category-mundo"],"_links":{"self":[{"href":"https:\/\/eloficiodehistoriar.com.mx\/index.php?rest_route=\/wp\/v2\/posts\/30259","targetHints":{"allow":["GET"]}}],"collection":[{"href":"https:\/\/eloficiodehistoriar.com.mx\/index.php?rest_route=\/wp\/v2\/posts"}],"about":[{"href":"https:\/\/eloficiodehistoriar.com.mx\/index.php?rest_route=\/wp\/v2\/types\/post"}],"author":[{"embeddable":true,"href":"https:\/\/eloficiodehistoriar.com.mx\/index.php?rest_route=\/wp\/v2\/users\/249"}],"replies":[{"embeddable":true,"href":"https:\/\/eloficiodehistoriar.com.mx\/index.php?rest_route=%2Fwp%2Fv2%2Fcomments&post=30259"}],"version-history":[{"count":1,"href":"https:\/\/eloficiodehistoriar.com.mx\/index.php?rest_route=\/wp\/v2\/posts\/30259\/revisions"}],"predecessor-version":[{"id":30261,"href":"https:\/\/eloficiodehistoriar.com.mx\/index.php?rest_route=\/wp\/v2\/posts\/30259\/revisions\/30261"}],"wp:featuredmedia":[{"embeddable":true,"href":"https:\/\/eloficiodehistoriar.com.mx\/index.php?rest_route=\/wp\/v2\/media\/30260"}],"wp:attachment":[{"href":"https:\/\/eloficiodehistoriar.com.mx\/index.php?rest_route=%2Fwp%2Fv2%2Fmedia&parent=30259"}],"wp:term":[{"taxonomy":"category","embeddable":true,"href":"https:\/\/eloficiodehistoriar.com.mx\/index.php?rest_route=%2Fwp%2Fv2%2Fcategories&post=30259"},{"taxonomy":"post_tag","embeddable":true,"href":"https:\/\/eloficiodehistoriar.com.mx\/index.php?rest_route=%2Fwp%2Fv2%2Ftags&post=30259"}],"curies":[{"name":"wp","href":"https:\/\/api.w.org\/{rel}","templated":true}]}}