{"id":30262,"date":"2022-11-23T11:54:52","date_gmt":"2022-11-23T17:54:52","guid":{"rendered":"https:\/\/eloficiodehistoriar.com.mx\/?p=30262"},"modified":"2022-11-23T11:54:52","modified_gmt":"2022-11-23T17:54:52","slug":"te-conoci-pegado-a-la-pared-del-cielo-cuba-y-parte-de-al-lloran-la-muerte-del-cantautor","status":"publish","type":"post","link":"https:\/\/eloficiodehistoriar.com.mx\/?p=30262","title":{"rendered":"\u00abTe conoc\u00ed pegado a la pared del cielo&#8230;\u00bb  Cuba y parte de AL lloran la muerte del cantautor,\u00a0"},"content":{"rendered":"<div class=\"cabeza\">Te conoc\u00ed pegado a la pared del cielo&#8230;, dice Silvio Rodr\u00edguez a Pablo en canci\u00f3n in\u00e9dita<\/div>\n<div class=\"sumarios\">\n<p>Cuba y parte de AL lloran la muerte del cantautor,<\/p>\n<p><q>voz inseparable de la banda sonora<\/q> de numerosas generaciones\u00bb<\/p>\n<\/div>\n<div id=\"article-text\" class=\"text tbl-forkorts-article\">\n<div class=\"foto\"><\/div>\n<div class=\"foto\">\n<div class=\"pie-foto\">Ana M\u00f3nica Rodr\u00edguez<\/div>\n<\/div>\n<div class=\"col\">\n<div class=\"credito-titulo\"><\/div>\n<div class=\"hemero\">La Jornada<\/p>\n<\/div>\n<p class=\"s-s\">Pablo Milan\u00e9s parti\u00f3 provocando un profundo pesar. Las voces resonaron, se multiplicaron para despedirlo y agradecer su inmenso legado.<\/p>\n<p>El cantautor, quien falleci\u00f3 a los 79 a\u00f1os de edad, recibi\u00f3 a trav\u00e9s de las redes sociales emotivas despedidas de artistas, m\u00fasicos, pol\u00edticos, l\u00edderes y seguidores de diversas generaciones, que corroboraron la enorme influencia del cubano con su m\u00fasica.<\/p>\n<p>Una de las reacciones m\u00e1s esperadas fue la de Silvio Rodr\u00edguez, con quien fund\u00f3, adem\u00e1s de Noel Nicola, la nueva trova, corriente que marc\u00f3 a varias generaciones de latinoamericanos.<\/p>\n<p>Rodr\u00edguez public\u00f3 en su blog, Segunda Cita, la letra de lo que se ha dicho es posiblemente una canci\u00f3n dedicada al fallecido m\u00fasico, compuesta en 1969 y titulada\u00a0<em>Pablo,<\/em>\u00a0pero que no aparece en los discos del artista.<\/p>\n<p><q>Qui\u00e9n que no haya visto la tristeza \/ con sus cuatro mil cabezas \/ puede o\u00edrte con descanso. Qui\u00e9n que no haya amado largamente \/ y convivido con lo extra\u00f1o \/ de este tiempo sin remansos. \/ Te conoc\u00ed pegado \/ a la pared del cielo un d\u00eda. \/ Ibas llevando entonces \/ bajo el brazo una guajira y caminando, caminando<\/q>, escribe.<\/p>\n<p>Otros artistas, como Willie Col\u00f3n, lo recordaron con una foto. La cantante mexicana Eugenia Le\u00f3n escribi\u00f3:\u00a0<q>Pablito tan querido, buen viaje<\/q>.<\/p>\n<p>Tania Libertad afirm\u00f3:\u00a0<q>Parti\u00f3 un gran compositor, maravilloso cantante y extraordinario amigo; Pablo Milan\u00e9s, con may\u00fasculas. Te vamos a extra\u00f1ar Querido Pablo. Buen viaje. Te abrazar\u00e9 y te cantar\u00e9 siempre<\/q>. El espa\u00f1ol Alejandro Sanz public\u00f3:\u00a0<q>Querido Pablo, me da coraje que te hayas ido, pero tanta felicidad que hayas estado<\/q>.<\/p>\n<p>En Cuba, muchos artistas manifestaron su tristeza como la cantante Gema Corredera y el d\u00fao Buena Fe, adem\u00e1s de orquestas como la Arag\u00f3n, la Failde y Los Van Van.<\/p>\n<p>El presidente cubano Miguel D\u00edaz-Canel en su cuenta de Twitter, desde Mosc\u00fa, donde hac\u00eda una visita oficial, public\u00f3:\u00a0<q>Ha muerto Pablo, leemos al despertar este martes en Rusia y el dolor llega con la noticia. Desaparece f\u00edsicamente uno de nuestros m\u00e1s grandes m\u00fasicos. Voz inseparable de la banda sonora de nuestra generaci\u00f3n. Mis condolencias a su viuda e hijos, a #Cuba<\/q>.<\/p>\n<p>El guitarrista cubano Eliades Ochoa habl\u00f3 de la contribuci\u00f3n\u00a0<q>inigualable a la m\u00fasica cubana. Has sido un luchador incansable. Tu legado es eterno. Que Dios te acompa\u00f1e<\/q>.<\/p>\n<p>El primer ministro cubano Manuel Marrero expres\u00f3:\u00a0<q>Cuba est\u00e1 de luto&#8230; Llegue a sus familiares y amigos nuestras m\u00e1s sentidas condolencias<\/q>.<\/p>\n<p>El ministro de Cultura de Cuba, Alpidio Alonso, public\u00f3:\u00a0<q>No hay palabras que puedan expresar la enormidad de la p\u00e9rdida que representa la muerte de Pablo Milan\u00e9s para la cultura cubana. Su legado po\u00e9tico y musical es inmortal<\/q>.<\/p>\n<p>El ex presidente boliviano Evo Morales se\u00f1al\u00f3:\u00a0<q>Sentimos gran tristeza por la noticia del legendario cantautor cubano que supo combinar la poes\u00eda con el verbo revolucionario y el amor a la patria. Nuestra solidaridad a su familia, sus colegas artistas y al digno pueblo de Cuba<\/q>.<\/p>\n<p>El presidente de Venezuela, Nicol\u00e1s Maduro, lament\u00f3:\u00a0<q>El mundo de la m\u00fasica y la cultura latinoamericana y caribe\u00f1a ha perdido a un grande de la trova. Sus hermosas letras y su canto trascender\u00e1n a la inmortalidad. Mis condolencias a sus familiares y al pueblo cubano<\/q>.<\/p>\n<p class=\"sumario\">Bellos gestos de amor<\/p>\n<p class=\"s-s\">Hayd\u00e9e Milan\u00e9s, hija del trovador, sostuvo:\u00a0<q>No tengo palabras para agradecerles los bellos y sinceros gestos de amor hacia mi padre. A todo su pueblo y su gente que hoy lo llora, quiero decirle que todo el amor que sienten por \u00e9l, es el mismo amor que \u00e9l sent\u00eda por ustedes<\/q>. Inform\u00f3 que en el lugar que estableci\u00f3 su espacio,\u00a0<q>donde fue feliz grabando su m\u00fasica para Cuba y el mundo los pasados 25 a\u00f1os, se abri\u00f3 un libro de condolencias para todo el que quisiera pasar. Calle 11 entre i y j, Vedado. Los amo, gracias<\/q>.<\/p>\n<p>En la p\u00e1gina oficial del m\u00fasico se menciona que, adem\u00e1s de la gira que realizaba por Espa\u00f1a, compon\u00eda temas que ten\u00eda previsto grabar con su guitarra y, hasta hace unos meses, trabajaba en la producci\u00f3n de un \u00e1lbum con temas de su repertorio, en salsa.<\/p>\n<p>Tras recibir dos Grammy Latinos en 2006, y un Grammy a la excelencia musical en 2015, Milan\u00e9s contin\u00fao componiendo, grabando como solista y colaborando con m\u00fasicos, en especial j\u00f3venes. Recientemente, el sello Universal Music Spain public\u00f3 su cat\u00e1logo musical (\u00a0<a href=\"https:\/\/umusices.lnk.to\/PabloMilanes\" target=\"_blank\" rel=\"noopener\">https:\/\/umusices.lnk.to\/PabloMilanes<\/a>), compuesto por m\u00e1s de 400 canciones.<\/p>\n<p>Ayer, canciones de Milan\u00e9s inundaron el Pabell\u00f3n Cuba en La Habana en sentido homenaje.<\/p>\n<p>Pepe Ordaz, Pancho Amat, Heydi Igualada, Eduardo Sosa, Ray Fern\u00e1ndez, Abel Acosta, Ra\u00fal Torres, Adri\u00e1n Berazain, Erick M\u00e9ndez y Tato Ayres, estuvieron entre los muchos m\u00fasicos que solicitaron participar en el tributo.<\/p>\n<p>Erick M\u00e9ndez record\u00f3 que el autor de\u00a0<em>Yolanda<\/em>\u00a0no s\u00f3lo fue un gran artista, sino un gran ser humano que ayud\u00f3 a muchos j\u00f3venes m\u00fasicos, pag\u00e1ndoles la grabaci\u00f3n de discos y la promoci\u00f3n de su obra.<\/p>\n<p>Los amantes de su m\u00fasica se congregaron en el c\u00e9ntrico espacio para corear los temas emblem\u00e1ticos de Pablito, como lo llamaba su pueblo.<\/p>\n<p>(Con informaci\u00f3n de agencias)<\/p>\n<\/div>\n<\/div>\n","protected":false},"excerpt":{"rendered":"<p>Te conoc\u00ed pegado a la pared del cielo&#8230;, dice Silvio Rodr\u00edguez a Pablo en canci\u00f3n in\u00e9dita Cuba y parte de AL lloran la muerte del cantautor, voz inseparable de la banda sonora de numerosas generaciones\u00bb Ana M\u00f3nica Rodr\u00edguez La Jornada Pablo Milan\u00e9s parti\u00f3 provocando un profundo pesar. Las voces resonaron, se multiplicaron para despedirlo y [&hellip;]<\/p>\n","protected":false},"author":249,"featured_media":30263,"comment_status":"open","ping_status":"closed","sticky":false,"template":"","format":"standard","meta":{"footnotes":""},"categories":[26],"tags":[],"class_list":["post-30262","post","type-post","status-publish","format-standard","has-post-thumbnail","hentry","category-mundo"],"_links":{"self":[{"href":"https:\/\/eloficiodehistoriar.com.mx\/index.php?rest_route=\/wp\/v2\/posts\/30262","targetHints":{"allow":["GET"]}}],"collection":[{"href":"https:\/\/eloficiodehistoriar.com.mx\/index.php?rest_route=\/wp\/v2\/posts"}],"about":[{"href":"https:\/\/eloficiodehistoriar.com.mx\/index.php?rest_route=\/wp\/v2\/types\/post"}],"author":[{"embeddable":true,"href":"https:\/\/eloficiodehistoriar.com.mx\/index.php?rest_route=\/wp\/v2\/users\/249"}],"replies":[{"embeddable":true,"href":"https:\/\/eloficiodehistoriar.com.mx\/index.php?rest_route=%2Fwp%2Fv2%2Fcomments&post=30262"}],"version-history":[{"count":1,"href":"https:\/\/eloficiodehistoriar.com.mx\/index.php?rest_route=\/wp\/v2\/posts\/30262\/revisions"}],"predecessor-version":[{"id":30264,"href":"https:\/\/eloficiodehistoriar.com.mx\/index.php?rest_route=\/wp\/v2\/posts\/30262\/revisions\/30264"}],"wp:featuredmedia":[{"embeddable":true,"href":"https:\/\/eloficiodehistoriar.com.mx\/index.php?rest_route=\/wp\/v2\/media\/30263"}],"wp:attachment":[{"href":"https:\/\/eloficiodehistoriar.com.mx\/index.php?rest_route=%2Fwp%2Fv2%2Fmedia&parent=30262"}],"wp:term":[{"taxonomy":"category","embeddable":true,"href":"https:\/\/eloficiodehistoriar.com.mx\/index.php?rest_route=%2Fwp%2Fv2%2Fcategories&post=30262"},{"taxonomy":"post_tag","embeddable":true,"href":"https:\/\/eloficiodehistoriar.com.mx\/index.php?rest_route=%2Fwp%2Fv2%2Ftags&post=30262"}],"curies":[{"name":"wp","href":"https:\/\/api.w.org\/{rel}","templated":true}]}}