{"id":30269,"date":"2022-11-23T12:11:32","date_gmt":"2022-11-23T18:11:32","guid":{"rendered":"https:\/\/eloficiodehistoriar.com.mx\/?p=30269"},"modified":"2022-11-23T12:11:32","modified_gmt":"2022-11-23T18:11:32","slug":"el-poemario-el-olvido-maravilloso-incluye-fotografias-y-facsimilares-de-rodolfo-usigli","status":"publish","type":"post","link":"https:\/\/eloficiodehistoriar.com.mx\/?p=30269","title":{"rendered":"El poemario \u00abEl olvido maravilloso\u00bb\u00a0incluye fotograf\u00edas y facsimilares de Rodolfo Usigli"},"content":{"rendered":"<div id=\"article-cont\" class=\"main-cont article-cont actuality\">\n<div class=\"cabeza\"><em>El olvido maravilloso<\/em>, recopilaci\u00f3n de 31 poemas in\u00e9ditos de Rodolfo Usigli<\/div>\n<div class=\"sumarios\">\n<p>El tambi\u00e9n diplom\u00e1tico seleccion\u00f3 y conserv\u00f3 por a\u00f1os manuscritos que no pensaba publicar; su hija los encontr\u00f3 en una caja y los mand\u00f3 a la editorial independiente Odradek<\/p>\n<\/div>\n<div id=\"article-text\" class=\"text tbl-forkorts-article\">\n<div class=\"foto\">\n<div class=\"pie-foto\">El poemario <em>El olvido maravilloso<\/em>\u00a0incluye fotograf\u00edas y facsimilares de Rodolfo Usigli, cuya\u00a0<q>inteligencia y sabidur\u00eda eran superiores<\/q>, asegura su hija Lavinia Usigli Casas.<\/div>\n<div class=\"pie-foto\"><\/div>\n<\/div>\n<div class=\"col\">\n<div class=\"credito-autor\">Reyes Mart\u00ednez Torrijos<\/div>\n<div class=\"credito-titulo\"><\/div>\n<div class=\"hemero\">La Jornada<\/p>\n<\/div>\n<p class=\"s-s\"><em>El olvido maravilloso<\/em>, que re\u00fane 31 poemas in\u00e9ditos y manuscritos de Rodolfo Usigli, muestra la faceta l\u00edrica del reconocido dramaturgo. El t\u00edtulo se termin\u00f3 de imprimir el pasado 17 de noviembre, d\u00eda del 117 aniversario del autor de\u00a0<em>El\u00a0<\/em>gesticulador.<\/p>\n<p>En entrevista con\u00a0<em>La Jornada<\/em>, Lavinia Usigli Casas, hija del escritor, relat\u00f3 que el libro se origin\u00f3 en su deseo de hallar entre el legado de su padre\u00a0<q>algo m\u00e1s chiquito, m\u00e1s sencillo. Me encontr\u00e9 que hab\u00eda varios poemas en una caja y los empec\u00e9 a seleccionar y se los mand\u00e9 a Ediciones Odradek<\/q>.<\/p>\n<p>Destac\u00f3 que le\u00a0<q>encant\u00f3 la idea de que se publicar\u00e1 su letra manuscrita. Mi pap\u00e1 escrib\u00eda en todos lados, no s\u00f3lo en la servilletas, sino tambi\u00e9n en papeles que ten\u00eda a la mano. Me fascin\u00f3 c\u00f3mo tachaba y volv\u00eda escribir. Trabajamos en esto desde septiembre de 2021<\/q>.<\/p>\n<p>Inform\u00f3 que los herederos est\u00e1n en tratos con el Fondo de Cultura Econ\u00f3mica, que el pr\u00f3ximo a\u00f1o editar\u00e1\u00a0<em>Ensayo de un crimen\u00a0<\/em>y\u00a0<em>El gesticulador<\/em>,\u00a0<q>pero necesitamos que lo de mi pap\u00e1 sea m\u00e1s popular, no nada m\u00e1s para los especialistas. Las obras pol\u00edticas son interesantes para que la gente conozca de ese M\u00e9xico que ahora se est\u00e1 depurando. Espero<\/q>.<\/p>\n<p class=\"sumario\">El guardador<\/p>\n<p class=\"s-s\">Usigli Casas record\u00f3 que la mayor\u00eda del archivo de Rodolfo Usigli se encuentra en la Universidad de Miami, en Oxford, Ohio.\u00a0<q>Cuando muri\u00f3, dej\u00f3 toneladas de cajas. Era impresionante todo lo que guardaba mi padre y por a\u00f1os estuvo cargando sus manuscritos<\/q>.<\/p>\n<p>Cuando revis\u00f3 los documentos que todav\u00eda conserva, \u201cvi que quedaban poemas de mi pap\u00e1. Tengo el libro que edit\u00f3 la UNAM, con pr\u00f3logo de Jos\u00e9 Emilio Pacheco (el poemario\u00a0<em>Tiempo y memoria en conversaci\u00f3n desesperada<\/em>). Yo quer\u00eda buscar algo m\u00e1s chiquito, m\u00e1s sencillo\u201d.<\/p>\n<p>Afirm\u00f3 que le gust\u00f3 la portada de\u00a0<em>El olvido maravilloso\u00a0<\/em>con una foto\u00a0<em>\u201c<\/em>de mi pap\u00e1 de 14 a\u00f1os en el barrio de San Juan de Letr\u00e1n, en el Centro, porque mi pap\u00e1 empez\u00f3 a escribir muy joven. Naci\u00f3 con el don, el car\u00e1cter de escritor\u201d.<\/p>\n<p>El t\u00edtulo proviene del soneto que inicia con:\u00a0<q>El olvido es maravilloso, \/ es un estado de pureza \/ en que hace un \u00e1ngel la limpieza \/ de nuestro tedio a nuestro gozo<\/q>.<\/p>\n<p>Lavinia Usigli refiri\u00f3 que \u201cahora que me he dado este tiempo para revisar los escritos y los documentos, hay mucha informaci\u00f3n relevante. En una cronolog\u00eda que publicaron de mi pap\u00e1 hay muchos errores que fui descubriendo gracias a su escritos.<\/p>\n<p><q>La inteligencia de mi padre y su sabidur\u00eda eran superiores. Entonces, entiendo la envidia. Hizo una gran labor cultural. No se sabe, pero no s\u00f3lo escrib\u00eda por \u00e9l, como hac\u00edan muchos, mi pap\u00e1 pensaba en qu\u00e9 necesit\u00e1bamos en el pa\u00eds.<\/q><\/p>\n<p>En ese sentido,\u00a0<q>el momento que estamos viviendo, todo lo que est\u00e1 haciendo nuestro Presidente y la cuesti\u00f3n de la corrupci\u00f3n me han llevado a releer la obra de mi padre, porque \u00e9l hace a\u00f1os describi\u00f3 c\u00f3mo eran los pol\u00edticos y sus grandes negocios. Los di\u00e1logos son largos pero dicen muchas verdades<\/q>.<\/p>\n<p>Marco Antonio Cuevas, coordinador editorial de Odradek, explic\u00f3 que\u00a0<em>El olvido maravilloso\u00a0<\/em>incluye\u00a0<q>fotograf\u00edas de Usigli y facsimilares, porque muchos eran poemas escritos por \u00e9l mismo en hojas sueltas o membretadas de hoteles<\/q>.<\/p>\n<p>La tem\u00e1tica, contin\u00fao el editor, es muy variada, al reunir poemas fechados entre los a\u00f1os 30 y 70. Organizado en dos grandes apartados: el primero con los textos mecanografiados del tambi\u00e9n diplom\u00e1tico y otro con los manuscritos, que en su mayor\u00eda son sonetos y con algunos dibujos.<\/p>\n<p><q>Tiene varios poemas que dedic\u00f3 a amistades que, como diplom\u00e1tico, conoci\u00f3 en Sudam\u00e9rica; por ejemplo, a Rub\u00e9n Dar\u00edo. Canciones y sonetos. Aborda temas de la creaci\u00f3n po\u00e9tica que, nos cuenta Lavinia, escrib\u00eda durante sus viajes. Algunos no los compil\u00f3 por considerar que eran m\u00e1s cotidianos y no los consideraba po\u00e9tica.<\/q><\/p>\n<p>En la segunda parte\u00a0<q>tiene m\u00e1s variedad en cuanto a los temas, pero abunda la obra po\u00e9tica, de c\u00f3mo se observa \u00e9l como poeta. En contraste con la dramaturgia, por lo que es m\u00e1s reconocido, su obra po\u00e9tica es prol\u00edfica, pero no es tan conocida. Hay esa vena de temas trascendentes junto a la otra de m\u00e1s cotidianidad, con las amistades, los viajes, cosas que ve. Usigili hizo una selecci\u00f3n de esos poemas, aunque no pensaba publicarlos en alg\u00fan lado<\/q>.<\/p>\n<p>El poemario\u00a0<em>El olvido maravilloso\u00a0<\/em>se puede adquirir a trav\u00e9s de la p\u00e1gina en Facebook de la editorial independiente Odradek.<\/p>\n<\/div>\n<\/div>\n<div class=\"go gui\">\n<div class=\"go-next\"><\/div>\n<div class=\"go-up\"><\/div>\n<\/div>\n<\/div>\n<div id=\"taboola-below-content-thumbnails\" class=\" trc_related_container trc_spotlight_widget tbl-feed-container tbl-feed-frame-DIVIDER  render-late-effect\" data-feed-container-num=\"1\" data-feed-main-container-id=\"taboola-below-content-thumbnails\" data-parent-placement-name=\"Below Content Thumbnails\" data-pub-lang=\"es\">\n<div class=\" tbl-feed-header tbl-logo-right-position\">\n<div class=\"tbl-feed-header-logo\"><\/div>\n<\/div>\n<\/div>\n","protected":false},"excerpt":{"rendered":"<p>El olvido maravilloso, recopilaci\u00f3n de 31 poemas in\u00e9ditos de Rodolfo Usigli El tambi\u00e9n diplom\u00e1tico seleccion\u00f3 y conserv\u00f3 por a\u00f1os manuscritos que no pensaba publicar; su hija los encontr\u00f3 en una caja y los mand\u00f3 a la editorial independiente Odradek El poemario El olvido maravilloso\u00a0incluye fotograf\u00edas y facsimilares de Rodolfo Usigli, cuya\u00a0inteligencia y sabidur\u00eda eran superiores, [&hellip;]<\/p>\n","protected":false},"author":249,"featured_media":30270,"comment_status":"open","ping_status":"closed","sticky":false,"template":"","format":"standard","meta":{"footnotes":""},"categories":[26],"tags":[],"class_list":["post-30269","post","type-post","status-publish","format-standard","has-post-thumbnail","hentry","category-mundo"],"_links":{"self":[{"href":"https:\/\/eloficiodehistoriar.com.mx\/index.php?rest_route=\/wp\/v2\/posts\/30269","targetHints":{"allow":["GET"]}}],"collection":[{"href":"https:\/\/eloficiodehistoriar.com.mx\/index.php?rest_route=\/wp\/v2\/posts"}],"about":[{"href":"https:\/\/eloficiodehistoriar.com.mx\/index.php?rest_route=\/wp\/v2\/types\/post"}],"author":[{"embeddable":true,"href":"https:\/\/eloficiodehistoriar.com.mx\/index.php?rest_route=\/wp\/v2\/users\/249"}],"replies":[{"embeddable":true,"href":"https:\/\/eloficiodehistoriar.com.mx\/index.php?rest_route=%2Fwp%2Fv2%2Fcomments&post=30269"}],"version-history":[{"count":1,"href":"https:\/\/eloficiodehistoriar.com.mx\/index.php?rest_route=\/wp\/v2\/posts\/30269\/revisions"}],"predecessor-version":[{"id":30271,"href":"https:\/\/eloficiodehistoriar.com.mx\/index.php?rest_route=\/wp\/v2\/posts\/30269\/revisions\/30271"}],"wp:featuredmedia":[{"embeddable":true,"href":"https:\/\/eloficiodehistoriar.com.mx\/index.php?rest_route=\/wp\/v2\/media\/30270"}],"wp:attachment":[{"href":"https:\/\/eloficiodehistoriar.com.mx\/index.php?rest_route=%2Fwp%2Fv2%2Fmedia&parent=30269"}],"wp:term":[{"taxonomy":"category","embeddable":true,"href":"https:\/\/eloficiodehistoriar.com.mx\/index.php?rest_route=%2Fwp%2Fv2%2Fcategories&post=30269"},{"taxonomy":"post_tag","embeddable":true,"href":"https:\/\/eloficiodehistoriar.com.mx\/index.php?rest_route=%2Fwp%2Fv2%2Ftags&post=30269"}],"curies":[{"name":"wp","href":"https:\/\/api.w.org\/{rel}","templated":true}]}}