{"id":30272,"date":"2022-11-23T12:22:43","date_gmt":"2022-11-23T18:22:43","guid":{"rendered":"https:\/\/eloficiodehistoriar.com.mx\/?p=30272"},"modified":"2022-11-23T12:22:43","modified_gmt":"2022-11-23T18:22:43","slug":"sarita-catedral-dice-que-en-el-pasado-el-recinto-se-llenaba-de-musica-y-canto-para-santa-cecilia","status":"publish","type":"post","link":"https:\/\/eloficiodehistoriar.com.mx\/?p=30272","title":{"rendered":"\u00abSarita Catedral\u00bb dice:  que en el pasado el recinto se llenaba de m\u00fasica y canto para Santa Cecilia"},"content":{"rendered":"<div>\n<h1 class=\"title\">M\u00fasicos se olvidaron de cantarle las ma\u00f1anitas a Santa Cecilia, \u00bfpor qu\u00e9?<\/h1>\n<\/div>\n<h3 class=\"subtitle\">\u00abSarita Catedral\u00bb religiosa que brinda sus servicios en la Catedral de Xalapa platic\u00f3 que en el pasado el recinto se llenaba de m\u00fasica y canto, pero este a\u00f1o todo fue diferente<\/h3>\n<div class=\"lead-gallery \">\n<div class=\"teaser  owl-carousel owl-theme\">\n<div class=\"owl-wrapper-outer\">\n<div class=\"owl-wrapper\">\n<div class=\"owl-item\">\n<div class=\"img-container picture\">\n<div id=\"standard_1\" class=\"st-placement standard_1 inImage\">\n<div class=\"st-adunit st-adunit-tagged st-reset st-show\">\n<div class=\"st-adunit-ad st-reset\">La Catedral de Xalapa, un lugar que tiene muchas historias, entre ellas, la de la Santas Olvidadas, \u00bflas conoces?<\/div>\n<\/div>\n<\/div>\n<\/div>\n<\/div>\n<\/div>\n<\/div>\n<\/div>\n<\/div>\n<div id=\"affix-share\" class=\"sharing-menu affix\">\n<ul>\n<li>Maribel S\u00e1nchez<\/li>\n<li>Diario de Xalapa<\/li>\n<\/ul>\n<\/div>\n<div class=\"content-body clearfix \">\n<div id=\"content-body-225-9227570\">\n<p><b>En el olvido<\/b>, as\u00ed pas\u00f3 la ma\u00f1ana del 22 de noviembre\u00a0<b>Santa Cecilia<\/b>, la\u00a0<b>patrona de los m\u00fasicos<\/b>\u00a0que en a\u00f1os anteriores atra\u00eda desde temprana hora a cantantes e instrumentistas, quienes en la catedral de Xalapa hac\u00edan sonar las Ma\u00f1anitas y lo mejor de su repertorio.<\/p>\n<p>Este fue un D\u00eda del M\u00fasico distinto, dice\u00a0<b>\u201cSarita Catedral\u201d<\/b>,\u00a0<b>la religiosa que durante 31 a\u00f1os ha brindado varios servicios en el recinto<\/b>. Justifica la inasistencia y cree que m\u00e1s adelante se le festejar\u00e1. Dice tener tambi\u00e9n fe en que alg\u00fan d\u00eda se note que hay otra imagen olvidada, la de Santa Teodora.<\/p>\n<\/div>\n<\/div>\n<div class=\"advertisment \"><\/div>\n<article class=\"content-continued-body clearfix \">\n<div id=\"content-body-5851641-9227570\">\n<ul>\n<li><\/li>\n<\/ul>\n<p>A Sarita\u00a0<b>le ha tocado verlo de cerca<\/b>:\u00a0<b>las santas tambi\u00e9n son olvidadas o hasta desplazadas<\/b>. A Santa Cecilia, enmarcada en un cuadro de madera, solo se le da un lugar especial el 22 de noviembre.<\/p>\n<p>\u201c<i>Los tiempos cambian y las personas tienen otras cosas que hacer entre semana<\/i>\u201d, dice uno de los sacristanes de la Catedral en alusi\u00f3n a la falta de visitantes.<\/p>\n<div id=\"standard_12\" class=\"st-placement standard_12 inArticle\">\n<div class=\"st-adunit-inarticle st-inarticle-slot\">\n<div class=\"st-adunit st-adunit-tagged st-reset st-show\">\n<div class=\"st-adunit-ad st-reset\"><b>M\u00e1s all\u00e1 de la coincidencia del partido de la Selecci\u00f3n Nacional en Qatar<\/b>,\u00a0<b>el tr\u00e1fico o la econom\u00eda<\/b>, que hace que los m\u00fasicos tengan otros trabajos que cumplir, la realidad es que Santa Cecilia no tuvo la gran cantidad de m\u00fasica que en se\u00f1al de gratitud recib\u00eda antes.<\/div>\n<\/div>\n<\/div>\n<\/div>\n<p>En cambio,\u00a0<b>las redes sociales de m\u00fasicos se llenaron de mensajes, im\u00e1genes y felicitaciones<\/b>. El festejo y apapacho fue digital\u2026<\/p>\n<h2><b>Santa Teodora<\/b><\/h2>\n<p>El olvido es f\u00e1cil, dice \u201cSarita Catedral\u201d,\u00a0<b>quien a sus 72 a\u00f1os comparte detalles de otra santa<\/b>,\u00a0<b>virgen y m\u00e1rtir<\/b>,\u00a0<b>Teodora<\/b>, de quien asegura,\u00a0<b>su historia es incierta<\/b>, aunque s\u00ed\u00a0<b>se le atribuyen milagros de curaci\u00f3n de distintas enfermedades<\/b>.<\/p>\n<div class=\"local\nmedia \"><\/p>\n<div class=\"teaser \">\n<div class=\"img-container picture\">\n<div id=\"standard_9\" class=\"st-placement standard_9 inImageRestricted\">\n<div class=\"st-adunit st-adunit-tagged st-reset st-show\">\n<div class=\"st-adunit-ad st-reset\">\n<div class=\"st-reset render-mode-normal\">\n<div class=\"st-video-creative st-reset\">\n<div class=\"video-creative-container st-reset\">Santa Teodora es otra santa, virgen y m\u00e1rtir, su historia es incierta, pero se le atribuyen milagros de curaci\u00f3n | Foto: Ren\u00e9 Corrales | Diario de Xalapa<\/div>\n<\/div>\n<\/div>\n<\/div>\n<\/div>\n<\/div>\n<\/div>\n<\/div>\n<\/div>\n<p>Informaci\u00f3n de\u00a0<b>Ram\u00f3n Rabre indica que los archivos hist\u00f3ricos fueron destruidos en la \u00e9poca cristera<\/b>, pero se sabe que en el siglo XIX hab\u00eda una imagen que guardaba las reliquias de la santa, pero \u201cfue profanada, destrozada en p\u00fablico y las reliquias escarnecidas\u201d.<\/p>\n<p>El objetivo\u00a0<b>era que el pueblo se diera cuenta que no hab\u00eda un cuerpo incorrupto sino un armaz\u00f3n de alambre y distintos materiales<\/b>. Las reliquias nuevamente fueron reunidas y se cre\u00f3 una imagen yacente, que fue colocada dentro de un sarc\u00f3fago de cristal.<\/p>\n<p>Santa Teodora\u00a0<b>lleg\u00f3 a tener su propia capilla<\/b>, pero\u00a0<b>la sacaron de all\u00ed\u00a0<\/b>porque hab\u00eda llegado un nuevo habitante:\u00a0<b>San Rafael Gu\u00edzar y Valencia<\/b>.<\/p>\n<div class=\"local\nmedia \"><\/p>\n<div class=\"teaser \">\n<div class=\"img-container picture\">\n<div id=\"standard_10\" class=\"st-placement standard_10 inImage\">\n<div class=\"st-adunit st-adunit-tagged st-reset st-show\">\n<div class=\"st-adunit-ad st-reset\">\n<div class=\"st-display-render st-reset\">\n<div class=\"st-reset\">\n<div class=\"important-styled st-canvas-container direct Full contextual-impact-display fssquz2\">\n<div class=\"important-styled st-canvas-el fhxwyqa\">\n<div class=\"important-styled st-canvas-container undefined fssquz2\">\n<div class=\"important-styled st-canvas-el fhxwyqa\">\n<div class=\"important-styled st-canvas-container undefined fssquz2\">\n<div class=\"important-styled st-canvas-el fhxwyqa\">\n<div class=\"important-styled f1fsesdk\">\n<div class=\"important-styled display-render-wrapper f1fsesdk\">Santa Cecilia, la patrona de los m\u00fasicos que este a\u00f1o no recibi\u00f3 su acostumbrada celebraci\u00f3n acompa\u00f1ada por \u00abLas ma\u00f1anitas\u00bb<\/div>\n<\/div>\n<\/div>\n<\/div>\n<\/div>\n<\/div>\n<\/div>\n<\/div>\n<\/div>\n<\/div>\n<\/div>\n<\/div>\n<\/div>\n<\/div>\n<\/div>\n<\/div>\n<p>La imagen yacente de la m\u00e1rtir\u00a0<b>ha estado en distintos sitios de la Catedral<\/b>. Hoy se le puede ver en la lateral de derecha.<\/p>\n<p>Ram\u00f3n Rabre anota que\u00a0<b>a Santa Teodora la llaman \u00abdos veces m\u00e1rtir\u00bb<\/b>, por el martirio en vida, fue degollada, y por la profanaci\u00f3n, pero apunta que es tres veces m\u00e1rtir.<\/p>\n<p><span class=\"quote\">Por el ninguneo que han tenido las santas reliquias en aras de la devoci\u00f3n a otro santo, una situaci\u00f3n que comparte con no pocos corposantos<\/span><\/p>\n<p>Sea por el tema\u00a0<b>religioso o hist\u00f3rico est\u00e1 la invitaci\u00f3n abierta<\/b><\/p>\n<\/div>\n<\/article>\n","protected":false},"excerpt":{"rendered":"<p>M\u00fasicos se olvidaron de cantarle las ma\u00f1anitas a Santa Cecilia, \u00bfpor qu\u00e9? \u00abSarita Catedral\u00bb religiosa que brinda sus servicios en la Catedral de Xalapa platic\u00f3 que en el pasado el recinto se llenaba de m\u00fasica y canto, pero este a\u00f1o todo fue diferente La Catedral de Xalapa, un lugar que tiene muchas historias, entre ellas, [&hellip;]<\/p>\n","protected":false},"author":249,"featured_media":30273,"comment_status":"open","ping_status":"closed","sticky":false,"template":"","format":"standard","meta":{"footnotes":""},"categories":[26],"tags":[],"class_list":["post-30272","post","type-post","status-publish","format-standard","has-post-thumbnail","hentry","category-mundo"],"_links":{"self":[{"href":"https:\/\/eloficiodehistoriar.com.mx\/index.php?rest_route=\/wp\/v2\/posts\/30272","targetHints":{"allow":["GET"]}}],"collection":[{"href":"https:\/\/eloficiodehistoriar.com.mx\/index.php?rest_route=\/wp\/v2\/posts"}],"about":[{"href":"https:\/\/eloficiodehistoriar.com.mx\/index.php?rest_route=\/wp\/v2\/types\/post"}],"author":[{"embeddable":true,"href":"https:\/\/eloficiodehistoriar.com.mx\/index.php?rest_route=\/wp\/v2\/users\/249"}],"replies":[{"embeddable":true,"href":"https:\/\/eloficiodehistoriar.com.mx\/index.php?rest_route=%2Fwp%2Fv2%2Fcomments&post=30272"}],"version-history":[{"count":1,"href":"https:\/\/eloficiodehistoriar.com.mx\/index.php?rest_route=\/wp\/v2\/posts\/30272\/revisions"}],"predecessor-version":[{"id":30274,"href":"https:\/\/eloficiodehistoriar.com.mx\/index.php?rest_route=\/wp\/v2\/posts\/30272\/revisions\/30274"}],"wp:featuredmedia":[{"embeddable":true,"href":"https:\/\/eloficiodehistoriar.com.mx\/index.php?rest_route=\/wp\/v2\/media\/30273"}],"wp:attachment":[{"href":"https:\/\/eloficiodehistoriar.com.mx\/index.php?rest_route=%2Fwp%2Fv2%2Fmedia&parent=30272"}],"wp:term":[{"taxonomy":"category","embeddable":true,"href":"https:\/\/eloficiodehistoriar.com.mx\/index.php?rest_route=%2Fwp%2Fv2%2Fcategories&post=30272"},{"taxonomy":"post_tag","embeddable":true,"href":"https:\/\/eloficiodehistoriar.com.mx\/index.php?rest_route=%2Fwp%2Fv2%2Ftags&post=30272"}],"curies":[{"name":"wp","href":"https:\/\/api.w.org\/{rel}","templated":true}]}}