{"id":30276,"date":"2022-11-24T12:16:37","date_gmt":"2022-11-24T18:16:37","guid":{"rendered":"https:\/\/eloficiodehistoriar.com.mx\/?p=30276"},"modified":"2022-11-24T12:16:37","modified_gmt":"2022-11-24T18:16:37","slug":"en-el-salon-miguel-de-cervantes-la-capilla-ardiente-a-pablo-milanes","status":"publish","type":"post","link":"https:\/\/eloficiodehistoriar.com.mx\/?p=30276","title":{"rendered":"En el sal\u00f3n Miguel de Cervantes, la capilla ardiente a Pablo Milan\u00e9s"},"content":{"rendered":"<div class=\"cabeza\"><q>Gracias por tanto, Pablo<\/q>, exclaman en la capilla ardiente de Milan\u00e9s, en Espa\u00f1a<\/div>\n<div class=\"sumarios\"><\/div>\n<div id=\"article-text\" class=\"text tbl-forkorts-article\">\n<div class=\"foto\">\n<div class=\"pie-foto\">En la Casa de Am\u00e9rica, en Madrid, cientos de cubanos y personas de diferentes nacionalidades despidieron al poeta y cantautor isle\u00f1o.<\/div>\n<\/div>\n<div class=\"foto\">\n<div class=\"pie-foto\"><span class=\"credito\">Ap<\/span><\/div>\n<div><\/div>\n<\/div>\n<div class=\"col\">\n<div class=\"credito-autor\">Armando G. Tejeda<\/div>\n<div class=\"credito-titulo\"><\/div>\n<div class=\"hemero\">La Jornada<\/p>\n<\/div>\n<p class=\"s-s\">Madrid.<\/p>\n<p class=\"s-s\">En la Casa de Am\u00e9rica en Madrid, en el sal\u00f3n Miguel de Cervantes, se instal\u00f3 la capilla ardiente del poeta y m\u00fasico cubano Pablo Milan\u00e9s, quien muri\u00f3 en un hospital mientras recib\u00eda tratamiento para superar el agresivo c\u00e1ncer que padec\u00eda.<\/p>\n<p>El escenario era sencillo: en el centro, su f\u00e9retro de madera; a un costado, su guitarra, de pie \u2013como a la espera de que la levantara y se pusiera a tocar\u2013, y a unos cent\u00edmetros del instrumento una foto en blanco y negro del artista, sonriente, con su mirada penetrante y tierna. Miles de personas fueron pasando para darle el \u00faltimo adi\u00f3s y rendir homenaje a uno de los cantautores m\u00e1s admirados y queridos.<\/p>\n<p>El f\u00e9retro lleg\u00f3 a la sede de la Casa de Am\u00e9rica un poco antes de las 10 de la ma\u00f1ana. De inmediato lo subieron a la primera planta del edificio central para ser expuesto en el sal\u00f3n Cervantes. Poco a poco fueron llegando las coronas de flores, que hicieron una especie de guardia de honor, rodeando de rosas y gladiolas blancas. Entre los primeros arreglos estaban los de su propia familia; sus amigos de Galicia; la \u00faltima esposa de Pablo Milan\u00e9s, Nancy P\u00e9rez, una historiadora gallega, de Vigo, con quien tuvo dos hijas; el Ballet Nacional de Cuba; su casa discogr\u00e1fica, Sony Music; el grupo de m\u00fasica Luar na Lumbre, as\u00ed como una corona de su entra\u00f1able amigo Joaqu\u00edn Sabina y la pareja de \u00e9ste, Jimena.<\/p>\n<p>En el sal\u00f3n, adem\u00e1s de focos, las cortinas entreabiertas dejaban pasar alg\u00fan resquicio de luz en un d\u00eda lluvioso y gris. No hab\u00eda m\u00fasica, as\u00ed que el silencio s\u00f3lo se romp\u00eda con sollozos, gritos de rabia y palabras de admiraci\u00f3n:\u00a0<q>Ah\u00ed te dejo unas flores, querido Pablo<\/q>,\u00a0<q>gracias por tanto, poeta<\/q>\u00a0o\u00a0<q>te amo, Pablo<\/q>.<\/p>\n<p>Su viuda, sus dos hijas, sobrinos y dos nietos estaban en una sala contigua, donde fueron recibiendo las condolencias de personajes y amigos que formaron parte de la vida de Pablo, como Silvio Rodr\u00edguez; Fito P\u00e1ez; Ana Bel\u00e9n; Juan Echanove; el ministro de Cultura espa\u00f1ol, Miquel Iceta; Pastora Vega; la viuda de Luis Eduardo Aute, Marichu; la cantante Masiel, y Luis Pastor.<\/p>\n<p>Federico P\u00e9rez Rey, cu\u00f1ado de Pablo Milan\u00e9s, fue el encargado de trasmitir a los medios de comunicaci\u00f3n el agradecimiento de la familia por las muestras de apoyo y el cari\u00f1o con que se estaba despidiendo al poeta. Sobre el destino del cuerpo, inform\u00f3 que el sepelio se har\u00e1 en\u00a0<q>la m\u00e1s estricta intimidad<\/q>; sus restos mortales permanecer\u00e1n\u00a0<q>en Espa\u00f1a<\/q>\u00a0y tambi\u00e9n prefiri\u00f3 mantener en privado si ser\u00e1 cremado o enterrado y si tienen previsto viajar a Cuba para hacer alg\u00fan tipo de despedida en la isla.<\/p>\n<p>Junto al cu\u00f1ado del cantautor, tambi\u00e9n habl\u00f3 uno de sus amigos m\u00e1s cercanos, el m\u00fasico argentino Fito P\u00e1ez, quien explic\u00f3 que\u00a0<q>Milan\u00e9s era una m\u00e1quina de hacer canciones perfectas, no tiene descartables&#8230;<\/q><\/p>\n<p>El cantautor Luis Pastor tambi\u00e9n acudi\u00f3 a despedirse y explic\u00f3 que\u00a0<q>cuando los sue\u00f1os e ilusiones de futuro no se cumplen, dejan un poso de desencanto y te hacen sentir en tierra de nadie, lo que quedar\u00e1 de \u00e9l no ser\u00e1n los postulados pol\u00edticos, sino la magia de su poes\u00eda<\/q>. El actor Juan Echanove, tambi\u00e9n muy amigo suyo, se rompi\u00f3 en llanto al decir:\u00a0<q>ya me hab\u00eda hecho a la idea desde hace unos meses, pero siempre ten\u00eda la sensaci\u00f3n de que Pablo iba a vencerlo otra vez<\/q>.<\/p>\n<p>La cantante Massiel, que ha apareci\u00f3 entre la fila de fans y con quien comparti\u00f3 escenario muchas veces, no pudo contener las l\u00e1grimas al hablar de Milan\u00e9s:\u00a0<q>Era una bolita de amor y sensibilidad<\/q>.<\/p>\n<p class=\"sumario\"><q>Cronista de la patria<\/q><\/p>\n<p class=\"s-s\">Rosa Mart\u00ednez, cubana que vive en Madrid desde hace a\u00f1os, explic\u00f3 su presencia en la despedida:\u00a0<q>Somos casi de la misma generaci\u00f3n, as\u00ed que toda mi adolescencia, mi juventud, transcurri\u00f3 con \u00e9l en mi banda sonora. Para m\u00ed fue important\u00edsimo porque gracias al trabajo que hizo Pablo con la m\u00fasica cubana, incorporando toda la herencia de la vieja trova, de los grandes soneros, a m\u00ed y a mi generaci\u00f3n nos hizo descubrir que esa m\u00fasica era parte de nosotros tambi\u00e9n<\/q>. Con el llanto contenido, esta admiradora de Milan\u00e9s a\u00f1adi\u00f3 que\u00a0<q>Pablo cant\u00f3 al amor, al desamor, al sentimiento, al sentido de pertenencia, a la patria, a las preocupaciones sociales, al sentimiento antibelicista como las que hizo durante la guerra de Vietnam; tambi\u00e9n fue capaz de cantar a su propia realidad, al proceso revolucionario que hubo en Cuba<\/q>.<\/p>\n<p>Emelina tambi\u00e9n es cubana y acudi\u00f3 a despedirse de Milan\u00e9s en Madrid despu\u00e9s de haberlo seguido por el mundo para escuchar sus conciertos.<\/p>\n<p>\u201cCuando Pablo escribe\u00a0<em>Mis 22 a\u00f1os,<\/em>\u00a0yo tengo 10. Ya despu\u00e9s, cuando cumplo 14 o 15 y puedo ir sola a los teatros, no ha habido concierto suyo que me haya perdido estando en Cuba. Siempre fui porque Pablo es como un cronista de nuestra vida, historia, sentimientos; de cantarle a la patria, a la amistad, al amor&#8230; Y crecimos con esas canciones porque llegan al alma.\u201d<\/p>\n<p>Y as\u00ed, por m\u00e1s de cinco horas, el f\u00e9retro de Milan\u00e9s recibi\u00f3 sin cesar la despedida de sus admiradores, amigos y familiares. Una vez concluidas las honras f\u00fanebres, cerca de 50 personas de edades y or\u00edgenes diversos se fundieron en un canto, entonando algunas de las canciones m\u00e1s bellas del cantautor, como\u00a0<em>Yolanda, Para vivir\u00a0<\/em>y<em>\u00a0El breve espacio.<\/em><\/p>\n<\/div>\n<\/div>\n","protected":false},"excerpt":{"rendered":"<p>Gracias por tanto, Pablo, exclaman en la capilla ardiente de Milan\u00e9s, en Espa\u00f1a En la Casa de Am\u00e9rica, en Madrid, cientos de cubanos y personas de diferentes nacionalidades despidieron al poeta y cantautor isle\u00f1o. Ap Armando G. Tejeda La Jornada Madrid. En la Casa de Am\u00e9rica en Madrid, en el sal\u00f3n Miguel de Cervantes, se [&hellip;]<\/p>\n","protected":false},"author":249,"featured_media":30277,"comment_status":"open","ping_status":"closed","sticky":false,"template":"","format":"standard","meta":{"footnotes":""},"categories":[26],"tags":[],"class_list":["post-30276","post","type-post","status-publish","format-standard","has-post-thumbnail","hentry","category-mundo"],"_links":{"self":[{"href":"https:\/\/eloficiodehistoriar.com.mx\/index.php?rest_route=\/wp\/v2\/posts\/30276","targetHints":{"allow":["GET"]}}],"collection":[{"href":"https:\/\/eloficiodehistoriar.com.mx\/index.php?rest_route=\/wp\/v2\/posts"}],"about":[{"href":"https:\/\/eloficiodehistoriar.com.mx\/index.php?rest_route=\/wp\/v2\/types\/post"}],"author":[{"embeddable":true,"href":"https:\/\/eloficiodehistoriar.com.mx\/index.php?rest_route=\/wp\/v2\/users\/249"}],"replies":[{"embeddable":true,"href":"https:\/\/eloficiodehistoriar.com.mx\/index.php?rest_route=%2Fwp%2Fv2%2Fcomments&post=30276"}],"version-history":[{"count":1,"href":"https:\/\/eloficiodehistoriar.com.mx\/index.php?rest_route=\/wp\/v2\/posts\/30276\/revisions"}],"predecessor-version":[{"id":30278,"href":"https:\/\/eloficiodehistoriar.com.mx\/index.php?rest_route=\/wp\/v2\/posts\/30276\/revisions\/30278"}],"wp:featuredmedia":[{"embeddable":true,"href":"https:\/\/eloficiodehistoriar.com.mx\/index.php?rest_route=\/wp\/v2\/media\/30277"}],"wp:attachment":[{"href":"https:\/\/eloficiodehistoriar.com.mx\/index.php?rest_route=%2Fwp%2Fv2%2Fmedia&parent=30276"}],"wp:term":[{"taxonomy":"category","embeddable":true,"href":"https:\/\/eloficiodehistoriar.com.mx\/index.php?rest_route=%2Fwp%2Fv2%2Fcategories&post=30276"},{"taxonomy":"post_tag","embeddable":true,"href":"https:\/\/eloficiodehistoriar.com.mx\/index.php?rest_route=%2Fwp%2Fv2%2Ftags&post=30276"}],"curies":[{"name":"wp","href":"https:\/\/api.w.org\/{rel}","templated":true}]}}