{"id":30279,"date":"2022-11-24T12:25:24","date_gmt":"2022-11-24T18:25:24","guid":{"rendered":"https:\/\/eloficiodehistoriar.com.mx\/?p=30279"},"modified":"2022-11-24T12:25:24","modified_gmt":"2022-11-24T18:25:24","slug":"murio-pablito-no-tenia-mas-que-decir-solo-hay-un-pablito-en-cuba-pablo-milanes","status":"publish","type":"post","link":"https:\/\/eloficiodehistoriar.com.mx\/?p=30279","title":{"rendered":"\u00abMuri\u00f3 Pablito\u00bb. No ten\u00eda m\u00e1s qu\u00e9 decir, s\u00f3lo hay un\u00a0Pablito\u00a0en Cuba: Pablo Milan\u00e9s"},"content":{"rendered":"<div id=\"article-cont\" class=\"main-cont article-cont analysis\">\n<div class=\"cabeza\">Pablo, m\u00fasica de la ilusi\u00f3n<\/div>\n<div class=\"sumarios\"><\/div>\n<div class=\"credito-articulo\">Rosa Miriam Elizalde<\/div>\n<div><\/div>\n<div id=\"article-text\" class=\"text\">\n<div class=\"col col1\">\n<div class=\"inicial\">La cineasta Rebeca\u00a0Ch\u00e1vez, a l\u00e1grima viva, me comentaba la noticia:\u00a0<q>Muri\u00f3 Pablito<\/q>. No ten\u00eda m\u00e1s qu\u00e9 decir, s\u00f3lo hay un\u00a0<q>Pablito<\/q>\u00a0en Cuba, y ella no comenz\u00f3 a llamar a Pablo Milan\u00e9s por el diminutivo de su nombre el otro d\u00eda. Conoci\u00f3 al m\u00fasico cubano en 1971, cuando un peque\u00f1o grupo de j\u00f3venes castigados por cierta ortodoxia \u2013Silvio Rodr\u00edguez, Pablo, Noel Nicola, el historiador Eusebio Leal y ella misma\u2013 fueron acogidos por A\u00edda, la hermana de Hayd\u00e9e Santamar\u00eda.<\/div>\n<p>Hayd\u00e9e, adem\u00e1s de la presidenta de Casa de las Am\u00e9ricas \u2013<q>la casa que m\u00e1s nos ha ayudado a descubrir Am\u00e9rica y las muchas Am\u00e9ricas que Am\u00e9rica contiene<\/q>, dir\u00eda Eduardo Galeano\u2013, fue una de las dos mujeres que participaron en el asalto al Cuartel Moncada de Santiago de Cuba, el 26 julio de 1953, a las \u00f3rdenes de Fidel Castro. Los esbirros del dictador Fulgencio Batista asesinaron a los asaltantes que capturaron vivos, entre ellos a su hermano Abel Santamar\u00eda y a su novio, Boris Luis Santa Coloma, despu\u00e9s de someterlos a espantosas torturas. Cuando Hayd\u00e9e se enter\u00f3 de que aquellos j\u00f3venes trovadores e intelectuales hab\u00edan sido marginados por el sarampi\u00f3n ultra de la primera d\u00e9cada de la revoluci\u00f3n, golpe\u00f3 con su sombrilla en el suelo y dijo:\u00a0<q>Yo fui al Moncada para que estas cosas no volvieran a pasar nunca en Cuba<\/q>.<\/p>\n<p>A partir de ah\u00ed es conocida la historia del entusiasmo progresista que despertaron en Am\u00e9rica Latina los m\u00fasicos que armaron los primeros festivales de la\u00a0<q>canci\u00f3n protesta<\/q>\u00a0en Casa de las Am\u00e9ricas, se nuclearon en el vanguardista Grupo de Experimentaci\u00f3n Sonora del ICAIC y fundaron la nueva trova cubana. El cosmopolitismo de aquellos artistas, que terminaron siendo los m\u00e1s conocidos de la Cuba revolucionaria, no impidi\u00f3 que se alimentaran con la trova tradicional, el\u00a0<em>feeling<\/em>\u00a0y el son, y que asumieran igual audacia a la hora de elegir tem\u00e1tica o de enhebrar la voluntad po\u00e9tica con el lenguaje cotidiano.<\/p>\n<\/div>\n<div class=\"col col2\">\n<p><q>Pero Pablito tambi\u00e9n es el cine<\/q>, murmuraba Rebeca por el tel\u00e9fono. Y efectivamente, las pel\u00edculas cubanas tienen una deuda impagable con Pablo Milan\u00e9s, que muri\u00f3 en la madrugada del martes en Madrid a los 79 a\u00f1os y que pertenece a la lista de autores que pusieron su creatividad, su inspiraci\u00f3n y su heterodoxia al servicio de la industria cinematogr\u00e1fica cubana que no s\u00e9 qu\u00e9 ser\u00eda sin Leo Brouwer, Pablo, Silvio, Sergio y Jos\u00e9 Mar\u00eda Vitier&#8230;<\/p>\n<p>Y s\u00ed, la m\u00fasica de Pablo es patrimonio cultural de una naci\u00f3n, pero existe, a la vez, como una experiencia individual, \u00edntima. Para quienes nacimos despu\u00e9s de 1959 no hay recuerdos que no viajen con la voz del autor de\u00a0<em>Yolanda<\/em>. De su timbre c\u00e1lido y perfecto sal\u00edan los arreglos m\u00e1s dis\u00edmiles: un ensayo de Jos\u00e9 Mart\u00ed, un poema de Cintio Vitier, himnos que se repet\u00edan en todas las marchas del Primero de Mayo, canciones de amor y desamor, letras propias y ajenas, de sabor popular o que daban vueltas sin mucha fortuna hasta que Pablo las inclu\u00eda en un disco o en un concierto. Con todo eso se han armado los retazos de la memoria de mucha gente en m\u00e1s de medio siglo. En Cuba no hay nada que compita con la inmediatez del recuerdo asociado a una canci\u00f3n de Pablo Milan\u00e9s, a excepci\u00f3n quiz\u00e1s de ciertos sabores y olores de la infancia.<\/p>\n<p>Pablo ha muerto y nos dicen que \u00e9l era un s\u00edmbolo del desencanto, como si la vida de un trovador tan prol\u00edfico y esencial que se ha desdoblado en la emoci\u00f3n de millones de personas se pudiera reducir a una sola palabra, tan reseca como una mariposa clavada en un alfiler. Como si este sentimiento de p\u00e9rdida que ha consternado a toda Cuba y que contagia las l\u00e1grimas de Rebeca Ch\u00e1vez no tuviera que ver con el encanto de la m\u00fasica y las ilusiones que Pablito inspir\u00f3 en este pa\u00eds.<\/p>\n<p class=\"email\">\n<\/div>\n<\/div>\n<div class=\"go gui\">\n<div class=\"go-up\"><\/div>\n<\/div>\n<\/div>\n<div id=\"taboola-below-content-thumbnails\" class=\" trc_related_container trc_spotlight_widget tbl-feed-container tbl-feed-frame-DIVIDER  render-late-effect\" data-feed-container-num=\"1\" data-feed-main-container-id=\"taboola-below-content-thumbnails\" data-parent-placement-name=\"Below Content Thumbnails\" data-pub-lang=\"es\">\n<div class=\" tbl-feed-header tbl-logo-right-position\">\n<div class=\"tbl-feed-header-logo\"><\/div>\n<\/div>\n<\/div>\n","protected":false},"excerpt":{"rendered":"<p>Pablo, m\u00fasica de la ilusi\u00f3n Rosa Miriam Elizalde La cineasta Rebeca\u00a0Ch\u00e1vez, a l\u00e1grima viva, me comentaba la noticia:\u00a0Muri\u00f3 Pablito. No ten\u00eda m\u00e1s qu\u00e9 decir, s\u00f3lo hay un\u00a0Pablito\u00a0en Cuba, y ella no comenz\u00f3 a llamar a Pablo Milan\u00e9s por el diminutivo de su nombre el otro d\u00eda. Conoci\u00f3 al m\u00fasico cubano en 1971, cuando un peque\u00f1o [&hellip;]<\/p>\n","protected":false},"author":249,"featured_media":30280,"comment_status":"open","ping_status":"closed","sticky":false,"template":"","format":"standard","meta":{"footnotes":""},"categories":[26],"tags":[],"class_list":["post-30279","post","type-post","status-publish","format-standard","has-post-thumbnail","hentry","category-mundo"],"_links":{"self":[{"href":"https:\/\/eloficiodehistoriar.com.mx\/index.php?rest_route=\/wp\/v2\/posts\/30279","targetHints":{"allow":["GET"]}}],"collection":[{"href":"https:\/\/eloficiodehistoriar.com.mx\/index.php?rest_route=\/wp\/v2\/posts"}],"about":[{"href":"https:\/\/eloficiodehistoriar.com.mx\/index.php?rest_route=\/wp\/v2\/types\/post"}],"author":[{"embeddable":true,"href":"https:\/\/eloficiodehistoriar.com.mx\/index.php?rest_route=\/wp\/v2\/users\/249"}],"replies":[{"embeddable":true,"href":"https:\/\/eloficiodehistoriar.com.mx\/index.php?rest_route=%2Fwp%2Fv2%2Fcomments&post=30279"}],"version-history":[{"count":1,"href":"https:\/\/eloficiodehistoriar.com.mx\/index.php?rest_route=\/wp\/v2\/posts\/30279\/revisions"}],"predecessor-version":[{"id":30281,"href":"https:\/\/eloficiodehistoriar.com.mx\/index.php?rest_route=\/wp\/v2\/posts\/30279\/revisions\/30281"}],"wp:featuredmedia":[{"embeddable":true,"href":"https:\/\/eloficiodehistoriar.com.mx\/index.php?rest_route=\/wp\/v2\/media\/30280"}],"wp:attachment":[{"href":"https:\/\/eloficiodehistoriar.com.mx\/index.php?rest_route=%2Fwp%2Fv2%2Fmedia&parent=30279"}],"wp:term":[{"taxonomy":"category","embeddable":true,"href":"https:\/\/eloficiodehistoriar.com.mx\/index.php?rest_route=%2Fwp%2Fv2%2Fcategories&post=30279"},{"taxonomy":"post_tag","embeddable":true,"href":"https:\/\/eloficiodehistoriar.com.mx\/index.php?rest_route=%2Fwp%2Fv2%2Ftags&post=30279"}],"curies":[{"name":"wp","href":"https:\/\/api.w.org\/{rel}","templated":true}]}}