{"id":30282,"date":"2022-11-24T12:32:53","date_gmt":"2022-11-24T18:32:53","guid":{"rendered":"https:\/\/eloficiodehistoriar.com.mx\/?p=30282"},"modified":"2022-11-24T12:32:53","modified_gmt":"2022-11-24T18:32:53","slug":"es-un-privilegio-volver-a-ver-los-ojos-de-quienes-se-sientan-en-las-primeras-filas-de-la-mora","status":"publish","type":"post","link":"https:\/\/eloficiodehistoriar.com.mx\/?p=30282","title":{"rendered":"Es un privilegio volver a ver los ojos de quienes se sientan en las primeras filas: De la Mora"},"content":{"rendered":"<div class=\"cabeza\">Es un privilegio volver a ver los ojos de quienes se sientan en las primeras filas: De la Mora<\/div>\n<div class=\"sumarios\">\n<p>El cantante ofrecer\u00e1 en enero un concierto a beneficio de la lucha contra la leucemia \/\/ Espera presentar un disco homenaje a Gonzalo Curiel en Bellas Artes<\/p>\n<\/div>\n<div id=\"article-text\" class=\"text tbl-forkorts-article\">\n<div class=\"foto\">\n<div class=\"pie-foto\">De la Mora cantar\u00e1 temas de Mar\u00eda Grever, Agust\u00edn Lara y Armando Manzanero, entre otros.<\/div>\n<div><\/div>\n<\/div>\n<div class=\"col\">\n<div class=\"credito-autor\">Ana M\u00f3nica Rodr\u00edguez<\/div>\n<div class=\"credito-titulo\"><\/div>\n<div class=\"hemero\">La Jornada<\/p>\n<\/div>\n<p class=\"s-s\">Luego del receso forzoso por la pandemia, el tenor Fernando de la Mora est\u00e1 entusiasmado de rencontrarse\u00a0<q>de nuevo con el escenario y el p\u00fablico<\/q>.<\/p>\n<p>De la Mora habl\u00f3 de su pasi\u00f3n, que es cantar, su orgullo por M\u00e9xico y su gusto por la buena m\u00fasica, a lo cual se suma la labor que realiza cada a\u00f1o con la Fundaci\u00f3n Comparte Vida para recaudar fondos a trav\u00e9s de un concierto altruista.<\/p>\n<p>El int\u00e9rprete, que ha tenido presentaciones en diversos lugares, en entrevista con\u00a0<em>La Jornada,\u00a0<\/em>cont\u00f3:\u00a0<q>Es un privilegio volver a ver los ojos de quienes est\u00e1n en primeras filas; he tenido mucha suerte, pues ya me present\u00e9 en el Festival Alfonso Ortiz Tirado, en la Feria de Le\u00f3n, as\u00ed como en Dallas, Estados Unidos. A final de este a\u00f1o me voy a trabajar a Francia y regreso para el concierto en la Sala Nezahualc\u00f3yotl en apoyo a la Fundaci\u00f3n Comparte Vida<\/q>.<\/p>\n<p>Con una amplia trayectoria, De la Mora record\u00f3:\u00a0<q>Como cantante de \u00f3pera llevo 36 a\u00f1os; empec\u00e9 muy chavo y estoy muy contento de lo que he logrado, de d\u00f3nde he cantado y al pa\u00eds que he representado, porque soy un amante de mi M\u00e9xico lindo y querido<\/q>.<\/p>\n<p>Tambi\u00e9n est\u00e1 a la espera de presentar su disco homenaje a Gonzalo Curiel en el Palacio de Bellas Artes, luego de que tuvo que ser pospuesto por la pandemia.\u00a0<q>Estamos en espera de que se nos vuelva a abrir esa posibilidad, pero comprendo que la situaci\u00f3n no ha sido f\u00e1cil&#8230; Curiel tiene 64 a\u00f1os de fallecido y puede esperar tantito m\u00e1s, pues su m\u00fasica lo amerita, y son 20 canciones gloriosas e inmortales<\/q>.<\/p>\n<p>Desde hace m\u00e1s de 16 a\u00f1os, Fernando de la Mora es socio benefactor de la Fundaci\u00f3n Comparte Vida, con la que prepara cada a\u00f1o un concierto altruista con el fin de recaudar fondos y en solidaridad con el lema:\u00a0<q>T\u00fa puedes dar la oportunidad de vivir en la lucha contra la leucemia<\/q>.<\/p>\n<p class=\"sumario\">Grandes compositores mexicanos<\/p>\n<p class=\"s-s\">La gala ben\u00e9fica, titulada\u00a0<em>Homenaje a los grandes compositores mexicanos,<\/em>\u00a0que encabeza De la Mora, ser\u00e1 el 20 de enero, en la Sala Nezahualc\u00f3yotl de la Universidad Nacional Aut\u00f3noma de M\u00e9xico (UNAM), donde estar\u00e1 acompa\u00f1ado por diversos invitados, as\u00ed como por la Orquesta Juvenil Universitaria Eduardo Mata, dirigida por Gustavo Rivero Weber.<\/p>\n<p>Adem\u00e1s, la fundaci\u00f3n celebrar\u00e1 25 a\u00f1os en su misi\u00f3n de luchar contra la leucemia y otras enfermedades hematol\u00f3gicas o de origen gen\u00e9tico.<\/p>\n<p>En otras ediciones de la gala, han colaborado Susana Zabaleta, Emmanuel, Armando Manzanero, Cecilia Toussaint, Ram\u00f3n Vargas, as\u00ed como los directores de orquesta Rodrigo Mac\u00edas y Enrique Patr\u00f3n de Rueda.<\/p>\n<p>De la Mora record\u00f3 c\u00f3mo empez\u00f3 a colaborar con la fundaci\u00f3n:\u00a0<q>Fue una coincidencia; hace muchos a\u00f1os llegaron a mi oficina a pedir ayuda con el fin de organizar un concierto y recaudar fondos para su causa; la verdad, los vi trabajar tan organizados y con gente comprometida, que al siguiente a\u00f1o se volvi\u00f3 a hacer y as\u00ed sucede hasta la fecha. Con la fundaci\u00f3n he superado mis expectativas<\/q>.<\/p>\n<p>En realidad\u00a0<q>todos estos a\u00f1os han sido de picar piedra en el coraz\u00f3n de las personas, que siempre han respondido de una forma maravillosa, generosa y honorable; adem\u00e1s, no s\u00f3lo es de agradecer a los artistas que nos han acompa\u00f1ado, sino tambi\u00e9n a quienes han comprado sus boletos<\/q>.<\/p>\n<p>El int\u00e9rprete puntualiz\u00f3:\u00a0<q>Se trata de que todos nos pongamos la camiseta de compartidos, honorables y generosos; adem\u00e1s, la gran oportunidad que nos da la buena m\u00fasica es acercarnos al coraz\u00f3n de la gente<\/q>.<\/p>\n<p>De la Mora, a\u00fan sin develar los nombres de los artistas invitados, coment\u00f3 que en la gala se har\u00e1\u00a0<q>buena m\u00fasica entre amigos<\/q>\u00a0con un repertorio que incluir\u00e1\u00a0<q>a los grandes embajadores de M\u00e9xico, que son compositores como Mar\u00eda Grever, Agust\u00edn Lara y Armando Manzanero<\/q>, por mencionar algunos.<\/p>\n<p><em>Homenaje a los grandes compositores mexicanos,<\/em>\u00a0con Fernando de la Mora y artistas invitados, tendr\u00e1 lugar el 20 de enero a las 18:30 horas en el recinto ubicado en el Centro Cultural Universitario de la UNAM. Boletos en Ticketmaster y Fundaci\u00f3n Comparte Vida AC.<\/p>\n<\/div>\n<\/div>\n","protected":false},"excerpt":{"rendered":"<p>Es un privilegio volver a ver los ojos de quienes se sientan en las primeras filas: De la Mora El cantante ofrecer\u00e1 en enero un concierto a beneficio de la lucha contra la leucemia \/\/ Espera presentar un disco homenaje a Gonzalo Curiel en Bellas Artes De la Mora cantar\u00e1 temas de Mar\u00eda Grever, Agust\u00edn [&hellip;]<\/p>\n","protected":false},"author":249,"featured_media":30283,"comment_status":"open","ping_status":"closed","sticky":false,"template":"","format":"standard","meta":{"footnotes":""},"categories":[26],"tags":[],"class_list":["post-30282","post","type-post","status-publish","format-standard","has-post-thumbnail","hentry","category-mundo"],"_links":{"self":[{"href":"https:\/\/eloficiodehistoriar.com.mx\/index.php?rest_route=\/wp\/v2\/posts\/30282","targetHints":{"allow":["GET"]}}],"collection":[{"href":"https:\/\/eloficiodehistoriar.com.mx\/index.php?rest_route=\/wp\/v2\/posts"}],"about":[{"href":"https:\/\/eloficiodehistoriar.com.mx\/index.php?rest_route=\/wp\/v2\/types\/post"}],"author":[{"embeddable":true,"href":"https:\/\/eloficiodehistoriar.com.mx\/index.php?rest_route=\/wp\/v2\/users\/249"}],"replies":[{"embeddable":true,"href":"https:\/\/eloficiodehistoriar.com.mx\/index.php?rest_route=%2Fwp%2Fv2%2Fcomments&post=30282"}],"version-history":[{"count":1,"href":"https:\/\/eloficiodehistoriar.com.mx\/index.php?rest_route=\/wp\/v2\/posts\/30282\/revisions"}],"predecessor-version":[{"id":30284,"href":"https:\/\/eloficiodehistoriar.com.mx\/index.php?rest_route=\/wp\/v2\/posts\/30282\/revisions\/30284"}],"wp:featuredmedia":[{"embeddable":true,"href":"https:\/\/eloficiodehistoriar.com.mx\/index.php?rest_route=\/wp\/v2\/media\/30283"}],"wp:attachment":[{"href":"https:\/\/eloficiodehistoriar.com.mx\/index.php?rest_route=%2Fwp%2Fv2%2Fmedia&parent=30282"}],"wp:term":[{"taxonomy":"category","embeddable":true,"href":"https:\/\/eloficiodehistoriar.com.mx\/index.php?rest_route=%2Fwp%2Fv2%2Fcategories&post=30282"},{"taxonomy":"post_tag","embeddable":true,"href":"https:\/\/eloficiodehistoriar.com.mx\/index.php?rest_route=%2Fwp%2Fv2%2Ftags&post=30282"}],"curies":[{"name":"wp","href":"https:\/\/api.w.org\/{rel}","templated":true}]}}